{"id":382245,"date":"2021-09-24T14:35:29","date_gmt":"2021-09-24T11:35:29","guid":{"rendered":"http:\/\/arantv.az\/?p=382245"},"modified":"2021-09-24T14:35:29","modified_gmt":"2021-09-24T11:35:29","slug":"taliban-%c9%99fqanistanda-isid-uzvl%c9%99rini-tamamil%c9%99-m%c9%99hv-ed%c9%99c%c9%99yini-aciqladi","status":"publish","type":"post","link":"https:\/\/arantv.az\/?p=382245","title":{"rendered":"\u201cTaliban\u201d \u018ffqan\u0131standa \u0130\u015e\u0130D \u00fczvl\u0259rini tamamil\u0259 m\u0259hv ed\u0259c\u0259yini a\u00e7\u0131qlad\u0131"},"content":{"rendered":"<p>\u201cTaliban\u201d \u018ffqan\u0131standa \u0130\u015e\u0130D qrupla\u015fmas\u0131n\u0131n \u00fczvl\u0259rini tamamil\u0259 m\u0259hv etm\u0259k \u00fc\u00e7\u00fcn t\u0259dbirl\u0259r g\u00f6r\u00fcr.<\/p>\n<p>Bu bar\u0259d\u0259 \u018ffqan\u0131stan\u0131n m\u00fcv\u0259qq\u0259ti h\u00f6kum\u0259tinin m\u0259d\u0259niyy\u0259t v\u0259 informasiya nazirinin m\u00fcavini Zabiullah M\u00fccahid m\u0259lumat verib.<\/p>\n<div id=\"AdviadNativeVideo0\" class=\"AdviadNativeVideo\"><\/div>\n<p>Onun s\u00f6zl\u0259rin\u0259 g\u00f6r\u0259, \u018ffqan\u0131standa \u0130\u015e\u0130D \u00fczvl\u0259rinin say\u0131 \u0259h\u0259miyy\u0259tsiz d\u0259r\u0259c\u0259d\u0259dir, \u00e7\u00fcnki son ill\u0259r \u0259rzind\u0259 C\u0259lalabad v\u0259 Kabil kimi b\u00f6lg\u0259l\u0259rd\u0259 onlar\u0131n i\u015ftirak\u0131n\u0131 azaltmaq m\u00fcmk\u00fcn olub.<\/p>\n<p>M\u00fccahid qeyd edib ki, \u00f6lk\u0259d\u0259 f\u0259al \u015f\u0259kild\u0259 \u0130\u015e\u0130D \u00fczvl\u0259rinin tutularaq \u0259dal\u0259t\u0259 t\u0259slim edil\u0259c\u0259yi il\u0259 n\u0259tic\u0259l\u0259n\u0259n \u0259m\u0259liyyat v\u0259 k\u0259\u015ffiyyat i\u015fl\u0259ri apar\u0131l\u0131r.<\/p>\n<p>M\u0259nb\u0259: \u201cR\u0130A Novosti\u201d<\/p>\n","protected":false},"excerpt":{"rendered":"<p>\u201cTaliban\u201d \u018ffqan\u0131standa \u0130\u015e\u0130D qrupla\u015fmas\u0131n\u0131n \u00fczvl\u0259rini tamamil\u0259 m\u0259hv etm\u0259k \u00fc\u00e7\u00fcn t\u0259dbirl\u0259r g\u00f6r\u00fcr. Bu bar\u0259d\u0259 \u018ffqan\u0131stan\u0131n m\u00fcv\u0259qq\u0259ti h\u00f6kum\u0259tinin m\u0259d\u0259niyy\u0259t v\u0259 informasiya nazirinin m\u00fcavini Zabiullah M\u00fccahid m\u0259lumat verib. Onun s\u00f6zl\u0259rin\u0259 g\u00f6r\u0259, \u018ffqan\u0131standa \u0130\u015e\u0130D \u00fczvl\u0259rinin say\u0131 \u0259h\u0259miyy\u0259tsiz d\u0259r\u0259c\u0259d\u0259dir, \u00e7\u00fcnki son ill\u0259r \u0259rzind\u0259 C\u0259lalabad v\u0259 Kabil kimi b\u00f6lg\u0259l\u0259rd\u0259 onlar\u0131n i\u015ftirak\u0131n\u0131 azaltmaq m\u00fcmk\u00fcn olub. M\u00fccahid qeyd edib ki, \u00f6lk\u0259d\u0259 f\u0259al \u015f\u0259kild\u0259 \u0130\u015e\u0130D \u00fczvl\u0259rinin tutularaq \u0259dal\u0259t\u0259 t\u0259slim edil\u0259c\u0259yi il\u0259 n\u0259tic\u0259l\u0259n\u0259n \u0259m\u0259liyyat v\u0259 k\u0259\u015ffiyyat i\u015fl\u0259ri apar\u0131l\u0131r. M\u0259nb\u0259: \u201cR\u0130A Novosti\u201d<\/p>\n","protected":false},"author":2,"featured_media":382246,"comment_status":"closed","ping_status":"closed","sticky":false,"template":"","format":"standard","meta":{"om_disable_all_campaigns":false,"_monsterinsights_skip_tracking":false,"_monsterinsights_sitenote_active":false,"_monsterinsights_sitenote_note":"","_monsterinsights_sitenote_category":0},"categories":[7],"tags":[],"aioseo_notices":[],"gutentor_comment":0,"rttpg_featured_image_url":{"full":["https:\/\/arantv.az\/wp-content\/uploads\/2021\/09\/FotoJet-57-2.jpg",620,415,false],"landscape":["https:\/\/arantv.az\/wp-content\/uploads\/2021\/09\/FotoJet-57-2.jpg",620,415,false],"portraits":["https:\/\/arantv.az\/wp-content\/uploads\/2021\/09\/FotoJet-57-2.jpg",620,415,false],"thumbnail":["https:\/\/arantv.az\/wp-content\/uploads\/2021\/09\/FotoJet-57-2-500x280.jpg",500,280,true],"medium":["https:\/\/arantv.az\/wp-content\/uploads\/2021\/09\/FotoJet-57-2-545x365.jpg",545,365,true],"large":["https:\/\/arantv.az\/wp-content\/uploads\/2021\/09\/FotoJet-57-2.jpg",620,415,false],"1536x1536":["https:\/\/arantv.az\/wp-content\/uploads\/2021\/09\/FotoJet-57-2.jpg",620,415,false],"2048x2048":["https:\/\/arantv.az\/wp-content\/uploads\/2021\/09\/FotoJet-57-2.jpg",620,415,false],"post-thumbnail":["https:\/\/arantv.az\/wp-content\/uploads\/2021\/09\/FotoJet-57-2-240x172.jpg",240,172,true],"advps-thumb-one":["https:\/\/arantv.az\/wp-content\/uploads\/2021\/09\/FotoJet-57-2.jpg",620,415,false]},"rttpg_author":{"display_name":"V\u00fcsal Rafiqo\u011flu","author_link":"https:\/\/arantv.az\/?author=2"},"rttpg_comment":0,"rttpg_category":"<a href=\"https:\/\/arantv.az\/?cat=7\" rel=\"category\">D\u00fcnya<\/a>","rttpg_excerpt":"\u201cTaliban\u201d \u018ffqan\u0131standa \u0130\u015e\u0130D qrupla\u015fmas\u0131n\u0131n \u00fczvl\u0259rini tamamil\u0259 m\u0259hv etm\u0259k \u00fc\u00e7\u00fcn t\u0259dbirl\u0259r g\u00f6r\u00fcr. Bu bar\u0259d\u0259 \u018ffqan\u0131stan\u0131n m\u00fcv\u0259qq\u0259ti h\u00f6kum\u0259tinin m\u0259d\u0259niyy\u0259t v\u0259 informasiya nazirinin m\u00fcavini Zabiullah M\u00fccahid m\u0259lumat verib. Onun s\u00f6zl\u0259rin\u0259 g\u00f6r\u0259, \u018ffqan\u0131standa \u0130\u015e\u0130D \u00fczvl\u0259rinin say\u0131 \u0259h\u0259miyy\u0259tsiz d\u0259r\u0259c\u0259d\u0259dir, \u00e7\u00fcnki son ill\u0259r \u0259rzind\u0259 C\u0259lalabad v\u0259 Kabil kimi b\u00f6lg\u0259l\u0259rd\u0259 onlar\u0131n i\u015ftirak\u0131n\u0131 azaltmaq m\u00fcmk\u00fcn olub. M\u00fccahid qeyd edib ki, \u00f6lk\u0259d\u0259 f\u0259al \u015f\u0259kild\u0259&hellip;","_links":{"self":[{"href":"https:\/\/arantv.az\/index.php?rest_route=\/wp\/v2\/posts\/382245"}],"collection":[{"href":"https:\/\/arantv.az\/index.php?rest_route=\/wp\/v2\/posts"}],"about":[{"href":"https:\/\/arantv.az\/index.php?rest_route=\/wp\/v2\/types\/post"}],"author":[{"embeddable":true,"href":"https:\/\/arantv.az\/index.php?rest_route=\/wp\/v2\/users\/2"}],"replies":[{"embeddable":true,"href":"https:\/\/arantv.az\/index.php?rest_route=%2Fwp%2Fv2%2Fcomments&post=382245"}],"version-history":[{"count":0,"href":"https:\/\/arantv.az\/index.php?rest_route=\/wp\/v2\/posts\/382245\/revisions"}],"wp:featuredmedia":[{"embeddable":true,"href":"https:\/\/arantv.az\/index.php?rest_route=\/wp\/v2\/media\/382246"}],"wp:attachment":[{"href":"https:\/\/arantv.az\/index.php?rest_route=%2Fwp%2Fv2%2Fmedia&parent=382245"}],"wp:term":[{"taxonomy":"category","embeddable":true,"href":"https:\/\/arantv.az\/index.php?rest_route=%2Fwp%2Fv2%2Fcategories&post=382245"},{"taxonomy":"post_tag","embeddable":true,"href":"https:\/\/arantv.az\/index.php?rest_route=%2Fwp%2Fv2%2Ftags&post=382245"}],"curies":[{"name":"wp","href":"https:\/\/api.w.org\/{rel}","templated":true}]}}