{"id":382252,"date":"2021-09-24T14:52:59","date_gmt":"2021-09-24T11:52:59","guid":{"rendered":"http:\/\/arantv.az\/?p=382252"},"modified":"2021-09-24T14:52:59","modified_gmt":"2021-09-24T11:52:59","slug":"erm%c9%99ni-c%c9%99miyy%c9%99ti-bu-x%c9%99yan%c9%99ti-bagislamayacaq-ir%c9%99vani-qarisdiran-etiraf","status":"publish","type":"post","link":"https:\/\/arantv.az\/?p=382252","title":{"rendered":"&#8220;Erm\u0259ni c\u0259miyy\u0259ti bu x\u0259yan\u0259ti ba\u011f\u0131\u015flamayacaq&#8221; &#8211; \u0130r\u0259van\u0131 qar\u0131\u015fd\u0131ran ET\u0130RAF"},"content":{"rendered":"<p><strong>Az\u0259rbaycan art\u0131q iki g\u00fcnd\u00fcr Erm\u0259nistanla aras\u0131ndak\u0131 informasiya sava\u015f\u0131nda b\u00f6y\u00fck \u00fcst\u00fcnl\u00fcy\u0259 yiy\u0259l\u0259nib. \u0130st\u0259r \u00f6t\u0259n g\u00fcn\u00a0Prezident \u0130lham \u018fliyevin\u00a0BMT Ba\u015f Assambleyas\u0131n\u0131n 76-c\u0131 sessiyas\u0131nda videom\u00fcraci\u0259t format\u0131nda \u00e7\u0131x\u0131\u015f\u0131 zaman\u0131 verdiyi mesajlar, ist\u0259rs\u0259 d\u0259 bu g\u00fcn Rusiyan\u0131n n\u00fcfuzlu &#8220;Nasionalnaya oborona&#8221; jurnal\u0131na m\u00fcsahib\u0259si 44 g\u00fcnl\u00fck m\u00fcharib\u0259d\u0259n sonra regionda yaranan yeni reall\u0131qla ba\u011fl\u0131 son v\u0259ziyy\u0259ti d\u00fcnya ictimaiyy\u0259tinin diqq\u0259tin\u0259 \u00e7atd\u0131rmaq, m\u00f6vcud v\u0259ziyy\u0259tl\u0259 ba\u011fl\u0131 daha d\u0259qiq t\u0259s\u0259vv\u00fcr formala\u015fd\u0131rmaq bax\u0131m\u0131ndan olduqca b\u00f6y\u00fck \u00f6n\u0259m\u0259 malikdir. D\u00f6vl\u0259t ba\u015f\u00e7\u0131s\u0131 sessiyadak\u0131 fikirl\u0259rinin davam\u0131 olaraq Az\u0259rbaycan\u0131n region, b\u00f6lg\u0259 \u00fc\u00e7\u00fcn g\u00f6rd\u00fcy\u00fc i\u015fl\u0259ri v\u0259\u00a0g\u0259l\u0259c\u0259k planlar\u0131 bar\u0259d\u0259 geni\u015f informasiya verib.<\/strong><\/p>\n<p><img src=\"https:\/\/img.milli.az\/2021\/09\/24\/982385_05.jpg\" alt=\"\" \/><\/p>\n<p>\u0130nformasiya sava\u015f\u0131ndak\u0131 bu vacib h\u0259ml\u0259l\u0259rin art\u0131q ilkin c\u00fcc\u0259rtil\u0259ri g\u00f6r\u00fcnm\u0259kd\u0259dir. Bel\u0259 ki, Az\u0259rbaycan Prezidentinin\u00a0tan\u0131nm\u0131\u015f h\u0259rbi ekspert \u0130qor Korot\u00e7enkoya m\u00fcsahib\u0259sinin sonunda dedikl\u0259ri erm\u0259ni c\u0259bh\u0259sind\u0259 birm\u0259nal\u0131 qar\u015f\u0131lanmay\u0131b. \u0130lham \u018fliyevin Rusiya il\u0259 Az\u0259rbaycan aras\u0131nda h\u0259rbi-texniki \u0259m\u0259kda\u015fl\u0131q davam etdiril\u0259c\u0259yi il\u0259 ba\u011fl\u0131 fikirl\u0259ri sosial \u015f\u0259b\u0259k\u0259l\u0259rin erm\u0259ni seqmentini b\u0259rk q\u0259z\u0259bl\u0259ndirib. D\u00f6vl\u0259t ba\u015f\u00e7\u0131s\u0131n\u0131n ona \u00fcnvanlanan suala verdiyi &#8220;Bizd\u0259 b\u00fct\u00fcn istiqam\u0259tl\u0259r \u00fczr\u0259, o c\u00fcml\u0259d\u0259n h\u0259rbi-texniki \u0259m\u0259kda\u015fl\u0131q sah\u0259sind\u0259 i\u015fl\u0259r yax\u015f\u0131 gedir. T\u0259bii ki, indi biz yeni ara\u015fd\u0131rmalara n\u0259z\u0259r sal\u0131r\u0131q, texniki qruplar indi art\u0131q yeni imkanlar\u0131 \u00f6yr\u0259nirl\u0259r, biz b\u0259zi sifari\u015fl\u0259r vermi\u015fik, ona g\u00f6r\u0259 d\u0259 bu istiqam\u0259td\u0259 \u0259m\u0259kda\u015fl\u0131q da inki\u015faf ed\u0259c\u0259k. Bir daha dem\u0259k ist\u0259yir\u0259m, biz \u0259minik ki, \u00f6lk\u0259l\u0259rimiz aras\u0131nda \u0259m\u0259kda\u015fl\u0131q g\u0259l\u0259c\u0259kd\u0259 y\u00fcks\u0259l\u0259n x\u0259tt \u00fczr\u0259 davam ed\u0259c\u0259k&#8221; cavab\u0131 Erm\u0259nistanda z\u0259lz\u0259l\u0259 effekti verib. Erm\u0259nil\u0259r \u0130lham \u018fliyevin bu a\u00e7\u0131qlamas\u0131ndan sonra Az\u0259rbaycan\u0131n Rusiyadan yeni h\u0259rbi texnika almaq \u00fc\u00e7\u00fcn t\u0259klif g\u00f6nd\u0259rdiyini \u00f6yr\u0259ninc\u0259 Rusiya d\u00f6vl\u0259t ba\u015f\u00e7\u0131s\u0131 Vladimir Putinin \u00fcnvan\u0131na t\u0259hqiramiz ifad\u0259l\u0259r s\u0259sl\u0259ndirm\u0259kd\u0259n, Rusiyan\u0131 &#8220;satq\u0131n&#8221; adland\u0131rmaq bel\u0259 \u00e7\u0259kinm\u0259yibl\u0259r.<\/p>\n<p><img src=\"https:\/\/img.milli.az\/2021\/09\/24\/982385_)3.jpg\" alt=\"\" \/><\/p>\n<p>\u018fn b\u00f6y\u00fck havadar\u0131 v\u0259 m\u00fctt\u0259fiqi, h\u0259tta II Qaraba\u011f m\u00fcharib\u0259sind\u0259 xilaskar\u0131na \u00e7evril\u0259n Moskvan\u0131n \u00fcnvan\u0131na &#8220;Erm\u0259ni c\u0259miyy\u0259ti bel\u0259 bir x\u0259yan\u0259ti ba\u011f\u0131\u015flamayacaq&#8221; ifad\u0259sini \u00e7ox rahatl\u0131qla i\u015fl\u0259d\u0259n erm\u0259nil\u0259r unudurlar ki, \u0259g\u0259r Erm\u0259nistan Rusiya \u00fc\u00e7\u00fcn bir t\u0259zyiq vasit\u0259si, &#8220;ma\u015fa&#8221; funksiyas\u0131n\u0131 yerin\u0259 yetirirs\u0259, Az\u0259rbaycan Moskvan\u0131n \u0259n etibarl\u0131 t\u0259r\u0259fda\u015f\u0131 oldu\u011funu d\u0259f\u0259l\u0259rl\u0259 t\u0259sdiq edib v\u0259 Kreml r\u0259hb\u0259rliyi Erm\u0259nistana g\u00f6r\u0259 Az\u0259rbaycan kimi qon\u015funu itirm\u0259yi n\u0259yinki g\u00f6z\u0259 almaq ist\u0259mir, haz\u0131rki situasiyada r\u0259smi Bak\u0131 il\u0259 m\u00fcnasib\u0259tl\u0259rin korlanmas\u0131nda maraql\u0131 da deyil. Amma Erm\u0259nistanda &#8220;Kremlin n\u00f6vb\u0259ti x\u0259yan\u0259ti&#8221; kimi adland\u0131r\u0131lan bu add\u0131m\u0131n p\u0259rd\u0259arxas\u0131na n\u0259z\u0259r salsaq, ba\u015fqa m\u0259qamlar da \u00fcz\u0259 \u00e7\u0131x\u0131r. Bel\u0259 ki, Rusiya-Az\u0259rbaycan\u00a0h\u0259rbi-texniki \u0259m\u0259kda\u015fl\u0131\u011f\u0131n\u0131n\u00a0davam etdiril\u0259c\u0259yini erm\u0259nil\u0259r d\u0259 g\u00f6z\u0259l anlay\u0131rd\u0131lar. \u00c7\u00fcnki Az\u0259rbaycan Rusiya il\u0259 yox, Erm\u0259nistanla m\u00fcharib\u0259 apard\u0131, \u00e7\u00fcnki 44 g\u00fcnl\u00fck m\u00fcharib\u0259 zaman\u0131 ist\u0259r Rusiya, ist\u0259rs\u0259 d\u0259 onun r\u0259hb\u0259rlik etdiyi KTMT neytrall\u0131\u011f\u0131n\u0131 qoruyub saxlad\u0131. Prezident \u0130lham \u018fliyevin d\u0259 \u00f6z m\u00fcsahib\u0259sind\u0259 qeyd etdiyi kimi, onlar da anlay\u0131rd\u0131lar ki, bu sava\u015f Az\u0259rbaycan\u0131n \u0259razisind\u0259 gedir: &#8220;H\u0259r\u00e7\u0259nd, Rusiyan\u0131n m\u00f6vqeyi beyn\u0259lxalq h\u00fcquqa tam m\u00fcvafiq idi, \u00e7\u00fcnki h\u0259rbi \u0259m\u0259liyyatlar Kollektiv T\u0259hl\u00fck\u0259sizlik M\u00fcqavil\u0259si T\u0259\u015fkilat\u0131n\u0131n (KTMT) m\u0259suliyy\u0259tind\u0259 olan zonada deyil, Az\u0259rbaycan \u0259razisind\u0259 apar\u0131l\u0131rd\u0131, erm\u0259nil\u0259r \u00f6zl\u0259ri bunu \u00e7ox g\u00f6z\u0259l bilm\u0259li idil\u0259r&#8221;. 3 il \u0259vv\u0259l Nikol Pa\u015finyan\u0131n hakimiyy\u0259t\u0259 g\u0259lm\u0259si il\u0259 Erm\u0259nistan\u0131 Q\u0259rb\u0259 inteqrasiya etdirm\u0259k m\u0259qs\u0259dil\u0259\u00a0b\u00fct\u00fcn imkanlar\u0131n\u0131 s\u0259f\u0259rb\u0259r ed\u0259n ba\u015f nazir v\u0259 komandas\u0131 \u00fc\u00e7\u00fcn Rusiyan\u0131 &#8220;vurmaq&#8221;\u00a0\u00fc\u00e7\u00fcn Az\u0259rbaycanla h\u0259rbi \u0259m\u0259kda\u015fl\u0131q istiqam\u0259tind\u0259 yeni add\u0131mlar\u0131 \u0130r\u0259vana f\u00fcrs\u0259t kimi g\u00f6r\u00fcn\u0259 bil\u0259r. Buradan da bir daha m\u0259lum olur ki, Erm\u0259nistan ist\u0259nil\u0259n an Rusiyan\u0131 bir g\u00f6z q\u0131rp\u0131m\u0131nda &#8220;satma\u011fa&#8221;, z\u0259rb\u0259 qar\u015f\u0131s\u0131nda qoyma\u011fa haz\u0131rd\u0131r. \u00c7ox g\u00fcman ki, Kreml d\u0259 bunun f\u0259rqind\u0259dir.<\/p>\n<p>C\u0259nubi Qafqazda perspektivl\u0259ri, v\u0259ziyy\u0259t d\u0259y\u0259rl\u0259ndir\u0259n d\u00f6vl\u0259t ba\u015f\u00e7\u0131s\u0131 b\u00fct\u00fcn bunlar\u0131n\u00a0\u0259sas\u0259n erm\u0259ni t\u0259r\u0259fin m\u00f6vqeyind\u0259n as\u0131l\u0131 oldu\u011funu bildirib:\u00a0Biz \u00f6z m\u00f6vqeyimizi bildirmi\u015fik. Biz d\u00f6vl\u0259t s\u0259rh\u0259dinin delimitasiyas\u0131 prosesin\u0259 ba\u015flama\u011fa haz\u0131r\u0131q. Biz Erm\u0259nistan il\u0259 Az\u0259rbaycan aras\u0131nda s\u00fclh m\u00fcqavil\u0259si \u00fcz\u0259rind\u0259 i\u015f\u0259 ba\u015flama\u011fa haz\u0131r\u0131q. \u00c7\u00fcnki bu m\u00fcqavil\u0259 laz\u0131md\u0131r. M\u00fcharib\u0259 qurtar\u0131b, Da\u011fl\u0131q Qaraba\u011f m\u00fcnaqi\u015f\u0259si tarixd\u0259 qal\u0131b, \u00f6z\u00fc d\u0259 h\u0259mi\u015f\u0259lik. Buna g\u00f6r\u0259 normal qar\u015f\u0131l\u0131ql\u0131 \u0259laq\u0259l\u0259r yaratmaq laz\u0131md\u0131r&#8221;.<\/p>\n<p><img src=\"https:\/\/img.milli.az\/2021\/09\/24\/982385_)2.jpg\" alt=\"\" \/><\/p>\n<p>Az\u0259rbaycan\u0131n\u00a0m\u00fcnasib\u0259tl\u0259rin normalla\u015fd\u0131r\u0131lmas\u0131 istiqam\u0259tind\u0259 ir\u0259lil\u0259m\u0259y\u0259 haz\u0131r oldu\u011funu bir daha qeyd ed\u0259n d\u00f6vl\u0259t ba\u015f\u00e7\u0131s\u0131,\u00a0erm\u0259ni t\u0259r\u0259fd\u0259n buna qar\u015f\u0131l\u0131q olaraq h\u0259l\u0259 d\u0259 h\u0259r hans\u0131 bir m\u00fcsb\u0259t siqnal\u0131n olmad\u0131\u011f\u0131n\u0131 diqq\u0259t\u0259 \u00e7atd\u0131r\u0131b:\u00a0&#8220;T\u0259\u0259ss\u00fcf ki, h\u0259l\u0259 d\u0259 &#8220;Da\u011fl\u0131q Qaraba\u011f&#8221;\u0131n statusu bar\u0259d\u0259 m\u0259s\u0259l\u0259l\u0259r qald\u0131r\u0131l\u0131r, bu is\u0259 tamamil\u0259 perspektivsiz v\u0259 m\u0259nim fikrimc\u0259, Erm\u0259nistan\u0131n haz\u0131rk\u0131 faci\u0259vi v\u0259ziyy\u0259tind\u0259 onun \u00fc\u00e7\u00fcn z\u0259r\u0259rli v\u0259 t\u0259hl\u00fck\u0259lidir. \u00c7\u00fcnki onlar \u0130kinci Qaraba\u011f m\u00fcharib\u0259sinin d\u0259rsl\u0259rini unutmamal\u0131d\u0131rlar. \u018fg\u0259r Erm\u0259nistan Az\u0259rbaycana qar\u015f\u0131 \u0259razi iddialar\u0131n\u0131 davam etdirs\u0259, Az\u0259rbaycan\u0131n Erm\u0259nistana qar\u015f\u0131 \u0259razi iddialar\u0131ndan \u00e7\u0259kinm\u0259si \u00e7\u0259tin olacaq&#8221;. Bununla da Prezident \u0130lham \u018fliyev r\u0259smi \u0130r\u0259vana, revan\u015fist q\u00fcvv\u0259l\u0259r\u0259 ritorikalar\u0131ndan yerli-dibli \u0259l \u00e7\u0259kib, yeni reall\u0131\u011f\u0131 q\u0259bul ed\u0259r\u0259k n\u0259 q\u0259d\u0259r ki, gec deyil,\u00a0qon\u015fuluq prinsipl\u0259ri \u0259sas\u0131nda regionun s\u00fclh, \u0259minamanl\u0131q, sabit \u015f\u0259raitd\u0259 inki\u015faf\u0131 namin\u0259 \u0259m\u0259kda\u015fl\u0131q perespektivl\u0259rini q\u0259bul etm\u0259y\u0259 \u00e7a\u011f\u0131r\u0131b.<\/p>\n<p>O, bir daha revan\u015fist q\u00fcvv\u0259l\u0259r\u0259\u00a0&#8220;Da\u011fl\u0131q Qaraba\u011f yoxdur. Qaraba\u011f iqtisadi rayonu var, \u015e\u0259rqi Z\u0259ng\u0259zur iqtisadi rayonu var. Bunlar bizim \u0259razidir v\u0259 bizd\u0259 hans\u0131 inzibati vahidl\u0259rin ola bil\u0259c\u0259yini biz m\u00fc\u0259yy\u0259n etm\u0259liyik. Yaln\u0131z biz etm\u0259liyik, bizd\u0259n ba\u015fqa he\u00e7 kim, he\u00e7 bir \u00f6lk\u0259, x\u00fcsus\u0259n Erm\u0259nistan bunu ed\u0259 bilm\u0259z&#8221; dem\u0259kl\u0259 \u0259razi iddias\u0131ndan \u0259l \u00e7\u0259km\u0259l\u0259rinin onlar \u00fc\u00e7\u00fcn \u0259n do\u011fru yol olaca\u011f\u0131 m\u00fcsaj\u0131n\u0131 verib. Prezident bu mesaj\u0131 il\u0259 qar\u015f\u0131 t\u0259r\u0259fi status bar\u0259d\u0259 v\u0259 Da\u011fl\u0131q Qaraba\u011f bar\u0259d\u0259 bu \u00e7eyn\u0259nilmi\u015f s\u00f6zl\u0259rd\u0259n tez-tez istifad\u0259 etm\u0259yin\u00a0Erm\u0259nistan \u00fc\u00e7\u00fcn ancaq b\u00f6y\u00fck t\u0259hl\u00fck\u0259 m\u0259nb\u0259yi ola bil\u0259c\u0259yini x\u0259b\u0259rdarl\u0131\u011f\u0131n\u0131 edib.<\/p>\n<p><img src=\"https:\/\/img.milli.az\/2021\/09\/24\/982385_01.jpg\" alt=\"\" \/><\/p>\n<p>\u0130lham \u018fliyev V\u0259t\u0259n m\u00fcharib\u0259sinin 1-ci il d\u00f6n\u00fcm\u00fc \u0259r\u0259f\u0259sind\u0259 a\u011f\u0131r m\u0259\u011flubiyy\u0259tin f\u0259sadlar\u0131n\u0131 \u00fcz\u0259rind\u0259n ata bilm\u0259y\u0259n Erm\u0259nistan\u0131 revan\u015f x\u00fclyas\u0131ndan \u0259l \u00e7\u0259km\u0259y\u0259c\u0259yi t\u0259qdird\u0259 daha a\u011f\u0131r v\u0259ziyy\u0259tin g\u00f6zl\u0259diyini a\u00e7\u0131q b\u0259yan edib: &#8220;Yax\u015f\u0131 olar ki, bizi q\u0259z\u0259bl\u0259ndirm\u0259sinl\u0259r, q\u0131c\u0131qland\u0131rmas\u0131nlar, n\u0259 q\u0259d\u0259r ki, bizim t\u0259klifimiz masa \u00fcz\u0259rind\u0259dir, onunla raz\u0131la\u015fs\u0131nlar. \u018fks halda, m\u00fcharib\u0259 d\u00f6vr\u00fcnd\u0259 olanlar t\u0259krarlana bil\u0259r. Ax\u0131, biz vaxt\u0131nda dayanma\u011f\u0131 t\u0259klif edirdik. Biz k\u00f6n\u00fcll\u00fc \u015f\u0259kild\u0259 \u00e7\u0131xmalar\u0131n\u0131 t\u0259klif edirdik, lakin onlar raz\u0131la\u015fmad\u0131lar v\u0259 indi n\u0259tic\u0259sini g\u00f6r\u00fcrl\u0259r. Eyni v\u0259ziyy\u0259t bu d\u0259f\u0259 d\u0259 yarana bil\u0259r&#8221;. Bununla da Az\u0259rbaycan lideri Erm\u0259nistan\u0131n t\u0259xribat\u0131ardan v\u0259 10 noyabr \u00fc\u00e7t\u0259r\u0259fli b\u0259yanat\u0131nda n\u0259z\u0259rd\u0259 tutulan b\u0259ndl\u0259rin icras\u0131n\u0131 l\u0259ngitm\u0259k, icra etm\u0259m\u0259k \u00fc\u00e7\u00fcn m\u00fcxt\u0259lif manipulyativ add\u0131mlardan \u0259l \u00e7\u0259km\u0259y\u0259c\u0259kl\u0259ri halda b\u00f6lg\u0259d\u0259 n\u00f6vb\u0259ti irimiqyasl\u0131 h\u0259rbi \u0259m\u0259liyyatlar\u0131n ba\u015flayaca\u011f\u0131n\u0131 istisna etm\u0259yib.<\/p>\n<p>Az\u0259rbaycan 1 il bundan \u0259vv\u0259l oldu\u011fu kimi, yen\u0259 d\u00fcnya ictimiyy\u0259tinin, beyn\u0259lxalq t\u0259\u015fkilatlar\u0131n g\u00f6z\u00fc \u00f6n\u00fcnd\u0259 Erm\u0259nistana n\u00f6vb\u0259ti x\u0259b\u0259rdarl\u0131qlar\u0131n\u0131 etdi. Bundan sonrak\u0131 prosesl\u0259rin hans\u0131 m\u0259crada davam ed\u0259c\u0259yi is\u0259 he\u00e7 \u015f\u00fcbh\u0259siz ki, r\u0259smi \u0130r\u0259van\u0131n ver\u0259c\u0259yi q\u0259rardan, ataca\u011f\u0131 add\u0131mdan as\u0131l\u0131d\u0131r.<\/p>\n","protected":false},"excerpt":{"rendered":"<p>Az\u0259rbaycan art\u0131q iki g\u00fcnd\u00fcr Erm\u0259nistanla aras\u0131ndak\u0131 informasiya sava\u015f\u0131nda b\u00f6y\u00fck \u00fcst\u00fcnl\u00fcy\u0259 yiy\u0259l\u0259nib. \u0130st\u0259r \u00f6t\u0259n g\u00fcn\u00a0Prezident \u0130lham \u018fliyevin\u00a0BMT Ba\u015f Assambleyas\u0131n\u0131n 76-c\u0131 sessiyas\u0131nda videom\u00fcraci\u0259t format\u0131nda \u00e7\u0131x\u0131\u015f\u0131 zaman\u0131 verdiyi mesajlar, ist\u0259rs\u0259 d\u0259 bu g\u00fcn Rusiyan\u0131n n\u00fcfuzlu &#8220;Nasionalnaya oborona&#8221; jurnal\u0131na m\u00fcsahib\u0259si 44 g\u00fcnl\u00fck m\u00fcharib\u0259d\u0259n sonra regionda yaranan yeni reall\u0131qla ba\u011fl\u0131 son v\u0259ziyy\u0259ti d\u00fcnya ictimaiyy\u0259tinin diqq\u0259tin\u0259 \u00e7atd\u0131rmaq, m\u00f6vcud v\u0259ziyy\u0259tl\u0259 ba\u011fl\u0131 daha d\u0259qiq t\u0259s\u0259vv\u00fcr formala\u015fd\u0131rmaq bax\u0131m\u0131ndan olduqca b\u00f6y\u00fck \u00f6n\u0259m\u0259 malikdir. D\u00f6vl\u0259t ba\u015f\u00e7\u0131s\u0131 sessiyadak\u0131 fikirl\u0259rinin davam\u0131 olaraq Az\u0259rbaycan\u0131n region, b\u00f6lg\u0259 \u00fc\u00e7\u00fcn g\u00f6rd\u00fcy\u00fc i\u015fl\u0259ri v\u0259\u00a0g\u0259l\u0259c\u0259k planlar\u0131 bar\u0259d\u0259 geni\u015f informasiya verib. \u0130nformasiya sava\u015f\u0131ndak\u0131 bu vacib h\u0259ml\u0259l\u0259rin art\u0131q ilkin c\u00fcc\u0259rtil\u0259ri g\u00f6r\u00fcnm\u0259kd\u0259dir.&hellip;<\/p>\n","protected":false},"author":2,"featured_media":382253,"comment_status":"closed","ping_status":"closed","sticky":false,"template":"","format":"standard","meta":{"om_disable_all_campaigns":false,"_monsterinsights_skip_tracking":false,"_monsterinsights_sitenote_active":false,"_monsterinsights_sitenote_note":"","_monsterinsights_sitenote_category":0},"categories":[4],"tags":[],"aioseo_notices":[],"gutentor_comment":0,"rttpg_featured_image_url":{"full":["https:\/\/arantv.az\/wp-content\/uploads\/2021\/09\/prezidentler_ia_vp.png",759,509,false],"landscape":["https:\/\/arantv.az\/wp-content\/uploads\/2021\/09\/prezidentler_ia_vp.png",759,509,false],"portraits":["https:\/\/arantv.az\/wp-content\/uploads\/2021\/09\/prezidentler_ia_vp.png",759,509,false],"thumbnail":["https:\/\/arantv.az\/wp-content\/uploads\/2021\/09\/prezidentler_ia_vp-500x280.png",500,280,true],"medium":["https:\/\/arantv.az\/wp-content\/uploads\/2021\/09\/prezidentler_ia_vp-544x365.png",544,365,true],"large":["https:\/\/arantv.az\/wp-content\/uploads\/2021\/09\/prezidentler_ia_vp.png",640,429,false],"1536x1536":["https:\/\/arantv.az\/wp-content\/uploads\/2021\/09\/prezidentler_ia_vp.png",759,509,false],"2048x2048":["https:\/\/arantv.az\/wp-content\/uploads\/2021\/09\/prezidentler_ia_vp.png",759,509,false],"post-thumbnail":["https:\/\/arantv.az\/wp-content\/uploads\/2021\/09\/prezidentler_ia_vp-240x172.png",240,172,true],"advps-thumb-one":["https:\/\/arantv.az\/wp-content\/uploads\/2021\/09\/prezidentler_ia_vp.png",759,509,false]},"rttpg_author":{"display_name":"V\u00fcsal Rafiqo\u011flu","author_link":"https:\/\/arantv.az\/?author=2"},"rttpg_comment":0,"rttpg_category":"<a href=\"https:\/\/arantv.az\/?cat=4\" rel=\"category\">Siyas\u0259t<\/a>","rttpg_excerpt":"Az\u0259rbaycan art\u0131q iki g\u00fcnd\u00fcr Erm\u0259nistanla aras\u0131ndak\u0131 informasiya sava\u015f\u0131nda b\u00f6y\u00fck \u00fcst\u00fcnl\u00fcy\u0259 yiy\u0259l\u0259nib. \u0130st\u0259r \u00f6t\u0259n g\u00fcn\u00a0Prezident \u0130lham \u018fliyevin\u00a0BMT Ba\u015f Assambleyas\u0131n\u0131n 76-c\u0131 sessiyas\u0131nda videom\u00fcraci\u0259t format\u0131nda \u00e7\u0131x\u0131\u015f\u0131 zaman\u0131 verdiyi mesajlar, ist\u0259rs\u0259 d\u0259 bu g\u00fcn Rusiyan\u0131n n\u00fcfuzlu &#8220;Nasionalnaya oborona&#8221; jurnal\u0131na m\u00fcsahib\u0259si 44 g\u00fcnl\u00fck m\u00fcharib\u0259d\u0259n sonra regionda yaranan yeni reall\u0131qla ba\u011fl\u0131 son v\u0259ziyy\u0259ti d\u00fcnya ictimaiyy\u0259tinin diqq\u0259tin\u0259 \u00e7atd\u0131rmaq, m\u00f6vcud v\u0259ziyy\u0259tl\u0259 ba\u011fl\u0131 daha&hellip;","_links":{"self":[{"href":"https:\/\/arantv.az\/index.php?rest_route=\/wp\/v2\/posts\/382252"}],"collection":[{"href":"https:\/\/arantv.az\/index.php?rest_route=\/wp\/v2\/posts"}],"about":[{"href":"https:\/\/arantv.az\/index.php?rest_route=\/wp\/v2\/types\/post"}],"author":[{"embeddable":true,"href":"https:\/\/arantv.az\/index.php?rest_route=\/wp\/v2\/users\/2"}],"replies":[{"embeddable":true,"href":"https:\/\/arantv.az\/index.php?rest_route=%2Fwp%2Fv2%2Fcomments&post=382252"}],"version-history":[{"count":0,"href":"https:\/\/arantv.az\/index.php?rest_route=\/wp\/v2\/posts\/382252\/revisions"}],"wp:featuredmedia":[{"embeddable":true,"href":"https:\/\/arantv.az\/index.php?rest_route=\/wp\/v2\/media\/382253"}],"wp:attachment":[{"href":"https:\/\/arantv.az\/index.php?rest_route=%2Fwp%2Fv2%2Fmedia&parent=382252"}],"wp:term":[{"taxonomy":"category","embeddable":true,"href":"https:\/\/arantv.az\/index.php?rest_route=%2Fwp%2Fv2%2Fcategories&post=382252"},{"taxonomy":"post_tag","embeddable":true,"href":"https:\/\/arantv.az\/index.php?rest_route=%2Fwp%2Fv2%2Ftags&post=382252"}],"curies":[{"name":"wp","href":"https:\/\/api.w.org\/{rel}","templated":true}]}}