{"id":382261,"date":"2021-09-24T15:06:00","date_gmt":"2021-09-24T12:06:00","guid":{"rendered":"http:\/\/arantv.az\/?p=382261"},"modified":"2021-09-24T15:06:00","modified_gmt":"2021-09-24T12:06:00","slug":"qafqaz-sahinini-ovlayan-baki-sakini-c%c9%99zalandirildi","status":"publish","type":"post","link":"https:\/\/arantv.az\/?p=382261","title":{"rendered":"Qafqaz \u015fahinini ovlayan Bak\u0131 sakini c\u0259zaland\u0131r\u0131ld\u0131"},"content":{"rendered":"<p>D\u00f6vl\u0259t Ekoloji T\u0259hl\u00fck\u0259sizlik Xidm\u0259tinin \u0259m\u0259kda\u015flar\u0131 t\u0259r\u0259find\u0259n ke\u00e7iril\u0259n n\u0259zar\u0259t t\u0259dbirl\u0259ri zaman\u0131 \u015eabran rayonu \u0259razisind\u0259 ov ed\u0259n \u015f\u0259xs saxlan\u0131l\u0131b.<\/p>\n<p>Xidm\u0259t r\u0259smisi B\u0259hruz M\u0259h\u0259mm\u0259dov bildirib ki, brakonyer\u0259 m\u0259xsus 99-UU-811 d\u00f6vl\u0259t n\u00f6mr\u0259 ni\u015fanl\u0131 \u201cN\u0130VA\u201d markal\u0131 avtomobil\u0259\u00a0ke\u00e7iril\u0259n bax\u0131\u015f zaman\u0131 v\u0259h\u015fi t\u0259bi\u0259td\u0259n tutulmu\u015f diri v\u0259ziyy\u0259td\u0259 ad\u0131 \u201cQ\u0131rm\u0131z\u0131 kitab\u201da d\u00fc\u015f\u0259n Qafqaz \u015fahini a\u015fkar edilib:<\/p>\n<p>\u201cAra\u015fd\u0131rma zaman\u0131 qanun pozucusunun Bak\u0131 \u015f\u0259h\u0259r sakini \u0130lkin \u018fc\u0259mov oldu\u011fu m\u00fc\u0259yy\u0259n edilib. Faktla ba\u011fl\u0131 qanun pozucusu bar\u0259sind\u0259 protokol t\u0259rtib olunub v\u0259 qanunam\u00fcvafiq t\u0259dbirl\u0259r g\u00f6r\u00fcl\u00fcb\u201d.<\/p>\n<p>B.M\u0259h\u0259mm\u0259dovun s\u00f6zl\u0259rin\u0259 g\u00f6r\u0259, baytar n\u0259zar\u0259tind\u0259n sonra qu\u015f t\u0259bi\u0259t\u0259 burax\u0131l\u0131b.<\/p>\n","protected":false},"excerpt":{"rendered":"<p>D\u00f6vl\u0259t Ekoloji T\u0259hl\u00fck\u0259sizlik Xidm\u0259tinin \u0259m\u0259kda\u015flar\u0131 t\u0259r\u0259find\u0259n ke\u00e7iril\u0259n n\u0259zar\u0259t t\u0259dbirl\u0259ri zaman\u0131 \u015eabran rayonu \u0259razisind\u0259 ov ed\u0259n \u015f\u0259xs saxlan\u0131l\u0131b. Xidm\u0259t r\u0259smisi B\u0259hruz M\u0259h\u0259mm\u0259dov bildirib ki, brakonyer\u0259 m\u0259xsus 99-UU-811 d\u00f6vl\u0259t n\u00f6mr\u0259 ni\u015fanl\u0131 \u201cN\u0130VA\u201d markal\u0131 avtomobil\u0259\u00a0ke\u00e7iril\u0259n bax\u0131\u015f zaman\u0131 v\u0259h\u015fi t\u0259bi\u0259td\u0259n tutulmu\u015f diri v\u0259ziyy\u0259td\u0259 ad\u0131 \u201cQ\u0131rm\u0131z\u0131 kitab\u201da d\u00fc\u015f\u0259n Qafqaz \u015fahini a\u015fkar edilib: \u201cAra\u015fd\u0131rma zaman\u0131 qanun pozucusunun Bak\u0131 \u015f\u0259h\u0259r sakini \u0130lkin \u018fc\u0259mov oldu\u011fu m\u00fc\u0259yy\u0259n edilib. Faktla ba\u011fl\u0131 qanun pozucusu bar\u0259sind\u0259 protokol t\u0259rtib olunub v\u0259 qanunam\u00fcvafiq t\u0259dbirl\u0259r g\u00f6r\u00fcl\u00fcb\u201d. B.M\u0259h\u0259mm\u0259dovun s\u00f6zl\u0259rin\u0259 g\u00f6r\u0259, baytar n\u0259zar\u0259tind\u0259n sonra qu\u015f t\u0259bi\u0259t\u0259 burax\u0131l\u0131b.<\/p>\n","protected":false},"author":2,"featured_media":382262,"comment_status":"closed","ping_status":"closed","sticky":false,"template":"","format":"standard","meta":{"om_disable_all_campaigns":false,"_monsterinsights_skip_tracking":false,"_monsterinsights_sitenote_active":false,"_monsterinsights_sitenote_note":"","_monsterinsights_sitenote_category":0},"categories":[26],"tags":[],"aioseo_notices":[],"gutentor_comment":0,"rttpg_featured_image_url":{"full":["https:\/\/arantv.az\/wp-content\/uploads\/2021\/09\/FotoJet-2021-09-24T152116.138.jpg",620,413,false],"landscape":["https:\/\/arantv.az\/wp-content\/uploads\/2021\/09\/FotoJet-2021-09-24T152116.138.jpg",620,413,false],"portraits":["https:\/\/arantv.az\/wp-content\/uploads\/2021\/09\/FotoJet-2021-09-24T152116.138.jpg",620,413,false],"thumbnail":["https:\/\/arantv.az\/wp-content\/uploads\/2021\/09\/FotoJet-2021-09-24T152116.138-500x280.jpg",500,280,true],"medium":["https:\/\/arantv.az\/wp-content\/uploads\/2021\/09\/FotoJet-2021-09-24T152116.138-548x365.jpg",548,365,true],"large":["https:\/\/arantv.az\/wp-content\/uploads\/2021\/09\/FotoJet-2021-09-24T152116.138.jpg",620,413,false],"1536x1536":["https:\/\/arantv.az\/wp-content\/uploads\/2021\/09\/FotoJet-2021-09-24T152116.138.jpg",620,413,false],"2048x2048":["https:\/\/arantv.az\/wp-content\/uploads\/2021\/09\/FotoJet-2021-09-24T152116.138.jpg",620,413,false],"post-thumbnail":["https:\/\/arantv.az\/wp-content\/uploads\/2021\/09\/FotoJet-2021-09-24T152116.138-240x172.jpg",240,172,true],"advps-thumb-one":["https:\/\/arantv.az\/wp-content\/uploads\/2021\/09\/FotoJet-2021-09-24T152116.138.jpg",620,413,false]},"rttpg_author":{"display_name":"V\u00fcsal Rafiqo\u011flu","author_link":"https:\/\/arantv.az\/?author=2"},"rttpg_comment":0,"rttpg_category":"<a href=\"https:\/\/arantv.az\/?cat=26\" rel=\"category\">Sosial<\/a>","rttpg_excerpt":"D\u00f6vl\u0259t Ekoloji T\u0259hl\u00fck\u0259sizlik Xidm\u0259tinin \u0259m\u0259kda\u015flar\u0131 t\u0259r\u0259find\u0259n ke\u00e7iril\u0259n n\u0259zar\u0259t t\u0259dbirl\u0259ri zaman\u0131 \u015eabran rayonu \u0259razisind\u0259 ov ed\u0259n \u015f\u0259xs saxlan\u0131l\u0131b. Xidm\u0259t r\u0259smisi B\u0259hruz M\u0259h\u0259mm\u0259dov bildirib ki, brakonyer\u0259 m\u0259xsus 99-UU-811 d\u00f6vl\u0259t n\u00f6mr\u0259 ni\u015fanl\u0131 \u201cN\u0130VA\u201d markal\u0131 avtomobil\u0259\u00a0ke\u00e7iril\u0259n bax\u0131\u015f zaman\u0131 v\u0259h\u015fi t\u0259bi\u0259td\u0259n tutulmu\u015f diri v\u0259ziyy\u0259td\u0259 ad\u0131 \u201cQ\u0131rm\u0131z\u0131 kitab\u201da d\u00fc\u015f\u0259n Qafqaz \u015fahini a\u015fkar edilib: \u201cAra\u015fd\u0131rma zaman\u0131 qanun pozucusunun Bak\u0131 \u015f\u0259h\u0259r sakini \u0130lkin&hellip;","_links":{"self":[{"href":"https:\/\/arantv.az\/index.php?rest_route=\/wp\/v2\/posts\/382261"}],"collection":[{"href":"https:\/\/arantv.az\/index.php?rest_route=\/wp\/v2\/posts"}],"about":[{"href":"https:\/\/arantv.az\/index.php?rest_route=\/wp\/v2\/types\/post"}],"author":[{"embeddable":true,"href":"https:\/\/arantv.az\/index.php?rest_route=\/wp\/v2\/users\/2"}],"replies":[{"embeddable":true,"href":"https:\/\/arantv.az\/index.php?rest_route=%2Fwp%2Fv2%2Fcomments&post=382261"}],"version-history":[{"count":0,"href":"https:\/\/arantv.az\/index.php?rest_route=\/wp\/v2\/posts\/382261\/revisions"}],"wp:featuredmedia":[{"embeddable":true,"href":"https:\/\/arantv.az\/index.php?rest_route=\/wp\/v2\/media\/382262"}],"wp:attachment":[{"href":"https:\/\/arantv.az\/index.php?rest_route=%2Fwp%2Fv2%2Fmedia&parent=382261"}],"wp:term":[{"taxonomy":"category","embeddable":true,"href":"https:\/\/arantv.az\/index.php?rest_route=%2Fwp%2Fv2%2Fcategories&post=382261"},{"taxonomy":"post_tag","embeddable":true,"href":"https:\/\/arantv.az\/index.php?rest_route=%2Fwp%2Fv2%2Ftags&post=382261"}],"curies":[{"name":"wp","href":"https:\/\/api.w.org\/{rel}","templated":true}]}}