{"id":382520,"date":"2021-09-25T10:03:26","date_gmt":"2021-09-25T07:03:26","guid":{"rendered":"http:\/\/arantv.az\/?p=382520"},"modified":"2021-09-25T10:03:26","modified_gmt":"2021-09-25T07:03:26","slug":"s%c9%99hid-anasinin-son-arzusu-ist%c9%99yir%c9%99m-ki-oglumun-m%c9%99zari-b%c9%99rpa-edilsin","status":"publish","type":"post","link":"https:\/\/arantv.az\/?p=382520","title":{"rendered":"\u015e\u0259hid anas\u0131n\u0131n son arzusu: &#8220;ist\u0259yir\u0259m ki, o\u011flumun m\u0259zar\u0131 b\u0259rpa edilsin&#8221;"},"content":{"rendered":"<p><strong>Birinci Qaraba\u011f sava\u015f\u0131n\u0131n \u0259n g\u0259nc \u015f\u0259hidl\u0259rind\u0259n biri d\u0259 Tovuz rayonun Yuxar\u0131 \u00d6ys\u00fczl\u00fc k\u0259nd sakini \u015eirinov Azad M\u0259mm\u0259d o\u011fludur.<\/strong><\/p>\n<p>1976-c\u0131 il do\u011fumlu Azad \u015eirinov 18 ya\u015f\u0131nda h\u0259rbi xidm\u0259t\u0259 yolan\u0131b. G\u0259nc ya\u015fda &#8211; 1993-c\u00fc ild\u0259 \u00f6z\u00fcn\u00fc q\u0131z\u011f\u0131n sava\u015f\u0131n ortas\u0131nda tapan Azad \u015eirinov m\u00fcharib\u0259 d\u00f6vr\u00fcnd\u0259 b\u00f6y\u00fck q\u0259hr\u0259manl\u0131q g\u00f6st\u0259rib.<\/p>\n<p><strong>Azad \u015eirinov h\u0259rbi xidm\u0259t boyu G\u0259nc\u0259d\u0259, T\u0259rt\u0259rd\u0259, Ming\u0259\u00e7evird\u0259, A\u011fcab\u0259did\u0259 xidm\u0259t ke\u00e7ib. Sonuncu d\u0259f\u0259 is\u0259 A\u011fdam\u0131n \u018ff\u0259tli k\u0259ndind\u0259 xidm\u0259tini davam etdirib v\u0259 orada \u015f\u0259hid olub.<\/strong><\/p>\n<p><strong>3 il\u0259 yax\u0131n d\u00f6y\u00fc\u015fl\u0259rd\u0259 i\u015ftirak ed\u0259n Azad \u015eirinovu bu m\u00fcdd\u0259t \u0259rzind\u0259 bir ne\u00e7\u0259 d\u0259f\u0259 anas\u0131 ziyar\u0259t ed\u0259 bilib.<\/strong><\/p>\n<p>\u015e\u0259hidimizin anas\u0131 Sofiya \u015eirinova o\u011flu h\u0259rbi xidm\u0259td\u0259 olan zaman sonuncu d\u0259f\u0259 1993-c\u00fc ild\u0259 onunla g\u00f6r\u00fc\u015f\u0259 bilib.<\/p>\n<p>H\u0259min g\u00f6r\u00fc\u015fd\u0259 Azad \u015eirinov anas\u0131na s\u00f6z verib ki, yax\u0131n g\u00fcnl\u0259rd\u0259 evl\u0259rin\u0259 qay\u0131dacaq.<\/p>\n<p>\u201cAzad dedi ki, ana, 3 ilim tamam olanda m\u0259ni buraxacaqlar. S\u00f6yl\u0259di ki, qay\u0131danda qoymayacaq ki, \u0259ziyy\u0259t \u00e7\u0259k\u0259s\u0259n. M\u0259ni \u00e7ox ist\u0259yirdi. Nec\u0259 \u0259ziyy\u0259tl\u0259 onu b\u00f6y\u00fctm\u00fc\u015fd\u00fcm. O da bunu bilirdi, d\u0259rk edirdi\u201d- dey\u0259 \u015f\u0259hidimizin anas\u0131 s\u00f6yl\u0259yir.<br \/>\nAmma Azad anas\u0131na verdiyi s\u00f6z\u00fc tuta bilmir. O, 1996-c\u0131 ilin dekabr ay\u0131n\u0131n 14-d\u0259 \u015f\u0259hidlik zirv\u0259sin\u0259 ucal\u0131r.<\/p>\n<p><strong>\u201cO\u011flumun cans\u0131z b\u0259d\u0259nini k\u0259nd\u0259 g\u0259tirdil\u0259r. Komandirin\u0259 dedim ki, \u00fcz\u00fcn\u00fc a\u00e7\u0131n, son d\u0259f\u0259 bax\u0131m. T\u0259rt\u0259miz, a\u011fappaq pamb\u0131\u011f\u0131n i\u00e7ind\u0259 idi. \u00d6pd\u00fcm, yola sald\u0131m. Deyirdim ki, birc\u0259 \u0259sir d\u00fc\u015fm\u0259sin\u201d-<\/strong>\u00a0\u015f\u0259hid anas\u0131 o\u011flu il\u0259 vidala\u015fma\u011f\u0131ndan dan\u0131\u015fark\u0259n qeyd edir.<\/p>\n<p>G\u0259nc ya\u015fda b\u00f6y\u00fck q\u0259hr\u0259manl\u0131q g\u00f6st\u0259r\u0259n, V\u0259t\u0259n u\u011frunda \u015f\u0259hid olan Azad atas\u0131n\u0131 4 ya\u015f\u0131nda itirib. Onun atas\u0131 \u00fcr\u0259k tutmas\u0131nda v\u0259fat edib. Anas\u0131 onu v\u0259 4 bac\u0131s\u0131n\u0131 \u00e7\u0259tin \u015f\u0259rtl\u0259rd\u0259, \u0259ziyy\u0259tl\u0259 b\u00f6y\u00fcd\u00fcb.<\/p>\n<p><strong>\u015e\u0259hidimizin m\u0259zar da\u015f\u0131n\u0131, b\u00fct\u00fcn yas x\u0259rcl\u0259rini anas\u0131 Sofiya xan\u0131m \u00f6z\u00fc \u00e7\u0259kib.<\/strong><\/p>\n<p>84 ya\u015fl\u0131 ana deyir ki, o\u011fluna toy etm\u0259k \u00fc\u00e7\u00fcn y\u0131\u011fd\u0131\u011f\u0131 q\u0131z\u0131llar\u0131, pulu onun d\u0259fnin\u0259 x\u0259rcl\u0259yib:<\/p>\n<p>\u201cH\u00f6kum\u0259td\u0259n bir q\u0259pik d\u0259 ist\u0259m\u0259dim. Q\u0131z\u0131l almaq \u00fc\u00e7\u00fcn pul y\u0131\u011fm\u0131\u015fd\u0131m. O\u011flumun toyuna haz\u0131rla\u015f\u0131rd\u0131m. Amma 20 ya\u015f\u0131na \u00e7atmam\u0131\u015f \u015f\u0259hid oldu. Ham\u0131s\u0131n\u0131 onun yas\u0131nda x\u0259rcl\u0259dim. El\u0259 bildim ki, ona toy edir\u0259m\u201d.<\/p>\n<p>Azad \u015eirinov k\u0259nd q\u0259biristanl\u0131\u011f\u0131nda d\u0259fn olunub. O\u011flu \u015f\u0259hid olduqdan sonra insult ke\u00e7ir\u0259n, uzun zamand\u0131r x\u0259st\u0259likd\u0259n \u0259ziyy\u0259t \u00e7\u0259k\u0259n \u015f\u0259hid anas\u0131n\u0131n indi bir arzusu var:<\/p>\n<p>\u201cV\u0259t\u0259n m\u00fcharib\u0259sind\u0259ki q\u0259l\u0259b\u0259d\u0259n sonra o\u011flumun m\u0259zar\u0131 \u00fcst\u0259 getdik. Ona g\u00f6z ayd\u0131nl\u0131\u011f\u0131 verdik ki, s\u0259nin u\u011furunda \u015f\u0259hid oldu\u011fun torpaqlar azad edilib. \u0130ndi 84 ya\u015f\u0131m var. Bu g\u00fcn\u0259 q\u0259d\u0259r h\u00f6kum\u0259td\u0259n he\u00e7 n\u0259 ist\u0259m\u0259dim. \u0130ndi t\u0259k ist\u0259yim budur ki, o\u011flumun m\u0259zar\u0131 g\u00f6t\u00fcr\u00fcls\u00fcn, q\u0259hr\u0259man \u015f\u0259hidl\u0259rimiz kimi onun m\u0259zar\u0131 da yenil\u0259nsin. Bir ana kimi m\u0259n d\u0259 bax\u0131m, f\u0259r\u0259hl\u0259nim. Azad\u0131n \u0259misi Qiyas \u015eirinov 1941-1945 m\u00fcharib\u0259sind\u0259 itikin d\u00fc\u015f\u00fcb. Bu zamana q\u0259d\u0259r onu axtaran olmad\u0131. Ona g\u00f6r\u0259 m\u0259n ist\u0259y\u0259r\u0259m ki, o\u011flumun m\u0259zar\u0131 b\u0259rpa edilsin, m\u0259n bu d\u00fcnyada olmasam da o\u011flumu itirib-axtaran olsun, m\u0259zar\u0131n\u0131 g\u00f6r\u0259nd\u0259 onun da V\u0259t\u0259n u\u011frunda \u015f\u0259hid oldu\u011funu bilsinl\u0259r\u201d.<\/p>\n<p>\u0130lkin Muradov<br \/>\nMusavat.com<\/p>\n<div>\n<div class=\"form-group\"><img class=\"img-responsive\" src=\"https:\/\/a.radikal.ru\/a01\/2109\/26\/2fdfaa2c5301.jpg\" \/><\/div>\n<div class=\"form-group\"><img class=\"img-responsive\" src=\"https:\/\/c.radikal.ru\/c03\/2109\/8a\/17b9964a1a54.jpg\" \/><\/div>\n<div class=\"form-group\"><img class=\"img-responsive\" src=\"https:\/\/d.radikal.ru\/d31\/2109\/a2\/e6e4baa16e7a.jpg\" \/><\/div>\n<div class=\"form-group\"><img class=\"img-responsive\" src=\"https:\/\/a.radikal.ru\/a25\/2109\/ca\/7fba5e974eb1.jpg\" \/><\/div>\n<div class=\"form-group\"><img class=\"img-responsive\" src=\"https:\/\/a.radikal.ru\/a28\/2109\/7a\/5ae70827baa1.jpg\" \/><\/div>\n<div class=\"form-group\"><img class=\"img-responsive\" src=\"https:\/\/b.radikal.ru\/b37\/2109\/52\/7bcf7f637e1c.jpg\" \/><\/div>\n<div class=\"form-group\"><img class=\"img-responsive\" src=\"https:\/\/c.radikal.ru\/c05\/2109\/28\/2d67fcf16a56.jpg\" \/><\/div>\n<\/div>\n","protected":false},"excerpt":{"rendered":"<p>Birinci Qaraba\u011f sava\u015f\u0131n\u0131n \u0259n g\u0259nc \u015f\u0259hidl\u0259rind\u0259n biri d\u0259 Tovuz rayonun Yuxar\u0131 \u00d6ys\u00fczl\u00fc k\u0259nd sakini \u015eirinov Azad M\u0259mm\u0259d o\u011fludur. 1976-c\u0131 il do\u011fumlu Azad \u015eirinov 18 ya\u015f\u0131nda h\u0259rbi xidm\u0259t\u0259 yolan\u0131b. G\u0259nc ya\u015fda &#8211; 1993-c\u00fc ild\u0259 \u00f6z\u00fcn\u00fc q\u0131z\u011f\u0131n sava\u015f\u0131n ortas\u0131nda tapan Azad \u015eirinov m\u00fcharib\u0259 d\u00f6vr\u00fcnd\u0259 b\u00f6y\u00fck q\u0259hr\u0259manl\u0131q g\u00f6st\u0259rib. Azad \u015eirinov h\u0259rbi xidm\u0259t boyu G\u0259nc\u0259d\u0259, T\u0259rt\u0259rd\u0259, Ming\u0259\u00e7evird\u0259, A\u011fcab\u0259did\u0259 xidm\u0259t ke\u00e7ib. Sonuncu d\u0259f\u0259 is\u0259 A\u011fdam\u0131n \u018ff\u0259tli k\u0259ndind\u0259 xidm\u0259tini davam etdirib v\u0259 orada \u015f\u0259hid olub. 3 il\u0259 yax\u0131n d\u00f6y\u00fc\u015fl\u0259rd\u0259 i\u015ftirak ed\u0259n Azad \u015eirinovu bu m\u00fcdd\u0259t \u0259rzind\u0259 bir ne\u00e7\u0259 d\u0259f\u0259 anas\u0131 ziyar\u0259t ed\u0259 bilib. \u015e\u0259hidimizin anas\u0131 Sofiya&hellip;<\/p>\n","protected":false},"author":2,"featured_media":382521,"comment_status":"closed","ping_status":"closed","sticky":false,"template":"","format":"standard","meta":{"om_disable_all_campaigns":false,"_monsterinsights_skip_tracking":false,"_monsterinsights_sitenote_active":false,"_monsterinsights_sitenote_note":"","_monsterinsights_sitenote_category":0},"categories":[26],"tags":[],"aioseo_notices":[],"gutentor_comment":0,"rttpg_featured_image_url":{"full":["https:\/\/arantv.az\/wp-content\/uploads\/2021\/09\/27abec339ecf750e567fdc5d12d78a8f.jpg",450,300,false],"landscape":["https:\/\/arantv.az\/wp-content\/uploads\/2021\/09\/27abec339ecf750e567fdc5d12d78a8f.jpg",450,300,false],"portraits":["https:\/\/arantv.az\/wp-content\/uploads\/2021\/09\/27abec339ecf750e567fdc5d12d78a8f.jpg",450,300,false],"thumbnail":["https:\/\/arantv.az\/wp-content\/uploads\/2021\/09\/27abec339ecf750e567fdc5d12d78a8f-450x280.jpg",450,280,true],"medium":["https:\/\/arantv.az\/wp-content\/uploads\/2021\/09\/27abec339ecf750e567fdc5d12d78a8f.jpg",450,300,false],"large":["https:\/\/arantv.az\/wp-content\/uploads\/2021\/09\/27abec339ecf750e567fdc5d12d78a8f.jpg",450,300,false],"1536x1536":["https:\/\/arantv.az\/wp-content\/uploads\/2021\/09\/27abec339ecf750e567fdc5d12d78a8f.jpg",450,300,false],"2048x2048":["https:\/\/arantv.az\/wp-content\/uploads\/2021\/09\/27abec339ecf750e567fdc5d12d78a8f.jpg",450,300,false],"post-thumbnail":["https:\/\/arantv.az\/wp-content\/uploads\/2021\/09\/27abec339ecf750e567fdc5d12d78a8f-240x172.jpg",240,172,true],"advps-thumb-one":["https:\/\/arantv.az\/wp-content\/uploads\/2021\/09\/27abec339ecf750e567fdc5d12d78a8f.jpg",450,300,false]},"rttpg_author":{"display_name":"V\u00fcsal Rafiqo\u011flu","author_link":"https:\/\/arantv.az\/?author=2"},"rttpg_comment":0,"rttpg_category":"<a href=\"https:\/\/arantv.az\/?cat=26\" rel=\"category\">Sosial<\/a>","rttpg_excerpt":"Birinci Qaraba\u011f sava\u015f\u0131n\u0131n \u0259n g\u0259nc \u015f\u0259hidl\u0259rind\u0259n biri d\u0259 Tovuz rayonun Yuxar\u0131 \u00d6ys\u00fczl\u00fc k\u0259nd sakini \u015eirinov Azad M\u0259mm\u0259d o\u011fludur. 1976-c\u0131 il do\u011fumlu Azad \u015eirinov 18 ya\u015f\u0131nda h\u0259rbi xidm\u0259t\u0259 yolan\u0131b. G\u0259nc ya\u015fda &#8211; 1993-c\u00fc ild\u0259 \u00f6z\u00fcn\u00fc q\u0131z\u011f\u0131n sava\u015f\u0131n ortas\u0131nda tapan Azad \u015eirinov m\u00fcharib\u0259 d\u00f6vr\u00fcnd\u0259 b\u00f6y\u00fck q\u0259hr\u0259manl\u0131q g\u00f6st\u0259rib. Azad \u015eirinov h\u0259rbi xidm\u0259t boyu G\u0259nc\u0259d\u0259, T\u0259rt\u0259rd\u0259, Ming\u0259\u00e7evird\u0259, A\u011fcab\u0259did\u0259 xidm\u0259t&hellip;","_links":{"self":[{"href":"https:\/\/arantv.az\/index.php?rest_route=\/wp\/v2\/posts\/382520"}],"collection":[{"href":"https:\/\/arantv.az\/index.php?rest_route=\/wp\/v2\/posts"}],"about":[{"href":"https:\/\/arantv.az\/index.php?rest_route=\/wp\/v2\/types\/post"}],"author":[{"embeddable":true,"href":"https:\/\/arantv.az\/index.php?rest_route=\/wp\/v2\/users\/2"}],"replies":[{"embeddable":true,"href":"https:\/\/arantv.az\/index.php?rest_route=%2Fwp%2Fv2%2Fcomments&post=382520"}],"version-history":[{"count":0,"href":"https:\/\/arantv.az\/index.php?rest_route=\/wp\/v2\/posts\/382520\/revisions"}],"wp:featuredmedia":[{"embeddable":true,"href":"https:\/\/arantv.az\/index.php?rest_route=\/wp\/v2\/media\/382521"}],"wp:attachment":[{"href":"https:\/\/arantv.az\/index.php?rest_route=%2Fwp%2Fv2%2Fmedia&parent=382520"}],"wp:term":[{"taxonomy":"category","embeddable":true,"href":"https:\/\/arantv.az\/index.php?rest_route=%2Fwp%2Fv2%2Fcategories&post=382520"},{"taxonomy":"post_tag","embeddable":true,"href":"https:\/\/arantv.az\/index.php?rest_route=%2Fwp%2Fv2%2Ftags&post=382520"}],"curies":[{"name":"wp","href":"https:\/\/api.w.org\/{rel}","templated":true}]}}