{"id":382523,"date":"2021-09-25T10:04:20","date_gmt":"2021-09-25T07:04:20","guid":{"rendered":"http:\/\/arantv.az\/?p=382523"},"modified":"2021-09-25T10:04:20","modified_gmt":"2021-09-25T07:04:20","slug":"prezident-ilham-%c9%99liyev-erm%c9%99nistana-iki-secim-t%c9%99klif-etdi-ya-yekun-sulh-sazisi-ya-da-savas","status":"publish","type":"post","link":"https:\/\/arantv.az\/?p=382523","title":{"rendered":"Prezident \u0130lham \u018fliyev Erm\u0259nistana iki se\u00e7im t\u0259klif etdi: Ya yekun s\u00fclh sazi\u015fi, ya da sava\u015f\u2026"},"content":{"rendered":"<h3><strong>Az\u0259rbaycan Prezidentinin \u201cBizi q\u0259z\u0259bl\u0259ndirm\u0259sinl\u0259r\u201d x\u0259b\u0259rdarl\u0131\u011f\u0131 r\u0259smi Bak\u0131n\u0131n s\u0259brinin t\u00fck\u0259ndiyini g\u00f6st\u0259rir; Bu bax\u0131mdan, Pa\u015finyan hakimiyy\u0259tin\u0259 veril\u0259n vaxt\u0131n bitm\u0259k \u00fczr\u0259 oldu\u011fu q\u0259tiyy\u0259n \u015f\u00fcbh\u0259 do\u011furmur\u2026<\/strong><\/h3>\n<p><em><strong>C\u0259nubi Qafqazda yaranm\u0131\u015f yeni situasiya d\u0259yi\u015fm\u0259z olaraq, qal\u0131r. M\u00fc\u015fahid\u0259l\u0259r g\u00f6st\u0259rir ki, bu situasiyan\u0131 d\u0259yi\u015fm\u0259sin\u0259 s\u0259b\u0259b ola bil\u0259c\u0259k el\u0259 bir ciddi faktor m\u00f6vcud deyil. V\u0259 y\u0259qin ki, bundan sonra da olmayacaq.<\/strong><\/em><\/p>\n<p>D\u00fczd\u00fcr, regional situasiyan\u0131n yenid\u0259n 44 g\u00fcnl\u00fck sava\u015fa q\u0259d\u0259r olan m\u0259zmun v\u0259 keyfiyy\u0259t\u0259 qaytar\u0131lmas\u0131 istiqam\u0259tind\u0259 m\u00fc\u0259yy\u0259n c\u0259hdl\u0259r d\u0259 var. R\u0259smi \u0130r\u0259van uzun m\u00fcdd\u0259tdir ki, buna can at\u0131r. AT\u018fT-in Minsk Qrupunun \u00fc\u00e7 h\u0259ms\u0259drind\u0259n ikisi \u2013 AB\u015e v\u0259 Fransa da bu m\u0259s\u0259l\u0259d\u0259 Erm\u0259nistana intensiv \u015f\u0259kild\u0259 d\u0259st\u0259k verir.<\/p>\n<p>Ancaq g\u00f6r\u00fcn\u0259n odur ki, AB\u015e-Fransa-Erm\u0259nistan \u00fc\u00e7l\u00fcy\u00fcn\u00fcn geopolitik avant\u00fcralar\u0131 umid b\u0259sl\u0259n\u0259n n\u0259tic\u0259l\u0259rd\u0259n \u00e7ox uzaqd\u0131r. Erm\u0259nistan yeni geopolitik \u015f\u0259rtl\u0259r\u0259 uymaq m\u0259cburiyy\u0259trind\u0259 qal\u0131b. AB\u015e v\u0259 Fransa d\u0259yi\u015fdirilm\u0259sin\u0259 c\u0259hd g\u00f6st\u0259ril\u0259n h\u0259min geopolitik reall\u0131qlar s\u0259b\u0259bind\u0259n C\u0259nubi Qafqaza \u201cregionun divarlar\u0131\u201dn\u0131n arxas\u0131ndan boylan\u0131r.<\/p>\n<p><img loading=\"lazy\" src=\"https:\/\/cdn.musavat.com\/news\/thumbnails\/200815f495affd1f17568596ba075486.jpg\" alt=\"1528745391_4e61f958d4a76fb410b67ebb35ebd14c.jpg (420 KB)\" width=\"700\" height=\"467\" \/><\/p>\n<p>M\u0259s\u0259l\u0259 ondad\u0131r ki, yeni geopolitik \u015f\u0259rtl\u0259r Az\u0259rbaycana C\u0259nubi Qafqaz\u0131n \u015f\u0259riksiz lider d\u00f6vl\u0259ti statusunu qazand\u0131r\u0131b. Haz\u0131rda bu regionda \u0259sas h\u0259rbi-siyasi irad\u0259 sahibi olan r\u0259smi Bak\u0131 is\u0259 Az\u0259rbaycan\u0131n lider d\u00f6vl\u0259t statusu il\u0259 ziddiyy\u0259t t\u0259\u015fkil ed\u0259 bil\u0259c\u0259k ist\u0259nil\u0259n add\u0131m\u0131 d\u0259rhal bloklamaq imkan\u0131ndad\u0131r. V\u0259 bu reall\u0131q h\u0259m AB\u015e-\u0131, h\u0259m d\u0259 Fransan\u0131 C\u0259nubi Qafqaz\u0131n geopolitik m\u0259kan\u0131nda oyundank\u0259nar v\u0259ziyy\u0259t\u0259 sal\u0131b.<\/p>\n<p>\u0130ndi bu geopolitik m\u0259kan\u0131n \u0259sas oyun\u00e7ular\u0131 rolunda Az\u0259rbaycan, T\u00fcrkiy\u0259 v\u0259 Rusiya \u00e7\u0131x\u0131\u015f edir. \u00dcst\u0259lik, bu \u00fc\u00e7 d\u00f6vl\u0259t regiona h\u0259r hans\u0131 k\u0259nar \u00f6lk\u0259nin daxil olmas\u0131nda q\u0259tiyy\u0259n maraql\u0131 deyill\u0259r. C\u0259nubi Qafqaza bu region il\u0259 he\u00e7 bir \u0259laq\u0259si olmayan k\u0259nar d\u00f6vl\u0259tl\u0259rin, o c\u00fcml\u0259d\u0259n d\u0259, AB\u015e v\u0259 Fransan\u0131n n\u00fcfuz etm\u0259sin\u0259 d\u0259 ortaq m\u00f6vqe say\u0259sind\u0259 m\u00fcqavim\u0259t g\u00f6st\u0259r\u0259 bilirl\u0259r.<\/p>\n<p>AB\u015e-Fransa-Erm\u0259nistan \u00fc\u00e7l\u00fcy\u00fc v\u0259ziyy\u0259ti \u00f6z xeyrin\u0259 d\u0259yi\u015fm\u0259k \u00fc\u00e7\u00fcn Rusiya v\u0259 Az\u0259rbaycan-T\u00fcrkiy\u0259 ittifaq\u0131 aras\u0131nda ziddiyy\u0259tl\u0259r yaratma\u011fa \u00e7al\u0131\u015fsa da, h\u0259l\u0259lik bu, ba\u015f tutmur. \u00c7\u00fcnki Az\u0259rbaycan, T\u00fcrkiy\u0259 v\u0259 Rusiyan\u0131 ortaq m\u00f6vqey\u0259 stimulla\u015fd\u0131ran maraqlar, onlar aras\u0131nda ziddiyy\u0259tl\u0259r yarada bil\u0259c\u0259k faktorlardan daha g\u00fccl\u00fc v\u0259 qal\u0131c\u0131d\u0131r. V\u0259 bu \u00f6n\u0259mli m\u0259qam AB\u015e-Fransa-Erm\u0259nistan \u00fc\u00e7l\u00fcy\u00fcn\u00fcn pozuculuq f\u0259aliyy\u0259tini iflasa u\u011frad\u0131r.<\/p>\n<p><img loading=\"lazy\" src=\"https:\/\/cdn.musavat.com\/news\/thumbnails\/a451bdc325c97280314d9676227e9e6e.jpg\" alt=\"1403574.jpg (29 KB)\" width=\"700\" height=\"345\" \/><\/p>\n<p>Az\u0259rbaycan\u0131n Rusiya il\u0259 m\u00fcnasib\u0259tl\u0259rind\u0259 m\u00fc\u0259yy\u0259n naraz\u0131l\u0131qlar sezils\u0259 d\u0259, el\u0259 bir ciddi problemin olmad\u0131\u011f\u0131 da inkaredilm\u0259z reall\u0131qd\u0131r. Az\u0259rbaycan Prezidenti \u0130lham \u018fliyevin Rusiyada n\u0259\u015fr olunan \u201cNatsionalnaya oborona\u201d (\u201cMilli m\u00fcdafi\u0259\u201d) jurnal\u0131na verdiyi m\u00fcsahib\u0259d\u0259 d\u0259 bu, a\u00e7\u0131q-ayd\u0131n m\u00fc\u015fahid\u0259 edilir. Az\u0259rbaycan v\u0259 Rusiya prezidentl\u0259ri aras\u0131nda olduqca s\u0259mimi, i\u015fg\u00fczar m\u00fcnasib\u0259tl\u0259rin m\u00f6vcudlu\u011fu n\u0259z\u0259r\u0259 \u00e7arp\u0131r:\u00a0<strong>&#8220;&#8230;Biz \u015eu\u015fa \u015f\u0259h\u0259rini azad ed\u0259nd\u0259n sonra Vladimir Vladimirovi\u00e7 m\u0259n\u0259 z\u0259ng vurdu v\u0259 dedi ki, \u201cErm\u0259ni t\u0259r\u0259fi yerin\u0259 yetirm\u0259li oldu\u011funu icra etm\u0259y\u0259 haz\u0131rd\u0131r. Siz \u00f6z m\u00f6vqeyinizin \u00fcz\u0259rind\u0259 dayan\u0131rs\u0131n\u0131zm\u0131?\u201d M\u0259n d\u0259 dedim ki, \u201cB\u0259li, m\u0259n \u00f6z m\u00f6vqeyimi d\u0259yi\u015fmir\u0259m. \u018fg\u0259r, onlar i\u015f\u011fal alt\u0131nda qalan \u0259razil\u0259rd\u0259n \u00f6z qo\u015funlar\u0131n\u0131 \u00e7\u0131xaracaqlar\u0131 tarixl\u0259ri biz\u0259 des\u0259l\u0259r, biz dayan\u0131r\u0131q\u201d. Bu, noyabr\u0131n 8-d\u0259 ax\u015fam olmu\u015fdu. Noyabr\u0131n 9-da is\u0259 biz bir daha z\u0259ngl\u0259\u015fm\u0259k bar\u0259d\u0259 raz\u0131l\u0131\u011fa g\u0259ldik. \u00c7\u00fcnki Vladimir Vladimirovi\u00e7 \u00e7ox f\u0259al rol oynay\u0131rd\u0131, o, bir n\u00f6v m\u0259nim ismar\u0131\u015flar\u0131m\u0131 Pa\u015finyana, onun ismar\u0131\u015flar\u0131n\u0131 m\u0259n\u0259 \u00e7atd\u0131r\u0131rd\u0131&#8230;\u201d<\/strong><\/p>\n<p>Bu a\u00e7\u0131qlamadan da anla\u015f\u0131l\u0131r ki, Az\u0259rbaycan v\u0259 Rusiya prezidentl\u0259ri aras\u0131nda \u015f\u0259xsi m\u00fcnasib\u0259tl\u0259r y\u00fcks\u0259k s\u0259viyy\u0259d\u0259dir, h\u0259m d\u0259 qar\u015f\u0131l\u0131ql\u0131 etimad \u00fcz\u0259rind\u0259 qurulub. Ona g\u00f6r\u0259 d\u0259, Az\u0259rbaycan-Rusiya m\u00fcnasib\u0259tl\u0259rind\u0259 ciddi probleml\u0259rin yarana bil\u0259c\u0259yini d\u00fc\u015f\u00fcnm\u0259k tamamil\u0259 yersizdir. V\u0259 bu m\u0259s\u0259l\u0259d\u0259 k\u0259nar t\u0259sir faktoru dem\u0259k olar ki, el\u0259 bir ciddi \u0259h\u0259miyy\u0259t da\u015f\u0131m\u0131r.<\/p>\n<p>Ancaq eyni fikirl\u0259ri Minsk Qrupunun dig\u0259r iki h\u0259ms\u0259dri \u2013 AB\u015e v\u0259 Fransa haqq\u0131nda t\u0259krarlamaq is\u0259 q\u0259tiyy\u0259n m\u00fcmk\u00fcn deyil. \u00c7\u00fcnki bu iki d\u00f6vl\u0259tin r\u0259smi dair\u0259l\u0259ri C\u0259nubi Qafqaz regionunda m\u00f6vcud olan yeni geopolitik reall\u0131qlarla hesabla\u015fmaq ist\u0259mirl\u0259r. Az\u0259rbaycan\u0131n milli maraqlar\u0131na problem yarada bil\u0259c\u0259k m\u00f6vqed\u0259n \u00e7\u0131x\u0131\u015f edirl\u0259r.<\/p>\n<p><img loading=\"lazy\" src=\"https:\/\/cdn.musavat.com\/news\/thumbnails\/253852fcea8f5fa0e8da72b71edb2246.jpg\" alt=\"fee5eec0-d8b3-4374-90a2-a2bf83004fc9.jpg (183 KB)\" width=\"700\" height=\"745\" \/><\/p>\n<p>T\u0259bii ki, Az\u0259rbaycan Prezidenti \u0130lham \u018fliyev h\u0259min \u00f6lk\u0259l\u0259rin r\u0259smi dair\u0259l\u0259rin\u0259 el\u0259 Erm\u0259nistran \u00fcz\u0259rind\u0259n x\u0259b\u0259rdarl\u0131q etm\u0259yi vacib say\u0131b. Az\u0259rbaycan Prezidenti \u201cstatus\u201d m\u00f6vzusunun h\u0259l\u0259 d\u0259 g\u00fcnd\u0259md\u0259 saxlanmas\u0131na g\u00f6st\u0259ril\u0259n c\u0259hdl\u0259r\u0259 s\u0259rt reaksiya verib. D\u00f6vl\u0259t ba\u015f\u00e7\u0131s\u0131n\u0131n \u201cDa\u011fl\u0131q Qaraba\u011f yoxdur\u201d dem\u0259si \u201cstatus\u201d m\u00f6vzusu il\u0259 regionda g\u0259rginlik yaratmaq ist\u0259y\u0259nl\u0259r\u0259 birba\u015fa mesajd\u0131r.<\/p>\n<p>Prezident \u0130.\u018fliyev \u201cstatus\u201d m\u0259s\u0259l\u0259sin\u0259 bundan sonra he\u00e7 bir halda, qay\u0131d\u0131lmayaca\u011f\u0131n\u0131 olduqca diplomatik dill\u0259 izah edib:\u00a0<strong>&#8220;Da\u011fl\u0131q Qaraba\u011f yoxdur. Qaraba\u011f iqtisadi rayonu var, \u015e\u0259rqi Z\u0259ng\u0259zur iqtisadi rayonu var. Bunlar bizim \u0259razimizdir v\u0259 bizd\u0259 hans\u0131 inzibati vahidl\u0259rin ola bil\u0259c\u0259yini d\u0259 yaln\u0131z biz m\u00fc\u0259yy\u0259n etm\u0259liyik. Bizd\u0259n ba\u015fqa he\u00e7 kim, he\u00e7 bir \u00f6lk\u0259, x\u00fcsus\u0259n d\u0259 Erm\u0259nistan bunu ed\u0259 bilm\u0259z&#8221;.<\/strong><\/p>\n<p>T\u0259bii ki, bu mesaj\u0131n Erm\u0259nistanla yana\u015f\u0131, hans\u0131 d\u00f6vl\u0259tl\u0259rin siyasi dair\u0259l\u0259rin\u0259 \u00fcnvanlad\u0131\u011f\u0131n\u0131 anlamaq o q\u0259d\u0259r d\u0259 \u00e7\u0259tin deyil. Prezidentin a\u00e7\u0131qlamas\u0131ndan h\u0259m d\u0259 bel\u0259 anlamaq olar ki, r\u0259smi Bak\u0131n\u0131n s\u0259bri art\u0131q t\u00fck\u0259nm\u0259k \u00fczr\u0259dir. V\u0259 r\u0259smi \u0130r\u0259van\u0131 \u201cstatus\u201d m\u00f6vzusu \u0259traf\u0131nda manipulyasiya etm\u0259y\u0259 h\u0259v\u0259sl\u0259ndir\u0259nl\u0259r, \u0259slind\u0259, Erm\u0259nistan\u0131 yeni t\u0259hl\u00fck\u0259y\u0259 do\u011fru s\u00fcr\u00fckl\u0259yirl\u0259r.<\/p>\n<p><img loading=\"lazy\" src=\"https:\/\/cdn.musavat.com\/news\/thumbnails\/8f3d6774235bb287c4b9d40982048e07.jpg\" alt=\"hedefff.jpg (990 KB)\" width=\"700\" height=\"500\" \/><\/p>\n<p>Bu bax\u0131mdan, Pa\u015finyan hakimiyy\u0259ti \u0259g\u0259r, Erm\u0259nistan\u0131n t\u0259hl\u00fck\u0259sizliyini t\u0259min etm\u0259k ist\u0259yirs\u0259, onda Az\u0259rbaycan Prezidentinin x\u0259b\u0259rdarl\u0131\u011f\u0131ndan vaxt\u0131nda laz\u0131mi n\u0259tic\u0259 \u00e7\u0131xartmal\u0131d\u0131r: &#8220;Buna g\u00f6r\u0259 d\u00fc\u015f\u00fcn\u00fcr\u0259m ki, status bar\u0259d\u0259 v\u0259 Da\u011fl\u0131q Qaraba\u011f bar\u0259d\u0259 bu \u00e7eyn\u0259nilmi\u015f s\u00f6zl\u0259r Erm\u0259nistan \u00fc\u00e7\u00fcn b\u00f6y\u00fck t\u0259hl\u00fck\u0259 m\u0259nb\u0259yidir v\u0259 yax\u015f\u0131 olar ki, bizi q\u0259z\u0259bl\u0259ndirm\u0259sinl\u0259r, q\u0131c\u0131qland\u0131rmas\u0131nlar. N\u0259 q\u0259d\u0259r ki, bizim t\u0259klifimiz masa \u00fcz\u0259rind\u0259dir, onunla raz\u0131la\u015fs\u0131nlar. \u018fks halda, m\u00fcharib\u0259 d\u00f6vr\u00fcnd\u0259 olanlar t\u0259krarlana bil\u0259r&#8221;.<\/p>\n<p>G\u00f6r\u00fcnd\u00fcy\u00fc kimi, Az\u0259rbaycan Prezidenti Erm\u0259nistana \u00e7\u0131x\u0131\u015f yolunu da i\u015far\u0259 edir. R\u0259smi Bak\u0131n\u0131n yekun s\u00fclh sazi\u015fi il\u0259 ba\u011fl\u0131 t\u0259klifini m\u00fczakir\u0259 etm\u0259yi m\u0259sl\u0259h\u0259t g\u00f6r\u00fcr. \u018fks halda, ba\u015f ver\u0259 bil\u0259c\u0259k hadis\u0259l\u0259ri d\u0259 q\u0259tiyy\u0259n gizl\u0259tmir. V\u0259 \u00fcst\u00fc\u00f6rt\u00fcl\u00fc \u015f\u0259kild\u0259 r\u0259smi Bak\u0131n\u0131n ist\u0259nil\u0259n halda, b\u00fct\u00fcn h\u0259d\u0259fl\u0259rin\u0259 \u00e7ataca\u011f\u0131n\u0131 vur\u011fulay\u0131r.<\/p>\n<p>Bel\u0259 d\u00fc\u015f\u00fcnm\u0259k olar ki, Az\u0259rbaycan Prezidenti \u0130lham \u018fliev Erm\u0259nistana art\u0131q son x\u0259b\u0259rdarl\u0131\u011f\u0131n\u0131 etmi\u015f oldu. \u0130ndi Pa\u015finyan hakimiyy\u0259ti konkret v\u0259 prinsipial se\u00e7im etm\u0259k m\u0259cburiyy\u0259tind\u0259dir. Y\u0259ni, r\u0259smi \u0130r\u0259van\u0131n qar\u015f\u0131s\u0131nda haz\u0131rda iki \u00f6n\u0259mli se\u00e7im variant\u0131 var. Bundan sonra Erm\u0259nistan h\u0259r hans\u0131 k\u0259nar himay\u0259dar d\u00f6vl\u0259t\u0259 \u00fcmid b\u0259sl\u0259m\u0259d\u0259n, ya yekun s\u00fclh sazi\u015fini imzalamal\u0131d\u0131r, ya da onu bu add\u0131m\u0131 atma\u011fa m\u0259cbur ed\u0259c\u0259k yeni sava\u015fa haz\u0131r olmal\u0131d\u0131r.<\/p>\n<p><strong>El\u00e7in XAL\u0130DB\u018fYL\u0130,<br \/>\nSiyasi ekspert,<br \/>\n\u201cYeni M\u00fcsavat\u201d Media Qrupu<\/strong><\/p>\n","protected":false},"excerpt":{"rendered":"<p>Az\u0259rbaycan Prezidentinin \u201cBizi q\u0259z\u0259bl\u0259ndirm\u0259sinl\u0259r\u201d x\u0259b\u0259rdarl\u0131\u011f\u0131 r\u0259smi Bak\u0131n\u0131n s\u0259brinin t\u00fck\u0259ndiyini g\u00f6st\u0259rir; Bu bax\u0131mdan, Pa\u015finyan hakimiyy\u0259tin\u0259 veril\u0259n vaxt\u0131n bitm\u0259k \u00fczr\u0259 oldu\u011fu q\u0259tiyy\u0259n \u015f\u00fcbh\u0259 do\u011furmur\u2026 C\u0259nubi Qafqazda yaranm\u0131\u015f yeni situasiya d\u0259yi\u015fm\u0259z olaraq, qal\u0131r. M\u00fc\u015fahid\u0259l\u0259r g\u00f6st\u0259rir ki, bu situasiyan\u0131 d\u0259yi\u015fm\u0259sin\u0259 s\u0259b\u0259b ola bil\u0259c\u0259k el\u0259 bir ciddi faktor m\u00f6vcud deyil. V\u0259 y\u0259qin ki, bundan sonra da olmayacaq. D\u00fczd\u00fcr, regional situasiyan\u0131n yenid\u0259n 44 g\u00fcnl\u00fck sava\u015fa q\u0259d\u0259r olan m\u0259zmun v\u0259 keyfiyy\u0259t\u0259 qaytar\u0131lmas\u0131 istiqam\u0259tind\u0259 m\u00fc\u0259yy\u0259n c\u0259hdl\u0259r d\u0259 var. R\u0259smi \u0130r\u0259van uzun m\u00fcdd\u0259tdir ki, buna can at\u0131r. AT\u018fT-in Minsk Qrupunun \u00fc\u00e7 h\u0259ms\u0259drind\u0259n ikisi \u2013 AB\u015e v\u0259 Fransa da bu&hellip;<\/p>\n","protected":false},"author":2,"featured_media":382524,"comment_status":"closed","ping_status":"closed","sticky":false,"template":"","format":"standard","meta":{"om_disable_all_campaigns":false,"_monsterinsights_skip_tracking":false,"_monsterinsights_sitenote_active":false,"_monsterinsights_sitenote_note":"","_monsterinsights_sitenote_category":0},"categories":[4],"tags":[],"aioseo_notices":[],"gutentor_comment":0,"rttpg_featured_image_url":{"full":["https:\/\/arantv.az\/wp-content\/uploads\/2021\/09\/6cf45b1a08e63e92827dc3d37fe1b894.jpg",450,300,false],"landscape":["https:\/\/arantv.az\/wp-content\/uploads\/2021\/09\/6cf45b1a08e63e92827dc3d37fe1b894.jpg",450,300,false],"portraits":["https:\/\/arantv.az\/wp-content\/uploads\/2021\/09\/6cf45b1a08e63e92827dc3d37fe1b894.jpg",450,300,false],"thumbnail":["https:\/\/arantv.az\/wp-content\/uploads\/2021\/09\/6cf45b1a08e63e92827dc3d37fe1b894-450x280.jpg",450,280,true],"medium":["https:\/\/arantv.az\/wp-content\/uploads\/2021\/09\/6cf45b1a08e63e92827dc3d37fe1b894.jpg",450,300,false],"large":["https:\/\/arantv.az\/wp-content\/uploads\/2021\/09\/6cf45b1a08e63e92827dc3d37fe1b894.jpg",450,300,false],"1536x1536":["https:\/\/arantv.az\/wp-content\/uploads\/2021\/09\/6cf45b1a08e63e92827dc3d37fe1b894.jpg",450,300,false],"2048x2048":["https:\/\/arantv.az\/wp-content\/uploads\/2021\/09\/6cf45b1a08e63e92827dc3d37fe1b894.jpg",450,300,false],"post-thumbnail":["https:\/\/arantv.az\/wp-content\/uploads\/2021\/09\/6cf45b1a08e63e92827dc3d37fe1b894-240x172.jpg",240,172,true],"advps-thumb-one":["https:\/\/arantv.az\/wp-content\/uploads\/2021\/09\/6cf45b1a08e63e92827dc3d37fe1b894.jpg",450,300,false]},"rttpg_author":{"display_name":"V\u00fcsal Rafiqo\u011flu","author_link":"https:\/\/arantv.az\/?author=2"},"rttpg_comment":0,"rttpg_category":"<a href=\"https:\/\/arantv.az\/?cat=4\" rel=\"category\">Siyas\u0259t<\/a>","rttpg_excerpt":"Az\u0259rbaycan Prezidentinin \u201cBizi q\u0259z\u0259bl\u0259ndirm\u0259sinl\u0259r\u201d x\u0259b\u0259rdarl\u0131\u011f\u0131 r\u0259smi Bak\u0131n\u0131n s\u0259brinin t\u00fck\u0259ndiyini g\u00f6st\u0259rir; Bu bax\u0131mdan, Pa\u015finyan hakimiyy\u0259tin\u0259 veril\u0259n vaxt\u0131n bitm\u0259k \u00fczr\u0259 oldu\u011fu q\u0259tiyy\u0259n \u015f\u00fcbh\u0259 do\u011furmur\u2026 C\u0259nubi Qafqazda yaranm\u0131\u015f yeni situasiya d\u0259yi\u015fm\u0259z olaraq, qal\u0131r. M\u00fc\u015fahid\u0259l\u0259r g\u00f6st\u0259rir ki, bu situasiyan\u0131 d\u0259yi\u015fm\u0259sin\u0259 s\u0259b\u0259b ola bil\u0259c\u0259k el\u0259 bir ciddi faktor m\u00f6vcud deyil. V\u0259 y\u0259qin ki, bundan sonra da olmayacaq. D\u00fczd\u00fcr, regional situasiyan\u0131n&hellip;","_links":{"self":[{"href":"https:\/\/arantv.az\/index.php?rest_route=\/wp\/v2\/posts\/382523"}],"collection":[{"href":"https:\/\/arantv.az\/index.php?rest_route=\/wp\/v2\/posts"}],"about":[{"href":"https:\/\/arantv.az\/index.php?rest_route=\/wp\/v2\/types\/post"}],"author":[{"embeddable":true,"href":"https:\/\/arantv.az\/index.php?rest_route=\/wp\/v2\/users\/2"}],"replies":[{"embeddable":true,"href":"https:\/\/arantv.az\/index.php?rest_route=%2Fwp%2Fv2%2Fcomments&post=382523"}],"version-history":[{"count":0,"href":"https:\/\/arantv.az\/index.php?rest_route=\/wp\/v2\/posts\/382523\/revisions"}],"wp:featuredmedia":[{"embeddable":true,"href":"https:\/\/arantv.az\/index.php?rest_route=\/wp\/v2\/media\/382524"}],"wp:attachment":[{"href":"https:\/\/arantv.az\/index.php?rest_route=%2Fwp%2Fv2%2Fmedia&parent=382523"}],"wp:term":[{"taxonomy":"category","embeddable":true,"href":"https:\/\/arantv.az\/index.php?rest_route=%2Fwp%2Fv2%2Fcategories&post=382523"},{"taxonomy":"post_tag","embeddable":true,"href":"https:\/\/arantv.az\/index.php?rest_route=%2Fwp%2Fv2%2Ftags&post=382523"}],"curies":[{"name":"wp","href":"https:\/\/api.w.org\/{rel}","templated":true}]}}