{"id":382536,"date":"2021-09-25T10:20:07","date_gmt":"2021-09-25T07:20:07","guid":{"rendered":"http:\/\/arantv.az\/?p=382536"},"modified":"2021-09-25T10:20:07","modified_gmt":"2021-09-25T07:20:07","slug":"tacir-sahmalioglu-30-il-sonra-arzusuna-catdi-video","status":"publish","type":"post","link":"https:\/\/arantv.az\/?p=382536","title":{"rendered":"Tacir \u015eahmal\u0131o\u011flu 30 il sonra arzusuna \u00e7atd\u0131 &#8211; V\u0130DEO"},"content":{"rendered":"<p>M\u00fc\u011f\u0259nni Tacir \u015eahmal\u0131o\u011flu da \u015eu\u015faya yollan\u0131b.<\/p>\n<p><strong>ARANTV.AZ<\/strong> Ax\u015fam.az-a istinad\u0259n <a title=\"xeberler son xeberler 2021\" href=\"https:\/\/big.az\/\" target=\"_blank\" rel=\"noopener\">x\u0259b\u0259r<\/a>\u00a0verir ki, s\u0259n\u0259t\u00e7i orada &#8220;Qaraba\u011f&#8221; mahn\u0131s\u0131n\u0131 oxuyub.<\/p>\n<div id=\"AdviadNativeVideo0\" class=\"AdviadNativeVideo\"><\/div>\n<p>Tacir &#8220;\u015eu\u015fada arzu etdiyim \u0259hdim\u0259 \u00e7atd\u0131m.Sevincimin h\u0259ddi-h\u00fcdudu yoxdur. \u00c7\u00fcnki ana oca\u011f\u0131mda h\u0259min &#8220;Bayat\u0131 \u015firaz&#8221;\u0131 oxudu\u011fum da\u015f\u0131n \u00fcst\u00fcn\u0259 ayaq basd\u0131m, \u00f6pd\u00fcm, ba\u011fr\u0131ma basd\u0131m. 30 ildir bu d\u0259qiq\u0259ni g\u00f6zl\u0259yirdim. \u015eu\u015fa s\u00f6z\u00fcn\u00fcn burada yaz\u0131rmas\u0131n\u0131 g\u00f6zl\u0259yirdim&#8221; dey\u0259, bildirib.<\/p>\n<div class=\"embed-responsive embed-responsive-16by9\"><iframe loading=\"lazy\" id=\"nmqembedid\" class=\"embed-responsive-item\" title=\"video player\" src=\"https:\/\/izle.az\/embed\/y8-2NbIwtzQ1NTM2NbMwMgAA\" width=\"600\" height=\"340\" frameborder=\"0\" scrolling=\"no\" allowfullscreen=\"allowfullscreen\" data-mce-fragment=\"1\"><\/iframe><\/div>\n","protected":false},"excerpt":{"rendered":"<p>M\u00fc\u011f\u0259nni Tacir \u015eahmal\u0131o\u011flu da \u015eu\u015faya yollan\u0131b. ARANTV.AZ Ax\u015fam.az-a istinad\u0259n x\u0259b\u0259r\u00a0verir ki, s\u0259n\u0259t\u00e7i orada &#8220;Qaraba\u011f&#8221; mahn\u0131s\u0131n\u0131 oxuyub. Tacir &#8220;\u015eu\u015fada arzu etdiyim \u0259hdim\u0259 \u00e7atd\u0131m.Sevincimin h\u0259ddi-h\u00fcdudu yoxdur. \u00c7\u00fcnki ana oca\u011f\u0131mda h\u0259min &#8220;Bayat\u0131 \u015firaz&#8221;\u0131 oxudu\u011fum da\u015f\u0131n \u00fcst\u00fcn\u0259 ayaq basd\u0131m, \u00f6pd\u00fcm, ba\u011fr\u0131ma basd\u0131m. 30 ildir bu d\u0259qiq\u0259ni g\u00f6zl\u0259yirdim. \u015eu\u015fa s\u00f6z\u00fcn\u00fcn burada yaz\u0131rmas\u0131n\u0131 g\u00f6zl\u0259yirdim&#8221; dey\u0259, bildirib.<\/p>\n","protected":false},"author":2,"featured_media":382537,"comment_status":"closed","ping_status":"closed","sticky":false,"template":"","format":"standard","meta":{"om_disable_all_campaigns":false,"_monsterinsights_skip_tracking":false,"_monsterinsights_sitenote_active":false,"_monsterinsights_sitenote_note":"","_monsterinsights_sitenote_category":0},"categories":[26],"tags":[],"aioseo_notices":[],"gutentor_comment":0,"rttpg_featured_image_url":{"full":["https:\/\/arantv.az\/wp-content\/uploads\/2021\/09\/tacir_91632554153.jpg",650,401,false],"landscape":["https:\/\/arantv.az\/wp-content\/uploads\/2021\/09\/tacir_91632554153.jpg",650,401,false],"portraits":["https:\/\/arantv.az\/wp-content\/uploads\/2021\/09\/tacir_91632554153.jpg",650,401,false],"thumbnail":["https:\/\/arantv.az\/wp-content\/uploads\/2021\/09\/tacir_91632554153-500x280.jpg",500,280,true],"medium":["https:\/\/arantv.az\/wp-content\/uploads\/2021\/09\/tacir_91632554153-592x365.jpg",592,365,true],"large":["https:\/\/arantv.az\/wp-content\/uploads\/2021\/09\/tacir_91632554153.jpg",640,395,false],"1536x1536":["https:\/\/arantv.az\/wp-content\/uploads\/2021\/09\/tacir_91632554153.jpg",650,401,false],"2048x2048":["https:\/\/arantv.az\/wp-content\/uploads\/2021\/09\/tacir_91632554153.jpg",650,401,false],"post-thumbnail":["https:\/\/arantv.az\/wp-content\/uploads\/2021\/09\/tacir_91632554153-240x172.jpg",240,172,true],"advps-thumb-one":["https:\/\/arantv.az\/wp-content\/uploads\/2021\/09\/tacir_91632554153.jpg",650,401,false]},"rttpg_author":{"display_name":"V\u00fcsal Rafiqo\u011flu","author_link":"https:\/\/arantv.az\/?author=2"},"rttpg_comment":0,"rttpg_category":"<a href=\"https:\/\/arantv.az\/?cat=26\" rel=\"category\">Sosial<\/a>","rttpg_excerpt":"M\u00fc\u011f\u0259nni Tacir \u015eahmal\u0131o\u011flu da \u015eu\u015faya yollan\u0131b. ARANTV.AZ Ax\u015fam.az-a istinad\u0259n x\u0259b\u0259r\u00a0verir ki, s\u0259n\u0259t\u00e7i orada &#8220;Qaraba\u011f&#8221; mahn\u0131s\u0131n\u0131 oxuyub. Tacir &#8220;\u015eu\u015fada arzu etdiyim \u0259hdim\u0259 \u00e7atd\u0131m.Sevincimin h\u0259ddi-h\u00fcdudu yoxdur. \u00c7\u00fcnki ana oca\u011f\u0131mda h\u0259min &#8220;Bayat\u0131 \u015firaz&#8221;\u0131 oxudu\u011fum da\u015f\u0131n \u00fcst\u00fcn\u0259 ayaq basd\u0131m, \u00f6pd\u00fcm, ba\u011fr\u0131ma basd\u0131m. 30 ildir bu d\u0259qiq\u0259ni g\u00f6zl\u0259yirdim. \u015eu\u015fa s\u00f6z\u00fcn\u00fcn burada yaz\u0131rmas\u0131n\u0131 g\u00f6zl\u0259yirdim&#8221; dey\u0259, bildirib.","_links":{"self":[{"href":"https:\/\/arantv.az\/index.php?rest_route=\/wp\/v2\/posts\/382536"}],"collection":[{"href":"https:\/\/arantv.az\/index.php?rest_route=\/wp\/v2\/posts"}],"about":[{"href":"https:\/\/arantv.az\/index.php?rest_route=\/wp\/v2\/types\/post"}],"author":[{"embeddable":true,"href":"https:\/\/arantv.az\/index.php?rest_route=\/wp\/v2\/users\/2"}],"replies":[{"embeddable":true,"href":"https:\/\/arantv.az\/index.php?rest_route=%2Fwp%2Fv2%2Fcomments&post=382536"}],"version-history":[{"count":0,"href":"https:\/\/arantv.az\/index.php?rest_route=\/wp\/v2\/posts\/382536\/revisions"}],"wp:featuredmedia":[{"embeddable":true,"href":"https:\/\/arantv.az\/index.php?rest_route=\/wp\/v2\/media\/382537"}],"wp:attachment":[{"href":"https:\/\/arantv.az\/index.php?rest_route=%2Fwp%2Fv2%2Fmedia&parent=382536"}],"wp:term":[{"taxonomy":"category","embeddable":true,"href":"https:\/\/arantv.az\/index.php?rest_route=%2Fwp%2Fv2%2Fcategories&post=382536"},{"taxonomy":"post_tag","embeddable":true,"href":"https:\/\/arantv.az\/index.php?rest_route=%2Fwp%2Fv2%2Ftags&post=382536"}],"curies":[{"name":"wp","href":"https:\/\/api.w.org\/{rel}","templated":true}]}}