{"id":382539,"date":"2021-09-25T10:21:50","date_gmt":"2021-09-25T07:21:50","guid":{"rendered":"http:\/\/arantv.az\/?p=382539"},"modified":"2021-09-25T10:21:50","modified_gmt":"2021-09-25T07:21:50","slug":"putin-v%c9%99ziyy%c9%99ti-h%c9%99r-an-d%c9%99yis%c9%99-bil%c9%99r-eks-nazir","status":"publish","type":"post","link":"https:\/\/arantv.az\/?p=382539","title":{"rendered":"Putin v\u0259ziyy\u0259ti h\u0259r an d\u0259yi\u015f\u0259 bil\u0259r &#8211; Eks-nazir"},"content":{"rendered":"<p>Almaniya kansleri Angela Merkel v\u0259zif\u0259d\u0259n getdikd\u0259n sonra da Ukrayna il\u0259 Rusiya aras\u0131nda vasit\u0259\u00e7i ola bil\u0259r.<\/p>\n<p><strong>ARANTV.AZ<\/strong> axar.az-a istinad\u0259n x\u0259b\u0259r verir ki, bunu Ukraynan\u0131n ke\u00e7mi\u015f xarici i\u015fl\u0259r naziri Pavel Klimkin deyib.<\/p>\n<p>O, Donbasda s\u00fclh\u00fcn a\u00e7arlar\u0131n\u0131n Putinin \u0259lind\u0259 oldu\u011funu qeyd edib:<\/p>\n<p>&#8220;Ya \u00f6z oyunumuzu oynay\u0131r\u0131q, ssenarini d\u0259qiq m\u00fc\u0259yy\u0259nl\u0259\u015fdiririk, amerikal\u0131lar\u0131 Donbas \u00fc\u00e7\u00fcn yeni bir strategiyaya ehtiyac\u0131m\u0131z oldu\u011funa inand\u0131r\u0131r\u0131q v\u0259 onlarla birlikd\u0259 gedirik, ya da donma\u011fa gedirik. Donma \u00e7ox t\u0259hl\u00fck\u0259li bir \u015feydir. Dem\u0259li, bu g\u00fcn Putin var. V\u0259 h\u0259r an v\u0259ziyy\u0259ti d\u0259yi\u015f\u0259 bil\u0259r&#8221;.<\/p>\n<p>Klimkin Merkelin iki \u00f6lk\u0259 aras\u0131nda vasit\u0259\u00e7i olma\u011fa davam ed\u0259 bil\u0259c\u0259yini s\u00f6yl\u0259yib:&#8221;Yeni bir strategiya m\u00fcmk\u00fcnd\u00fcr, \u0259slind\u0259 bu bar\u0259d\u0259 dan\u0131\u015f\u0131qlar gedir. Sad\u0259c\u0259 b\u0259zi n\u00fcanslar\u0131 s\u00f6yl\u0259m\u0259k ist\u0259mir\u0259m. Ukrayna AB\u015e-la dan\u0131\u015f\u0131r, Almaniyada yeni h\u00f6kum\u0259t g\u0259ldikd\u0259n sonra yen\u0259 d\u0259 Merkelin Putinl\u0259 dan\u0131\u015fmas\u0131 laz\u0131m olacaq. M\u0259nim proqnozum budur&#8221;.<\/p>\n","protected":false},"excerpt":{"rendered":"<p>Almaniya kansleri Angela Merkel v\u0259zif\u0259d\u0259n getdikd\u0259n sonra da Ukrayna il\u0259 Rusiya aras\u0131nda vasit\u0259\u00e7i ola bil\u0259r. ARANTV.AZ axar.az-a istinad\u0259n x\u0259b\u0259r verir ki, bunu Ukraynan\u0131n ke\u00e7mi\u015f xarici i\u015fl\u0259r naziri Pavel Klimkin deyib. O, Donbasda s\u00fclh\u00fcn a\u00e7arlar\u0131n\u0131n Putinin \u0259lind\u0259 oldu\u011funu qeyd edib: &#8220;Ya \u00f6z oyunumuzu oynay\u0131r\u0131q, ssenarini d\u0259qiq m\u00fc\u0259yy\u0259nl\u0259\u015fdiririk, amerikal\u0131lar\u0131 Donbas \u00fc\u00e7\u00fcn yeni bir strategiyaya ehtiyac\u0131m\u0131z oldu\u011funa inand\u0131r\u0131r\u0131q v\u0259 onlarla birlikd\u0259 gedirik, ya da donma\u011fa gedirik. Donma \u00e7ox t\u0259hl\u00fck\u0259li bir \u015feydir. Dem\u0259li, bu g\u00fcn Putin var. V\u0259 h\u0259r an v\u0259ziyy\u0259ti d\u0259yi\u015f\u0259 bil\u0259r&#8221;. Klimkin Merkelin iki \u00f6lk\u0259 aras\u0131nda vasit\u0259\u00e7i olma\u011fa davam ed\u0259 bil\u0259c\u0259yini s\u00f6yl\u0259yib:&#8221;Yeni&hellip;<\/p>\n","protected":false},"author":2,"featured_media":382540,"comment_status":"closed","ping_status":"closed","sticky":false,"template":"","format":"standard","meta":{"om_disable_all_campaigns":false,"_monsterinsights_skip_tracking":false,"_monsterinsights_sitenote_active":false,"_monsterinsights_sitenote_note":"","_monsterinsights_sitenote_category":0},"categories":[7],"tags":[],"aioseo_notices":[],"gutentor_comment":0,"rttpg_featured_image_url":{"full":["https:\/\/arantv.az\/wp-content\/uploads\/2021\/09\/vladimir_putin_0236.jpg",800,600,false],"landscape":["https:\/\/arantv.az\/wp-content\/uploads\/2021\/09\/vladimir_putin_0236.jpg",800,600,false],"portraits":["https:\/\/arantv.az\/wp-content\/uploads\/2021\/09\/vladimir_putin_0236.jpg",800,600,false],"thumbnail":["https:\/\/arantv.az\/wp-content\/uploads\/2021\/09\/vladimir_putin_0236-500x280.jpg",500,280,true],"medium":["https:\/\/arantv.az\/wp-content\/uploads\/2021\/09\/vladimir_putin_0236-487x365.jpg",487,365,true],"large":["https:\/\/arantv.az\/wp-content\/uploads\/2021\/09\/vladimir_putin_0236.jpg",640,480,false],"1536x1536":["https:\/\/arantv.az\/wp-content\/uploads\/2021\/09\/vladimir_putin_0236.jpg",800,600,false],"2048x2048":["https:\/\/arantv.az\/wp-content\/uploads\/2021\/09\/vladimir_putin_0236.jpg",800,600,false],"post-thumbnail":["https:\/\/arantv.az\/wp-content\/uploads\/2021\/09\/vladimir_putin_0236-240x172.jpg",240,172,true],"advps-thumb-one":["https:\/\/arantv.az\/wp-content\/uploads\/2021\/09\/vladimir_putin_0236.jpg",800,600,false]},"rttpg_author":{"display_name":"V\u00fcsal Rafiqo\u011flu","author_link":"https:\/\/arantv.az\/?author=2"},"rttpg_comment":0,"rttpg_category":"<a href=\"https:\/\/arantv.az\/?cat=7\" rel=\"category\">D\u00fcnya<\/a>","rttpg_excerpt":"Almaniya kansleri Angela Merkel v\u0259zif\u0259d\u0259n getdikd\u0259n sonra da Ukrayna il\u0259 Rusiya aras\u0131nda vasit\u0259\u00e7i ola bil\u0259r. ARANTV.AZ axar.az-a istinad\u0259n x\u0259b\u0259r verir ki, bunu Ukraynan\u0131n ke\u00e7mi\u015f xarici i\u015fl\u0259r naziri Pavel Klimkin deyib. O, Donbasda s\u00fclh\u00fcn a\u00e7arlar\u0131n\u0131n Putinin \u0259lind\u0259 oldu\u011funu qeyd edib: &#8220;Ya \u00f6z oyunumuzu oynay\u0131r\u0131q, ssenarini d\u0259qiq m\u00fc\u0259yy\u0259nl\u0259\u015fdiririk, amerikal\u0131lar\u0131 Donbas \u00fc\u00e7\u00fcn yeni bir strategiyaya ehtiyac\u0131m\u0131z oldu\u011funa inand\u0131r\u0131r\u0131q&hellip;","_links":{"self":[{"href":"https:\/\/arantv.az\/index.php?rest_route=\/wp\/v2\/posts\/382539"}],"collection":[{"href":"https:\/\/arantv.az\/index.php?rest_route=\/wp\/v2\/posts"}],"about":[{"href":"https:\/\/arantv.az\/index.php?rest_route=\/wp\/v2\/types\/post"}],"author":[{"embeddable":true,"href":"https:\/\/arantv.az\/index.php?rest_route=\/wp\/v2\/users\/2"}],"replies":[{"embeddable":true,"href":"https:\/\/arantv.az\/index.php?rest_route=%2Fwp%2Fv2%2Fcomments&post=382539"}],"version-history":[{"count":0,"href":"https:\/\/arantv.az\/index.php?rest_route=\/wp\/v2\/posts\/382539\/revisions"}],"wp:featuredmedia":[{"embeddable":true,"href":"https:\/\/arantv.az\/index.php?rest_route=\/wp\/v2\/media\/382540"}],"wp:attachment":[{"href":"https:\/\/arantv.az\/index.php?rest_route=%2Fwp%2Fv2%2Fmedia&parent=382539"}],"wp:term":[{"taxonomy":"category","embeddable":true,"href":"https:\/\/arantv.az\/index.php?rest_route=%2Fwp%2Fv2%2Fcategories&post=382539"},{"taxonomy":"post_tag","embeddable":true,"href":"https:\/\/arantv.az\/index.php?rest_route=%2Fwp%2Fv2%2Ftags&post=382539"}],"curies":[{"name":"wp","href":"https:\/\/api.w.org\/{rel}","templated":true}]}}