{"id":382545,"date":"2021-09-25T10:27:25","date_gmt":"2021-09-25T07:27:25","guid":{"rendered":"http:\/\/arantv.az\/?p=382545"},"modified":"2021-09-25T10:27:25","modified_gmt":"2021-09-25T07:27:25","slug":"ukrayna-rusiyaya-d%c9%99nizd%c9%99-qalib-g%c9%99l%c9%99-bil%c9%99r-plan","status":"publish","type":"post","link":"https:\/\/arantv.az\/?p=382545","title":{"rendered":"Ukrayna Rusiyaya d\u0259nizd\u0259 qalib g\u0259l\u0259 bil\u0259r &#8211; Plan"},"content":{"rendered":"<p>Ukraynan\u0131n Qara d\u0259nizd\u0259 Rusiyan\u0131 m\u0259\u011flub etm\u0259k \u00fc\u00e7\u00fcn \u00fc\u00e7 b\u0259ndd\u0259n ibar\u0259t plan\u0131 yerin\u0259 yetirm\u0259si laz\u0131md\u0131r.<\/p>\n<p><strong>ARANTV.AZ<\/strong>\u00a0 axar.az-a istinad\u0259n x\u0259b\u0259r verir ki, bunu Ukraynan\u0131n vitse-admiral\u0131 Sergey Qayduk bildirib.<\/p>\n<p>O qeyd edib ki, ilk n\u00f6vb\u0259d\u0259 Kiyev d\u0259niz siyas\u0259tini formala\u015fd\u0131ran bir qurum yaratmal\u0131d\u0131r. \u0130dar\u0259etm\u0259 s\u0259viyy\u0259si nazirlik s\u0259viyy\u0259sind\u0259n y\u00fcks\u0259k v\u0259 x\u00fcsusi statuslu olmal\u0131d\u0131r. Bundan sonra Ukraynan\u0131n b\u00fct\u00fcn normativ-h\u00fcquqi bazan\u0131 beyn\u0259lxalq standartlara uy\u011funla\u015fd\u0131rmas\u0131 laz\u0131md\u0131r.<\/p>\n<p>\u00dc\u00e7\u00fcnc\u00fc b\u0259nd is\u0259 beyn\u0259lxalq t\u0259r\u0259fda\u015flardan \u0259n son d\u0259niz silah modell\u0259rini almaq v\u0259 Ukraynada istehsal\u0131na ba\u015flamaqd\u0131r.<\/p>\n","protected":false},"excerpt":{"rendered":"<p>Ukraynan\u0131n Qara d\u0259nizd\u0259 Rusiyan\u0131 m\u0259\u011flub etm\u0259k \u00fc\u00e7\u00fcn \u00fc\u00e7 b\u0259ndd\u0259n ibar\u0259t plan\u0131 yerin\u0259 yetirm\u0259si laz\u0131md\u0131r. ARANTV.AZ\u00a0 axar.az-a istinad\u0259n x\u0259b\u0259r verir ki, bunu Ukraynan\u0131n vitse-admiral\u0131 Sergey Qayduk bildirib. O qeyd edib ki, ilk n\u00f6vb\u0259d\u0259 Kiyev d\u0259niz siyas\u0259tini formala\u015fd\u0131ran bir qurum yaratmal\u0131d\u0131r. \u0130dar\u0259etm\u0259 s\u0259viyy\u0259si nazirlik s\u0259viyy\u0259sind\u0259n y\u00fcks\u0259k v\u0259 x\u00fcsusi statuslu olmal\u0131d\u0131r. Bundan sonra Ukraynan\u0131n b\u00fct\u00fcn normativ-h\u00fcquqi bazan\u0131 beyn\u0259lxalq standartlara uy\u011funla\u015fd\u0131rmas\u0131 laz\u0131md\u0131r. \u00dc\u00e7\u00fcnc\u00fc b\u0259nd is\u0259 beyn\u0259lxalq t\u0259r\u0259fda\u015flardan \u0259n son d\u0259niz silah modell\u0259rini almaq v\u0259 Ukraynada istehsal\u0131na ba\u015flamaqd\u0131r.<\/p>\n","protected":false},"author":2,"featured_media":382546,"comment_status":"closed","ping_status":"closed","sticky":false,"template":"","format":"standard","meta":{"om_disable_all_campaigns":false,"_monsterinsights_skip_tracking":false,"_monsterinsights_sitenote_active":false,"_monsterinsights_sitenote_note":"","_monsterinsights_sitenote_category":0},"categories":[7],"tags":[],"aioseo_notices":[],"gutentor_comment":0,"rttpg_featured_image_url":{"full":["https:\/\/arantv.az\/wp-content\/uploads\/2021\/09\/982573.jpg",800,600,false],"landscape":["https:\/\/arantv.az\/wp-content\/uploads\/2021\/09\/982573.jpg",800,600,false],"portraits":["https:\/\/arantv.az\/wp-content\/uploads\/2021\/09\/982573.jpg",800,600,false],"thumbnail":["https:\/\/arantv.az\/wp-content\/uploads\/2021\/09\/982573-500x280.jpg",500,280,true],"medium":["https:\/\/arantv.az\/wp-content\/uploads\/2021\/09\/982573-487x365.jpg",487,365,true],"large":["https:\/\/arantv.az\/wp-content\/uploads\/2021\/09\/982573.jpg",640,480,false],"1536x1536":["https:\/\/arantv.az\/wp-content\/uploads\/2021\/09\/982573.jpg",800,600,false],"2048x2048":["https:\/\/arantv.az\/wp-content\/uploads\/2021\/09\/982573.jpg",800,600,false],"post-thumbnail":["https:\/\/arantv.az\/wp-content\/uploads\/2021\/09\/982573-240x172.jpg",240,172,true],"advps-thumb-one":["https:\/\/arantv.az\/wp-content\/uploads\/2021\/09\/982573.jpg",800,600,false]},"rttpg_author":{"display_name":"V\u00fcsal Rafiqo\u011flu","author_link":"https:\/\/arantv.az\/?author=2"},"rttpg_comment":0,"rttpg_category":"<a href=\"https:\/\/arantv.az\/?cat=7\" rel=\"category\">D\u00fcnya<\/a>","rttpg_excerpt":"Ukraynan\u0131n Qara d\u0259nizd\u0259 Rusiyan\u0131 m\u0259\u011flub etm\u0259k \u00fc\u00e7\u00fcn \u00fc\u00e7 b\u0259ndd\u0259n ibar\u0259t plan\u0131 yerin\u0259 yetirm\u0259si laz\u0131md\u0131r. ARANTV.AZ\u00a0 axar.az-a istinad\u0259n x\u0259b\u0259r verir ki, bunu Ukraynan\u0131n vitse-admiral\u0131 Sergey Qayduk bildirib. O qeyd edib ki, ilk n\u00f6vb\u0259d\u0259 Kiyev d\u0259niz siyas\u0259tini formala\u015fd\u0131ran bir qurum yaratmal\u0131d\u0131r. \u0130dar\u0259etm\u0259 s\u0259viyy\u0259si nazirlik s\u0259viyy\u0259sind\u0259n y\u00fcks\u0259k v\u0259 x\u00fcsusi statuslu olmal\u0131d\u0131r. Bundan sonra Ukraynan\u0131n b\u00fct\u00fcn normativ-h\u00fcquqi bazan\u0131 beyn\u0259lxalq&hellip;","_links":{"self":[{"href":"https:\/\/arantv.az\/index.php?rest_route=\/wp\/v2\/posts\/382545"}],"collection":[{"href":"https:\/\/arantv.az\/index.php?rest_route=\/wp\/v2\/posts"}],"about":[{"href":"https:\/\/arantv.az\/index.php?rest_route=\/wp\/v2\/types\/post"}],"author":[{"embeddable":true,"href":"https:\/\/arantv.az\/index.php?rest_route=\/wp\/v2\/users\/2"}],"replies":[{"embeddable":true,"href":"https:\/\/arantv.az\/index.php?rest_route=%2Fwp%2Fv2%2Fcomments&post=382545"}],"version-history":[{"count":0,"href":"https:\/\/arantv.az\/index.php?rest_route=\/wp\/v2\/posts\/382545\/revisions"}],"wp:featuredmedia":[{"embeddable":true,"href":"https:\/\/arantv.az\/index.php?rest_route=\/wp\/v2\/media\/382546"}],"wp:attachment":[{"href":"https:\/\/arantv.az\/index.php?rest_route=%2Fwp%2Fv2%2Fmedia&parent=382545"}],"wp:term":[{"taxonomy":"category","embeddable":true,"href":"https:\/\/arantv.az\/index.php?rest_route=%2Fwp%2Fv2%2Fcategories&post=382545"},{"taxonomy":"post_tag","embeddable":true,"href":"https:\/\/arantv.az\/index.php?rest_route=%2Fwp%2Fv2%2Ftags&post=382545"}],"curies":[{"name":"wp","href":"https:\/\/api.w.org\/{rel}","templated":true}]}}