{"id":382548,"date":"2021-09-25T10:31:21","date_gmt":"2021-09-25T07:31:21","guid":{"rendered":"http:\/\/arantv.az\/?p=382548"},"modified":"2021-09-25T10:31:21","modified_gmt":"2021-09-25T07:31:21","slug":"sentyabr-uzr%c9%99-unvanli-dovl%c9%99t-sosial-yardimlari-od%c9%99nildi-foto","status":"publish","type":"post","link":"https:\/\/arantv.az\/?p=382548","title":{"rendered":"Sentyabr \u00fczr\u0259 \u00fcnvanl\u0131 d\u00f6vl\u0259t sosial yard\u0131mlar\u0131 \u00f6d\u0259nildi &#8211; FOTO"},"content":{"rendered":"<p>Sentyabr ay\u0131 \u00fczr\u0259 \u00fcnvanl\u0131 d\u00f6vl\u0259t sosial yard\u0131m\u0131n\u0131n \u00f6d\u0259nilm\u0259si ba\u015fa \u00e7atd\u0131r\u0131l\u0131b.<\/p>\n<p>Bu bar\u0259d\u0259 D\u00f6vl\u0259t Sosial M\u00fcdafi\u0259 Fondu m\u0259lumat yay\u0131b.<\/p>\n<div id=\"AdviadNativeVideo0\" class=\"AdviadNativeVideo\"><\/div>\n<p>Bildirilib ki, b\u00fct\u00fcn m\u00fcavin\u0259t, t\u0259qa\u00fcd v\u0259 kompensasiyalar\u0131n \u00f6d\u0259ni\u015fi d\u0259 h\u0259yata ke\u00e7irilib.<\/p>\n<p>M\u00fcavin\u0259t, t\u0259qa\u00fcd v\u0259 kompensasiyalar m\u00fcvafiq kateqoriyalardan olan \u015f\u0259xsl\u0259rin hesablar\u0131na k\u00f6\u00e7\u00fcr\u00fcl\u00fcb.<\/p>\n<p>&nbsp;<\/p>\n<div class=\"gallery\">\n<div class=\"gallery-i\"><img src=\"https:\/\/cdn.oxu.az\/uploads\/W1siZiIsIjIwMjEvMDkvMjUvMTEvMjcvNTQvMzdjNTE3OGUtNGU5ZS00ODMxLTliZjYtZmNlODEwOGY5MDAyLzI0MjI2NjA3OV8zODQ1OTQ3NDMyMTA0NDNfMTI4Mzg5NzA2MTgxMjc4NjI3NV9uLmpwZyJdLFsicCIsImVuY29kZSIsImpwZyIsIi1xdWFsaXR5IDgwIl0sWyJwIiwidGh1bWIiLCI1OTB4NTkwXHUwMDNlIl1d?sha=755cb9dcb9168cf8\" alt=\"\" \/><\/div>\n<\/div>\n","protected":false},"excerpt":{"rendered":"<p>Sentyabr ay\u0131 \u00fczr\u0259 \u00fcnvanl\u0131 d\u00f6vl\u0259t sosial yard\u0131m\u0131n\u0131n \u00f6d\u0259nilm\u0259si ba\u015fa \u00e7atd\u0131r\u0131l\u0131b. Bu bar\u0259d\u0259 D\u00f6vl\u0259t Sosial M\u00fcdafi\u0259 Fondu m\u0259lumat yay\u0131b. Bildirilib ki, b\u00fct\u00fcn m\u00fcavin\u0259t, t\u0259qa\u00fcd v\u0259 kompensasiyalar\u0131n \u00f6d\u0259ni\u015fi d\u0259 h\u0259yata ke\u00e7irilib. M\u00fcavin\u0259t, t\u0259qa\u00fcd v\u0259 kompensasiyalar m\u00fcvafiq kateqoriyalardan olan \u015f\u0259xsl\u0259rin hesablar\u0131na k\u00f6\u00e7\u00fcr\u00fcl\u00fcb. &nbsp;<\/p>\n","protected":false},"author":2,"featured_media":273164,"comment_status":"closed","ping_status":"closed","sticky":false,"template":"","format":"standard","meta":{"om_disable_all_campaigns":false,"_monsterinsights_skip_tracking":false,"_monsterinsights_sitenote_active":false,"_monsterinsights_sitenote_note":"","_monsterinsights_sitenote_category":0},"categories":[26],"tags":[],"aioseo_notices":[],"gutentor_comment":0,"rttpg_featured_image_url":{"full":["https:\/\/arantv.az\/wp-content\/uploads\/2021\/01\/1596793549_pulj.jpg",620,323,false],"landscape":["https:\/\/arantv.az\/wp-content\/uploads\/2021\/01\/1596793549_pulj.jpg",620,323,false],"portraits":["https:\/\/arantv.az\/wp-content\/uploads\/2021\/01\/1596793549_pulj.jpg",620,323,false],"thumbnail":["https:\/\/arantv.az\/wp-content\/uploads\/2021\/01\/1596793549_pulj-150x150.jpg",150,150,true],"medium":["https:\/\/arantv.az\/wp-content\/uploads\/2021\/01\/1596793549_pulj-300x156.jpg",300,156,true],"large":["https:\/\/arantv.az\/wp-content\/uploads\/2021\/01\/1596793549_pulj.jpg",620,323,false],"1536x1536":["https:\/\/arantv.az\/wp-content\/uploads\/2021\/01\/1596793549_pulj.jpg",620,323,false],"2048x2048":["https:\/\/arantv.az\/wp-content\/uploads\/2021\/01\/1596793549_pulj.jpg",620,323,false],"post-thumbnail":["https:\/\/arantv.az\/wp-content\/uploads\/2021\/01\/1596793549_pulj-240x172.jpg",240,172,true],"advps-thumb-one":["https:\/\/arantv.az\/wp-content\/uploads\/2021\/01\/1596793549_pulj.jpg",620,323,false]},"rttpg_author":{"display_name":"V\u00fcsal Rafiqo\u011flu","author_link":"https:\/\/arantv.az\/?author=2"},"rttpg_comment":0,"rttpg_category":"<a href=\"https:\/\/arantv.az\/?cat=26\" rel=\"category\">Sosial<\/a>","rttpg_excerpt":"Sentyabr ay\u0131 \u00fczr\u0259 \u00fcnvanl\u0131 d\u00f6vl\u0259t sosial yard\u0131m\u0131n\u0131n \u00f6d\u0259nilm\u0259si ba\u015fa \u00e7atd\u0131r\u0131l\u0131b. Bu bar\u0259d\u0259 D\u00f6vl\u0259t Sosial M\u00fcdafi\u0259 Fondu m\u0259lumat yay\u0131b. Bildirilib ki, b\u00fct\u00fcn m\u00fcavin\u0259t, t\u0259qa\u00fcd v\u0259 kompensasiyalar\u0131n \u00f6d\u0259ni\u015fi d\u0259 h\u0259yata ke\u00e7irilib. M\u00fcavin\u0259t, t\u0259qa\u00fcd v\u0259 kompensasiyalar m\u00fcvafiq kateqoriyalardan olan \u015f\u0259xsl\u0259rin hesablar\u0131na k\u00f6\u00e7\u00fcr\u00fcl\u00fcb. &nbsp;","_links":{"self":[{"href":"https:\/\/arantv.az\/index.php?rest_route=\/wp\/v2\/posts\/382548"}],"collection":[{"href":"https:\/\/arantv.az\/index.php?rest_route=\/wp\/v2\/posts"}],"about":[{"href":"https:\/\/arantv.az\/index.php?rest_route=\/wp\/v2\/types\/post"}],"author":[{"embeddable":true,"href":"https:\/\/arantv.az\/index.php?rest_route=\/wp\/v2\/users\/2"}],"replies":[{"embeddable":true,"href":"https:\/\/arantv.az\/index.php?rest_route=%2Fwp%2Fv2%2Fcomments&post=382548"}],"version-history":[{"count":0,"href":"https:\/\/arantv.az\/index.php?rest_route=\/wp\/v2\/posts\/382548\/revisions"}],"wp:featuredmedia":[{"embeddable":true,"href":"https:\/\/arantv.az\/index.php?rest_route=\/wp\/v2\/media\/273164"}],"wp:attachment":[{"href":"https:\/\/arantv.az\/index.php?rest_route=%2Fwp%2Fv2%2Fmedia&parent=382548"}],"wp:term":[{"taxonomy":"category","embeddable":true,"href":"https:\/\/arantv.az\/index.php?rest_route=%2Fwp%2Fv2%2Fcategories&post=382548"},{"taxonomy":"post_tag","embeddable":true,"href":"https:\/\/arantv.az\/index.php?rest_route=%2Fwp%2Fv2%2Ftags&post=382548"}],"curies":[{"name":"wp","href":"https:\/\/api.w.org\/{rel}","templated":true}]}}