{"id":382554,"date":"2021-09-25T10:33:05","date_gmt":"2021-09-25T07:33:05","guid":{"rendered":"http:\/\/arantv.az\/?p=382554"},"modified":"2021-09-25T10:33:05","modified_gmt":"2021-09-25T07:33:05","slug":"b%c9%99zi-valideynl%c9%99r-hesab-edir-ki-ovladlari-rus-sektorunda-t%c9%99hsil-alsa-daha-dunyagoruslu-olacaq-ekspertd%c9%99n-s%c9%99rh","status":"publish","type":"post","link":"https:\/\/arantv.az\/?p=382554","title":{"rendered":"B\u0259zi valideynl\u0259r hesab edir ki, \u00f6vladlar\u0131 rus sektorunda t\u0259hsil alsa, daha d\u00fcnyag\u00f6r\u00fc\u015fl\u00fc olacaq &#8211; Ekspertd\u0259n \u015e\u018fRH"},"content":{"rendered":"<p>\u201c\u00c7ox t\u0259\u0259s\u00fcf ki, b\u0259zi valideynl\u0259r rus dilind\u0259 t\u0259hsili yanl\u0131\u015f anlay\u0131r. Sanki \u00f6vladlar\u0131 rus dilind\u0259 t\u0259hsil alsa, daha t\u0259rbiy\u0259li,daha savadl\u0131 v\u0259 d\u00fcnyag\u00f6r\u00fc\u015f\u00fc \u00e7ox f\u0259rqli olacaq. \u018fslind\u0259 is\u0259 bu, bel\u0259 deyil\u201d.<\/p>\n<p>Bu s\u00f6zl\u0259ri Editor.az a\u00e7\u0131qlamas\u0131nda t\u0259hsil \u00fczr\u0259 ekspert Adil V\u0259liyev deyib.<\/p>\n<div><\/div>\n<p>O, bildirib ki, h\u0259r\u015fey evd\u0259ki m\u00fcnasib\u0259td\u0259n, ail\u0259nin verdiyi t\u0259rbiy\u0259d\u0259n as\u0131l\u0131d\u0131r:<\/p>\n<p>\u201cRus b\u00f6lm\u0259sin\u0259 d\u0259, ingilis b\u00f6lm\u0259sin\u0259 d\u0259 ehtiyac var v\u0259 bu sistem \u00f6z\u0259l m\u0259kt\u0259bl\u0259rin bir \u00e7oxunda t\u0259tbiq olunur. Ancaq unutmaq laz\u0131m deyil ki, ana dilimizi \u0259sas tutulmal\u0131 v\u0259 dig\u0259r dill\u0259r sad\u0259c\u0259 dil bilikl\u0259rini art\u0131rmaq \u00fc\u00e7\u00fcn laz\u0131ml\u0131 olmal\u0131d\u0131r. Ancaq bir n\u00fcans\u0131 da n\u0259z\u0259r\u0259 almaq laz\u0131md\u0131r ki, ist\u0259nil\u0259n m\u00f6vzuda daha geni\u015f m\u0259lumat \u0259ld\u0259 etm\u0259k ist\u0259s\u0259k bunu ya rus dilind\u0259, ya da ingilis dilind\u0259 \u0259ld\u0259 ed\u0259 bilirik. Diqq\u0259t ets\u0259k g\u00f6r\u0259rik ki, bu problem m\u00fc\u0259lliml\u0259rimizd\u0259 d\u0259 m\u00fc\u0259yy\u0259n q\u0259d\u0259r \u00f6z\u00fcn\u00fc b\u00fcruz\u0259 verir. M\u0259hz bu kimi s\u0259b\u0259bl\u0259rd\u0259n valideynl\u0259r \u00f6vladlar\u0131n\u0131n rus b\u00f6lm\u0259sind\u0259 t\u0259hsil almas\u0131n\u0131 ist\u0259yirl\u0259r. Qarda\u015f \u00f6lk\u0259 T\u00fcrkiy\u0259y\u0259 n\u0259z\u0259r salsaq, onlar\u0131n dil z\u0259nginliyinin \u015fahidi olar\u0131q. Bu z\u0259nginliyi qoruyub saxlayan t\u00fcrk xalq\u0131 olub. Xaricd\u0259 t\u0259hsil alsalar bel\u0259 ehtiyac olmad\u0131\u011f\u0131 m\u00fcdd\u0259td\u0259 xarici dild\u0259 dan\u0131\u015fm\u0131rlar. X\u00fcsusil\u0259 qeyd etm\u0259k ist\u0259yir\u0259m ki, bur\u011faca atvyorka dediyimiz, \u00f6z dilimiz\u0259 la\u011f etdiyimiz m\u00fcdd\u0259td\u0259 v\u0259 laz\u0131m olan m\u0259lumatlar\u0131, ehtiyac olan t\u0259l\u0259bl\u0259ri ana dilimizd\u0259 tapmad\u0131\u011f\u0131m\u0131z halda bu problem davam ed\u0259c\u0259k\u201d.<\/p>\n","protected":false},"excerpt":{"rendered":"<p>\u201c\u00c7ox t\u0259\u0259s\u00fcf ki, b\u0259zi valideynl\u0259r rus dilind\u0259 t\u0259hsili yanl\u0131\u015f anlay\u0131r. Sanki \u00f6vladlar\u0131 rus dilind\u0259 t\u0259hsil alsa, daha t\u0259rbiy\u0259li,daha savadl\u0131 v\u0259 d\u00fcnyag\u00f6r\u00fc\u015f\u00fc \u00e7ox f\u0259rqli olacaq. \u018fslind\u0259 is\u0259 bu, bel\u0259 deyil\u201d. Bu s\u00f6zl\u0259ri Editor.az a\u00e7\u0131qlamas\u0131nda t\u0259hsil \u00fczr\u0259 ekspert Adil V\u0259liyev deyib. O, bildirib ki, h\u0259r\u015fey evd\u0259ki m\u00fcnasib\u0259td\u0259n, ail\u0259nin verdiyi t\u0259rbiy\u0259d\u0259n as\u0131l\u0131d\u0131r: \u201cRus b\u00f6lm\u0259sin\u0259 d\u0259, ingilis b\u00f6lm\u0259sin\u0259 d\u0259 ehtiyac var v\u0259 bu sistem \u00f6z\u0259l m\u0259kt\u0259bl\u0259rin bir \u00e7oxunda t\u0259tbiq olunur. Ancaq unutmaq laz\u0131m deyil ki, ana dilimizi \u0259sas tutulmal\u0131 v\u0259 dig\u0259r dill\u0259r sad\u0259c\u0259 dil bilikl\u0259rini art\u0131rmaq \u00fc\u00e7\u00fcn laz\u0131ml\u0131 olmal\u0131d\u0131r. Ancaq bir n\u00fcans\u0131 da n\u0259z\u0259r\u0259&hellip;<\/p>\n","protected":false},"author":2,"featured_media":382555,"comment_status":"closed","ping_status":"closed","sticky":false,"template":"","format":"standard","meta":{"om_disable_all_campaigns":false,"_monsterinsights_skip_tracking":false,"_monsterinsights_sitenote_active":false,"_monsterinsights_sitenote_note":"","_monsterinsights_sitenote_category":0},"categories":[26],"tags":[],"aioseo_notices":[],"gutentor_comment":0,"rttpg_featured_image_url":{"full":["https:\/\/arantv.az\/wp-content\/uploads\/2021\/09\/00000mekteb.png",690,462,false],"landscape":["https:\/\/arantv.az\/wp-content\/uploads\/2021\/09\/00000mekteb.png",690,462,false],"portraits":["https:\/\/arantv.az\/wp-content\/uploads\/2021\/09\/00000mekteb.png",690,462,false],"thumbnail":["https:\/\/arantv.az\/wp-content\/uploads\/2021\/09\/00000mekteb-500x280.png",500,280,true],"medium":["https:\/\/arantv.az\/wp-content\/uploads\/2021\/09\/00000mekteb-545x365.png",545,365,true],"large":["https:\/\/arantv.az\/wp-content\/uploads\/2021\/09\/00000mekteb.png",640,429,false],"1536x1536":["https:\/\/arantv.az\/wp-content\/uploads\/2021\/09\/00000mekteb.png",690,462,false],"2048x2048":["https:\/\/arantv.az\/wp-content\/uploads\/2021\/09\/00000mekteb.png",690,462,false],"post-thumbnail":["https:\/\/arantv.az\/wp-content\/uploads\/2021\/09\/00000mekteb-240x172.png",240,172,true],"advps-thumb-one":["https:\/\/arantv.az\/wp-content\/uploads\/2021\/09\/00000mekteb.png",690,462,false]},"rttpg_author":{"display_name":"V\u00fcsal Rafiqo\u011flu","author_link":"https:\/\/arantv.az\/?author=2"},"rttpg_comment":0,"rttpg_category":"<a href=\"https:\/\/arantv.az\/?cat=26\" rel=\"category\">Sosial<\/a>","rttpg_excerpt":"\u201c\u00c7ox t\u0259\u0259s\u00fcf ki, b\u0259zi valideynl\u0259r rus dilind\u0259 t\u0259hsili yanl\u0131\u015f anlay\u0131r. Sanki \u00f6vladlar\u0131 rus dilind\u0259 t\u0259hsil alsa, daha t\u0259rbiy\u0259li,daha savadl\u0131 v\u0259 d\u00fcnyag\u00f6r\u00fc\u015f\u00fc \u00e7ox f\u0259rqli olacaq. \u018fslind\u0259 is\u0259 bu, bel\u0259 deyil\u201d. Bu s\u00f6zl\u0259ri Editor.az a\u00e7\u0131qlamas\u0131nda t\u0259hsil \u00fczr\u0259 ekspert Adil V\u0259liyev deyib. O, bildirib ki, h\u0259r\u015fey evd\u0259ki m\u00fcnasib\u0259td\u0259n, ail\u0259nin verdiyi t\u0259rbiy\u0259d\u0259n as\u0131l\u0131d\u0131r: \u201cRus b\u00f6lm\u0259sin\u0259 d\u0259, ingilis b\u00f6lm\u0259sin\u0259 d\u0259&hellip;","_links":{"self":[{"href":"https:\/\/arantv.az\/index.php?rest_route=\/wp\/v2\/posts\/382554"}],"collection":[{"href":"https:\/\/arantv.az\/index.php?rest_route=\/wp\/v2\/posts"}],"about":[{"href":"https:\/\/arantv.az\/index.php?rest_route=\/wp\/v2\/types\/post"}],"author":[{"embeddable":true,"href":"https:\/\/arantv.az\/index.php?rest_route=\/wp\/v2\/users\/2"}],"replies":[{"embeddable":true,"href":"https:\/\/arantv.az\/index.php?rest_route=%2Fwp%2Fv2%2Fcomments&post=382554"}],"version-history":[{"count":0,"href":"https:\/\/arantv.az\/index.php?rest_route=\/wp\/v2\/posts\/382554\/revisions"}],"wp:featuredmedia":[{"embeddable":true,"href":"https:\/\/arantv.az\/index.php?rest_route=\/wp\/v2\/media\/382555"}],"wp:attachment":[{"href":"https:\/\/arantv.az\/index.php?rest_route=%2Fwp%2Fv2%2Fmedia&parent=382554"}],"wp:term":[{"taxonomy":"category","embeddable":true,"href":"https:\/\/arantv.az\/index.php?rest_route=%2Fwp%2Fv2%2Fcategories&post=382554"},{"taxonomy":"post_tag","embeddable":true,"href":"https:\/\/arantv.az\/index.php?rest_route=%2Fwp%2Fv2%2Ftags&post=382554"}],"curies":[{"name":"wp","href":"https:\/\/api.w.org\/{rel}","templated":true}]}}