{"id":382563,"date":"2021-09-25T10:37:28","date_gmt":"2021-09-25T07:37:28","guid":{"rendered":"http:\/\/arantv.az\/?p=382563"},"modified":"2021-09-25T10:37:28","modified_gmt":"2021-09-25T07:37:28","slug":"h%c9%99ms%c9%99drl%c9%99r-az%c9%99rbaycan-v%c9%99-erm%c9%99nistan-xarici-isl%c9%99r-nazirl%c9%99rinin-gorusunu-alqislayir","status":"publish","type":"post","link":"https:\/\/arantv.az\/?p=382563","title":{"rendered":"H\u0259ms\u0259drl\u0259r Az\u0259rbaycan v\u0259 Erm\u0259nistan xarici i\u015fl\u0259r nazirl\u0259rinin g\u00f6r\u00fc\u015f\u00fcn\u00fc alq\u0131\u015flay\u0131r"},"content":{"rendered":"<p>AT\u018fT Minsk qrupunun h\u0259ms\u0259drl\u0259ri Az\u0259rbaycan v\u0259 Erm\u0259nistan xarici i\u015fl\u0259r nazirl\u0259rinin \u0130kinci Qaraba\u011f m\u00fcharib\u0259sind\u0259n sonra ilk g\u00f6r\u00fc\u015f\u00fcn\u00fc alq\u0131\u015flay\u0131r.<\/p>\n<p><strong>ARANTV.AZ\u00a0<\/strong> <a href=\"https:\/\/az.trend.az\/\" target=\"_blank\" rel=\"noopener\">Trend<\/a>-\u0259 istinad\u0259n bildirir ki,\u00a0 bu bar\u0259d\u0259 h\u0259ms\u0259drl\u0259r, Stefan Viskonti (Fransa), Endr\u00fc \u015eofer (AB\u015e) v\u0259 \u0130qor Xovayevin (Rusiya) b\u0259yanat\u0131nda deyilir.<\/p>\n<p>Qeyd olunur ki, AT\u018fT Minsk qrupunun h\u0259ms\u0259drl\u0259ri BMT Ba\u015f Assambleyas\u0131n\u0131n 76-c\u0131 sessiyas\u0131 \u00e7\u0259r\u00e7iv\u0259sind\u0259 Az\u0259rbaycan\u0131n xarici i\u015fl\u0259r naziri Ceyhun Bayramov v\u0259 Erm\u0259nistan\u0131n xarici i\u015fl\u0259r naziri Ararat Mirzoyanla ayr\u0131-ayr\u0131l\u0131qda g\u00f6r\u00fc\u015f\u00fcb.<\/p>\n<p>Daha sonra h\u0259ms\u0259drl\u0259rin i\u015ftirak\u0131 il\u0259 nazirl\u0259rin g\u00f6r\u00fc\u015f\u00fc ba\u015f tutub.<\/p>\n<p>B\u0259yanatda qeyd olunur ki, g\u00f6r\u00fc\u015fl\u0259r zaman\u0131 Erm\u0259nistanla Az\u0259rbaycan aras\u0131nda h\u0259ll olunmam\u0131\u015f m\u0259s\u0259l\u0259l\u0259r m\u00fczakir\u0259 olunub.<\/p>\n<p>H\u0259ms\u0259drl\u0259r h\u0259r iki \u00f6lk\u0259nin xarici i\u015fl\u0259r nazirl\u0259rinin 2020-ci ilin noyabr\u0131ndan b\u0259ri ke\u00e7iril\u0259n ilk g\u00f6r\u00fc\u015f\u00fcn\u00fc alq\u0131\u015flay\u0131blar v\u0259 mandatlar\u0131na uy\u011fun olaraq b\u00fct\u00fcn qalan m\u0259s\u0259l\u0259l\u0259rin h\u0259rt\u0259r\u0259fli h\u0259llini tapmas\u0131 \u00fc\u00e7\u00fcn t\u0259r\u0259fl\u0259rl\u0259 i\u015fl\u0259m\u0259y\u0259 davam etm\u0259y\u0259 sadiq qald\u0131qlar\u0131n\u0131 bildiribl\u0259r.<\/p>\n","protected":false},"excerpt":{"rendered":"<p>AT\u018fT Minsk qrupunun h\u0259ms\u0259drl\u0259ri Az\u0259rbaycan v\u0259 Erm\u0259nistan xarici i\u015fl\u0259r nazirl\u0259rinin \u0130kinci Qaraba\u011f m\u00fcharib\u0259sind\u0259n sonra ilk g\u00f6r\u00fc\u015f\u00fcn\u00fc alq\u0131\u015flay\u0131r. ARANTV.AZ\u00a0 Trend-\u0259 istinad\u0259n bildirir ki,\u00a0 bu bar\u0259d\u0259 h\u0259ms\u0259drl\u0259r, Stefan Viskonti (Fransa), Endr\u00fc \u015eofer (AB\u015e) v\u0259 \u0130qor Xovayevin (Rusiya) b\u0259yanat\u0131nda deyilir. Qeyd olunur ki, AT\u018fT Minsk qrupunun h\u0259ms\u0259drl\u0259ri BMT Ba\u015f Assambleyas\u0131n\u0131n 76-c\u0131 sessiyas\u0131 \u00e7\u0259r\u00e7iv\u0259sind\u0259 Az\u0259rbaycan\u0131n xarici i\u015fl\u0259r naziri Ceyhun Bayramov v\u0259 Erm\u0259nistan\u0131n xarici i\u015fl\u0259r naziri Ararat Mirzoyanla ayr\u0131-ayr\u0131l\u0131qda g\u00f6r\u00fc\u015f\u00fcb. Daha sonra h\u0259ms\u0259drl\u0259rin i\u015ftirak\u0131 il\u0259 nazirl\u0259rin g\u00f6r\u00fc\u015f\u00fc ba\u015f tutub. B\u0259yanatda qeyd olunur ki, g\u00f6r\u00fc\u015fl\u0259r zaman\u0131 Erm\u0259nistanla Az\u0259rbaycan aras\u0131nda h\u0259ll olunmam\u0131\u015f m\u0259s\u0259l\u0259l\u0259r m\u00fczakir\u0259 olunub. H\u0259ms\u0259drl\u0259r h\u0259r&hellip;<\/p>\n","protected":false},"author":2,"featured_media":382564,"comment_status":"closed","ping_status":"closed","sticky":false,"template":"","format":"standard","meta":{"om_disable_all_campaigns":false,"_monsterinsights_skip_tracking":false,"_monsterinsights_sitenote_active":false,"_monsterinsights_sitenote_note":"","_monsterinsights_sitenote_category":0},"categories":[4],"tags":[],"aioseo_notices":[],"gutentor_comment":0,"rttpg_featured_image_url":{"full":["https:\/\/arantv.az\/wp-content\/uploads\/2021\/09\/982614.jpg",800,600,false],"landscape":["https:\/\/arantv.az\/wp-content\/uploads\/2021\/09\/982614.jpg",800,600,false],"portraits":["https:\/\/arantv.az\/wp-content\/uploads\/2021\/09\/982614.jpg",800,600,false],"thumbnail":["https:\/\/arantv.az\/wp-content\/uploads\/2021\/09\/982614-500x280.jpg",500,280,true],"medium":["https:\/\/arantv.az\/wp-content\/uploads\/2021\/09\/982614-487x365.jpg",487,365,true],"large":["https:\/\/arantv.az\/wp-content\/uploads\/2021\/09\/982614.jpg",640,480,false],"1536x1536":["https:\/\/arantv.az\/wp-content\/uploads\/2021\/09\/982614.jpg",800,600,false],"2048x2048":["https:\/\/arantv.az\/wp-content\/uploads\/2021\/09\/982614.jpg",800,600,false],"post-thumbnail":["https:\/\/arantv.az\/wp-content\/uploads\/2021\/09\/982614-240x172.jpg",240,172,true],"advps-thumb-one":["https:\/\/arantv.az\/wp-content\/uploads\/2021\/09\/982614.jpg",800,600,false]},"rttpg_author":{"display_name":"V\u00fcsal Rafiqo\u011flu","author_link":"https:\/\/arantv.az\/?author=2"},"rttpg_comment":0,"rttpg_category":"<a href=\"https:\/\/arantv.az\/?cat=4\" rel=\"category\">Siyas\u0259t<\/a>","rttpg_excerpt":"AT\u018fT Minsk qrupunun h\u0259ms\u0259drl\u0259ri Az\u0259rbaycan v\u0259 Erm\u0259nistan xarici i\u015fl\u0259r nazirl\u0259rinin \u0130kinci Qaraba\u011f m\u00fcharib\u0259sind\u0259n sonra ilk g\u00f6r\u00fc\u015f\u00fcn\u00fc alq\u0131\u015flay\u0131r. ARANTV.AZ\u00a0 Trend-\u0259 istinad\u0259n bildirir ki,\u00a0 bu bar\u0259d\u0259 h\u0259ms\u0259drl\u0259r, Stefan Viskonti (Fransa), Endr\u00fc \u015eofer (AB\u015e) v\u0259 \u0130qor Xovayevin (Rusiya) b\u0259yanat\u0131nda deyilir. Qeyd olunur ki, AT\u018fT Minsk qrupunun h\u0259ms\u0259drl\u0259ri BMT Ba\u015f Assambleyas\u0131n\u0131n 76-c\u0131 sessiyas\u0131 \u00e7\u0259r\u00e7iv\u0259sind\u0259 Az\u0259rbaycan\u0131n xarici i\u015fl\u0259r naziri Ceyhun&hellip;","_links":{"self":[{"href":"https:\/\/arantv.az\/index.php?rest_route=\/wp\/v2\/posts\/382563"}],"collection":[{"href":"https:\/\/arantv.az\/index.php?rest_route=\/wp\/v2\/posts"}],"about":[{"href":"https:\/\/arantv.az\/index.php?rest_route=\/wp\/v2\/types\/post"}],"author":[{"embeddable":true,"href":"https:\/\/arantv.az\/index.php?rest_route=\/wp\/v2\/users\/2"}],"replies":[{"embeddable":true,"href":"https:\/\/arantv.az\/index.php?rest_route=%2Fwp%2Fv2%2Fcomments&post=382563"}],"version-history":[{"count":0,"href":"https:\/\/arantv.az\/index.php?rest_route=\/wp\/v2\/posts\/382563\/revisions"}],"wp:featuredmedia":[{"embeddable":true,"href":"https:\/\/arantv.az\/index.php?rest_route=\/wp\/v2\/media\/382564"}],"wp:attachment":[{"href":"https:\/\/arantv.az\/index.php?rest_route=%2Fwp%2Fv2%2Fmedia&parent=382563"}],"wp:term":[{"taxonomy":"category","embeddable":true,"href":"https:\/\/arantv.az\/index.php?rest_route=%2Fwp%2Fv2%2Fcategories&post=382563"},{"taxonomy":"post_tag","embeddable":true,"href":"https:\/\/arantv.az\/index.php?rest_route=%2Fwp%2Fv2%2Ftags&post=382563"}],"curies":[{"name":"wp","href":"https:\/\/api.w.org\/{rel}","templated":true}]}}