{"id":382566,"date":"2021-09-25T10:43:18","date_gmt":"2021-09-25T07:43:18","guid":{"rendered":"http:\/\/arantv.az\/?p=382566"},"modified":"2021-09-25T10:43:18","modified_gmt":"2021-09-25T07:43:18","slug":"internatlardan-cixan-70-n%c9%99f%c9%99r%c9%99-ev-verildi-foto","status":"publish","type":"post","link":"https:\/\/arantv.az\/?p=382566","title":{"rendered":"\u0130nternatlardan \u00e7\u0131xan 70 n\u0259f\u0259r\u0259 ev verildi &#8211; FOTO"},"content":{"rendered":"<p>Bu g\u00fcn \u018fm\u0259k v\u0259 \u018fhalinin Sosial M\u00fcdafi\u0259si Nazirliyi t\u0259r\u0259find\u0259n d\u00f6vl\u0259t u\u015faq m\u00fc\u0259ssis\u0259l\u0259rinin m\u0259zunu olan, h\u0259r iki valideynini itirmi\u015f v\u0259 valideyn himay\u0259sind\u0259n m\u0259hrum \u015f\u0259xsl\u0259rd\u0259n daha bir qrupu Ab\u015feron rayonunda m\u0259nzill\u0259rl\u0259 t\u0259min edilib.<\/p>\n<p>Nazirlikd\u0259n veril\u0259n m\u0259lumata g\u00f6r\u0259, \u00fcmum\u0259n son g\u00fcnl\u0259r bu kateqoriyadan olan 70 \u015f\u0259xs m\u0259nzill\u0259 t\u0259min olunub.<\/p>\n<p>M\u0259zunlara yeni m\u0259nzill\u0259rin a\u00e7arlar\u0131n\u0131 t\u0259qdim ed\u0259n Nazirliyin tabeliyind\u0259ki Sosial Xidm\u0259tl\u0259r Agentliyinin s\u0259dr m\u00fcavini Faiq A\u011fayev Prezident \u0130lham \u018fliyevin h\u0259ssas \u0259hali qruplar\u0131na, o c\u00fcml\u0259d\u0259n d\u00f6vl\u0259t u\u015faq m\u00fc\u0259ssis\u0259l\u0259ri m\u0259zunlar\u0131na x\u00fcsusi qay\u011f\u0131s\u0131 n\u0259tic\u0259sind\u0259 h\u0259min insanlar\u0131n sosial m\u00fcdafi\u0259sinin g\u00fccl\u0259ndirilm\u0259si istiqam\u0259tind\u0259 g\u00f6r\u00fcl\u0259n i\u015fl\u0259rd\u0259n b\u0259hs edib.<\/p>\n<div id=\"AdviadNativeVideo0\" class=\"AdviadNativeVideo\"><\/div>\n<p>Qeyd edilib ki, bu kateqoriyadan olan insanlar\u0131n m\u0259nzill\u0259 t\u0259minat\u0131 sah\u0259sind\u0259 d\u0259 \u00f6lk\u0259mizd\u0259 m\u00fch\u00fcm i\u015fl\u0259r apar\u0131l\u0131r. Birinci vitse-prezident, Heyd\u0259r \u018fliyev Fondunun prezidenti Mehriban \u018fliyevan\u0131n t\u0259\u015f\u0259bb\u00fcs\u00fc olaraq v\u0259 Heyd\u0259r \u018fliyev Fondunun m\u00fch\u00fcm sosial layih\u0259l\u0259rind\u0259n biri kimi son ill\u0259rd\u0259 Ab\u015feron rayonunda \u00e7oxm\u0259nzilli ya\u015fay\u0131\u015f binalar\u0131 in\u015fa etdiril\u0259r\u0259k d\u00f6vl\u0259t u\u015faq m\u00fc\u0259ssis\u0259l\u0259ri m\u0259zunlar\u0131n\u0131n istifad\u0259sin\u0259 verilib.<\/p>\n<p>Sosial Xidm\u0259tl\u0259r Agentliyinin \u201cM\u0259zun evi\u201d sosial m\u00fc\u0259ssis\u0259si kimi f\u0259aliyy\u0259t g\u00f6st\u0259r\u0259n h\u0259min ya\u015fay\u0131\u015f binalar\u0131nda 365 m\u0259zun m\u0259nzill\u0259 t\u0259min olunub. M\u00fc\u0259ssis\u0259d\u0259 onlara sosial m\u0259sl\u0259h\u0259t, sosial-h\u00fcquqi v\u0259 s. xidm\u0259tl\u0259r d\u0259 g\u00f6st\u0259rilir.<\/p>\n<p>Yeni m\u0259nzill\u0259 t\u0259min olunan d\u00f6vl\u0259t u\u015faq m\u00fc\u0259ssis\u0259l\u0259ri m\u0259zunlar\u0131 h\u0259mi\u015f\u0259 diqq\u0259t v\u0259 qay\u011f\u0131 il\u0259 \u0259hat\u0259 olunduqlar\u0131na, bu g\u00fcn m\u0259nzill\u0259 t\u0259min edildikl\u0259rin\u0259 g\u00f6r\u0259 Prezident \u0130lham \u018fliyev\u0259 minn\u0259tdarl\u0131qlar\u0131n\u0131 ifad\u0259 edibl\u0259r.<\/p>\n<p>&nbsp;<\/p>\n<div class=\"gallery\">\n<div class=\"gallery-i\"><img src=\"https:\/\/cdn.oxu.az\/uploads\/W1siZiIsIjIwMjEvMDkvMjUvMTEvMjEvMzgvY2UwNjJiNWItOGI5MC00ZDEwLTkzZmYtYTM0MTYwMDUxYmY1LzUuanBlZyJdLFsicCIsImVuY29kZSIsImpwZyIsIi1xdWFsaXR5IDgwIl0sWyJwIiwidGh1bWIiLCI1OTB4NTkwXHUwMDNlIl1d?sha=179dc4ec4872db93\" alt=\"\" \/><\/p>\n<div class=\"gallery-i-caption\"><\/div>\n<\/div>\n<div class=\"gallery-i\"><img src=\"https:\/\/cdn.oxu.az\/uploads\/W1siZiIsIjIwMjEvMDkvMjUvMTEvMjEvMzkvYmZlYzBjZjQtNjRhNy00OTMxLWI4MjctMzVhMWYwNDAyMjI5LzQuanBlZyJdLFsicCIsImVuY29kZSIsImpwZyIsIi1xdWFsaXR5IDgwIl0sWyJwIiwidGh1bWIiLCI1OTB4NTkwXHUwMDNlIl1d?sha=dc79cc706f11f143\" alt=\"\" \/><\/p>\n<div class=\"gallery-i-caption\"><\/div>\n<\/div>\n<div class=\"gallery-i\"><img src=\"https:\/\/cdn.oxu.az\/uploads\/W1siZiIsIjIwMjEvMDkvMjUvMTEvMjEvMzkvZDA1OTYzNjMtNmUyNC00ZjM1LWJmNTctZTY1NjZhYWY0YzVmLzMuanBlZyJdLFsicCIsImVuY29kZSIsImpwZyIsIi1xdWFsaXR5IDgwIl0sWyJwIiwidGh1bWIiLCI1OTB4NTkwXHUwMDNlIl1d?sha=7bace293707b558a\" alt=\"\" \/><\/p>\n<div class=\"gallery-i-caption\"><\/div>\n<\/div>\n<div class=\"gallery-i\"><img src=\"https:\/\/cdn.oxu.az\/uploads\/W1siZiIsIjIwMjEvMDkvMjUvMTEvMjEvMzkvNzc1NDE2YWMtOGYzNC00OGVjLTk4MzEtZDVlOTBmNDZhMGFmLzIuanBlZyJdLFsicCIsImVuY29kZSIsImpwZyIsIi1xdWFsaXR5IDgwIl0sWyJwIiwidGh1bWIiLCI1OTB4NTkwXHUwMDNlIl1d?sha=1b313b339c3dc6d0\" alt=\"\" \/><\/div>\n<\/div>\n","protected":false},"excerpt":{"rendered":"<p>Bu g\u00fcn \u018fm\u0259k v\u0259 \u018fhalinin Sosial M\u00fcdafi\u0259si Nazirliyi t\u0259r\u0259find\u0259n d\u00f6vl\u0259t u\u015faq m\u00fc\u0259ssis\u0259l\u0259rinin m\u0259zunu olan, h\u0259r iki valideynini itirmi\u015f v\u0259 valideyn himay\u0259sind\u0259n m\u0259hrum \u015f\u0259xsl\u0259rd\u0259n daha bir qrupu Ab\u015feron rayonunda m\u0259nzill\u0259rl\u0259 t\u0259min edilib. Nazirlikd\u0259n veril\u0259n m\u0259lumata g\u00f6r\u0259, \u00fcmum\u0259n son g\u00fcnl\u0259r bu kateqoriyadan olan 70 \u015f\u0259xs m\u0259nzill\u0259 t\u0259min olunub. M\u0259zunlara yeni m\u0259nzill\u0259rin a\u00e7arlar\u0131n\u0131 t\u0259qdim ed\u0259n Nazirliyin tabeliyind\u0259ki Sosial Xidm\u0259tl\u0259r Agentliyinin s\u0259dr m\u00fcavini Faiq A\u011fayev Prezident \u0130lham \u018fliyevin h\u0259ssas \u0259hali qruplar\u0131na, o c\u00fcml\u0259d\u0259n d\u00f6vl\u0259t u\u015faq m\u00fc\u0259ssis\u0259l\u0259ri m\u0259zunlar\u0131na x\u00fcsusi qay\u011f\u0131s\u0131 n\u0259tic\u0259sind\u0259 h\u0259min insanlar\u0131n sosial m\u00fcdafi\u0259sinin g\u00fccl\u0259ndirilm\u0259si istiqam\u0259tind\u0259 g\u00f6r\u00fcl\u0259n i\u015fl\u0259rd\u0259n b\u0259hs edib. Qeyd edilib ki, bu&hellip;<\/p>\n","protected":false},"author":2,"featured_media":382567,"comment_status":"closed","ping_status":"closed","sticky":false,"template":"","format":"standard","meta":{"om_disable_all_campaigns":false,"_monsterinsights_skip_tracking":false,"_monsterinsights_sitenote_active":false,"_monsterinsights_sitenote_note":"","_monsterinsights_sitenote_category":0},"categories":[26],"tags":[],"aioseo_notices":[],"gutentor_comment":0,"rttpg_featured_image_url":{"full":["https:\/\/arantv.az\/wp-content\/uploads\/2021\/09\/FotoJet-2021-09-25T112025.524.jpg",620,413,false],"landscape":["https:\/\/arantv.az\/wp-content\/uploads\/2021\/09\/FotoJet-2021-09-25T112025.524.jpg",620,413,false],"portraits":["https:\/\/arantv.az\/wp-content\/uploads\/2021\/09\/FotoJet-2021-09-25T112025.524.jpg",620,413,false],"thumbnail":["https:\/\/arantv.az\/wp-content\/uploads\/2021\/09\/FotoJet-2021-09-25T112025.524-500x280.jpg",500,280,true],"medium":["https:\/\/arantv.az\/wp-content\/uploads\/2021\/09\/FotoJet-2021-09-25T112025.524-548x365.jpg",548,365,true],"large":["https:\/\/arantv.az\/wp-content\/uploads\/2021\/09\/FotoJet-2021-09-25T112025.524.jpg",620,413,false],"1536x1536":["https:\/\/arantv.az\/wp-content\/uploads\/2021\/09\/FotoJet-2021-09-25T112025.524.jpg",620,413,false],"2048x2048":["https:\/\/arantv.az\/wp-content\/uploads\/2021\/09\/FotoJet-2021-09-25T112025.524.jpg",620,413,false],"post-thumbnail":["https:\/\/arantv.az\/wp-content\/uploads\/2021\/09\/FotoJet-2021-09-25T112025.524-240x172.jpg",240,172,true],"advps-thumb-one":["https:\/\/arantv.az\/wp-content\/uploads\/2021\/09\/FotoJet-2021-09-25T112025.524.jpg",620,413,false]},"rttpg_author":{"display_name":"V\u00fcsal Rafiqo\u011flu","author_link":"https:\/\/arantv.az\/?author=2"},"rttpg_comment":0,"rttpg_category":"<a href=\"https:\/\/arantv.az\/?cat=26\" rel=\"category\">Sosial<\/a>","rttpg_excerpt":"Bu g\u00fcn \u018fm\u0259k v\u0259 \u018fhalinin Sosial M\u00fcdafi\u0259si Nazirliyi t\u0259r\u0259find\u0259n d\u00f6vl\u0259t u\u015faq m\u00fc\u0259ssis\u0259l\u0259rinin m\u0259zunu olan, h\u0259r iki valideynini itirmi\u015f v\u0259 valideyn himay\u0259sind\u0259n m\u0259hrum \u015f\u0259xsl\u0259rd\u0259n daha bir qrupu Ab\u015feron rayonunda m\u0259nzill\u0259rl\u0259 t\u0259min edilib. Nazirlikd\u0259n veril\u0259n m\u0259lumata g\u00f6r\u0259, \u00fcmum\u0259n son g\u00fcnl\u0259r bu kateqoriyadan olan 70 \u015f\u0259xs m\u0259nzill\u0259 t\u0259min olunub. M\u0259zunlara yeni m\u0259nzill\u0259rin a\u00e7arlar\u0131n\u0131 t\u0259qdim ed\u0259n Nazirliyin tabeliyind\u0259ki Sosial&hellip;","_links":{"self":[{"href":"https:\/\/arantv.az\/index.php?rest_route=\/wp\/v2\/posts\/382566"}],"collection":[{"href":"https:\/\/arantv.az\/index.php?rest_route=\/wp\/v2\/posts"}],"about":[{"href":"https:\/\/arantv.az\/index.php?rest_route=\/wp\/v2\/types\/post"}],"author":[{"embeddable":true,"href":"https:\/\/arantv.az\/index.php?rest_route=\/wp\/v2\/users\/2"}],"replies":[{"embeddable":true,"href":"https:\/\/arantv.az\/index.php?rest_route=%2Fwp%2Fv2%2Fcomments&post=382566"}],"version-history":[{"count":0,"href":"https:\/\/arantv.az\/index.php?rest_route=\/wp\/v2\/posts\/382566\/revisions"}],"wp:featuredmedia":[{"embeddable":true,"href":"https:\/\/arantv.az\/index.php?rest_route=\/wp\/v2\/media\/382567"}],"wp:attachment":[{"href":"https:\/\/arantv.az\/index.php?rest_route=%2Fwp%2Fv2%2Fmedia&parent=382566"}],"wp:term":[{"taxonomy":"category","embeddable":true,"href":"https:\/\/arantv.az\/index.php?rest_route=%2Fwp%2Fv2%2Fcategories&post=382566"},{"taxonomy":"post_tag","embeddable":true,"href":"https:\/\/arantv.az\/index.php?rest_route=%2Fwp%2Fv2%2Ftags&post=382566"}],"curies":[{"name":"wp","href":"https:\/\/api.w.org\/{rel}","templated":true}]}}