{"id":382569,"date":"2021-09-25T10:44:33","date_gmt":"2021-09-25T07:44:33","guid":{"rendered":"http:\/\/arantv.az\/?p=382569"},"modified":"2021-09-25T10:44:33","modified_gmt":"2021-09-25T07:44:33","slug":"baki-razi-deyil-rus-komandan-yen%c9%99-d%c9%99yisir-kiv","status":"publish","type":"post","link":"https:\/\/arantv.az\/?p=382569","title":{"rendered":"Bak\u0131 raz\u0131 deyil, rus komandan yen\u0259 d\u0259yi\u015fir &#8211; K\u0130V"},"content":{"rendered":"<p><strong>Rusiyan\u0131n Qaraba\u011fdak\u0131 s\u00fclhm\u0259raml\u0131lar\u0131na yeni komandan t\u0259yin olunacaq.<\/strong><\/p>\n<p><strong>ARANTV.AZ \u00a0<\/strong><a href=\"http:\/\/axar.az\/\" target=\"_blank\" rel=\"noopener\">Axar.az<\/a>-a istinadla x\u0259b\u0259r verir ki, bu m\u0259lumat\u0131 \u201cSputnik Erm\u0259nistan\u201d yay\u0131b. M\u0259lumata g\u00f6r\u0259, yeni komandan general-leytenant Gennadi Ana\u015fkin olacaq. Onun t\u0259yinat\u0131 bu g\u00fcn elan olunacaq.<\/p>\n<div id=\"AdviadNativeVideo0\" class=\"AdviadNativeVideo\"><\/div>\n<p>Qeyd ed\u0259k ki, Ana\u015fkin 1968-ci ild\u0259 Kuyb\u0131\u015fev \u015f\u0259h\u0259rind\u0259 anadan olub. O, ke\u00e7mi\u015f Yuqoslaviyada, \u00c7e\u00e7enistan v\u0259 G\u00fcrc\u00fcstan-Rusiya m\u00fcharib\u0259sind\u0259 i\u015ftirak edib.<\/p>\n<p>6 sentyabrda R\u00fcst\u0259m Muradovun yerin\u0259 s\u00fclhm\u0259raml\u0131lara r\u0259hb\u0259r kimi general-mayor Mixail Kosobokov g\u0259tirilib. \u0130ddiaya g\u00f6r\u0259, bu t\u0259yinatdan Bak\u0131 raz\u0131 deyil.<\/p>\n","protected":false},"excerpt":{"rendered":"<p>Rusiyan\u0131n Qaraba\u011fdak\u0131 s\u00fclhm\u0259raml\u0131lar\u0131na yeni komandan t\u0259yin olunacaq. ARANTV.AZ \u00a0Axar.az-a istinadla x\u0259b\u0259r verir ki, bu m\u0259lumat\u0131 \u201cSputnik Erm\u0259nistan\u201d yay\u0131b. M\u0259lumata g\u00f6r\u0259, yeni komandan general-leytenant Gennadi Ana\u015fkin olacaq. Onun t\u0259yinat\u0131 bu g\u00fcn elan olunacaq. Qeyd ed\u0259k ki, Ana\u015fkin 1968-ci ild\u0259 Kuyb\u0131\u015fev \u015f\u0259h\u0259rind\u0259 anadan olub. O, ke\u00e7mi\u015f Yuqoslaviyada, \u00c7e\u00e7enistan v\u0259 G\u00fcrc\u00fcstan-Rusiya m\u00fcharib\u0259sind\u0259 i\u015ftirak edib. 6 sentyabrda R\u00fcst\u0259m Muradovun yerin\u0259 s\u00fclhm\u0259raml\u0131lara r\u0259hb\u0259r kimi general-mayor Mixail Kosobokov g\u0259tirilib. \u0130ddiaya g\u00f6r\u0259, bu t\u0259yinatdan Bak\u0131 raz\u0131 deyil.<\/p>\n","protected":false},"author":2,"featured_media":382570,"comment_status":"closed","ping_status":"closed","sticky":false,"template":"","format":"standard","meta":{"om_disable_all_campaigns":false,"_monsterinsights_skip_tracking":false,"_monsterinsights_sitenote_active":false,"_monsterinsights_sitenote_note":"","_monsterinsights_sitenote_category":0},"categories":[4],"tags":[],"aioseo_notices":[],"gutentor_comment":0,"rttpg_featured_image_url":{"full":["https:\/\/arantv.az\/wp-content\/uploads\/2021\/09\/kosobokov.jpg",800,450,false],"landscape":["https:\/\/arantv.az\/wp-content\/uploads\/2021\/09\/kosobokov.jpg",800,450,false],"portraits":["https:\/\/arantv.az\/wp-content\/uploads\/2021\/09\/kosobokov.jpg",800,450,false],"thumbnail":["https:\/\/arantv.az\/wp-content\/uploads\/2021\/09\/kosobokov-500x280.jpg",500,280,true],"medium":["https:\/\/arantv.az\/wp-content\/uploads\/2021\/09\/kosobokov-649x365.jpg",649,365,true],"large":["https:\/\/arantv.az\/wp-content\/uploads\/2021\/09\/kosobokov.jpg",640,360,false],"1536x1536":["https:\/\/arantv.az\/wp-content\/uploads\/2021\/09\/kosobokov.jpg",800,450,false],"2048x2048":["https:\/\/arantv.az\/wp-content\/uploads\/2021\/09\/kosobokov.jpg",800,450,false],"post-thumbnail":["https:\/\/arantv.az\/wp-content\/uploads\/2021\/09\/kosobokov-240x172.jpg",240,172,true],"advps-thumb-one":["https:\/\/arantv.az\/wp-content\/uploads\/2021\/09\/kosobokov.jpg",800,450,false]},"rttpg_author":{"display_name":"V\u00fcsal Rafiqo\u011flu","author_link":"https:\/\/arantv.az\/?author=2"},"rttpg_comment":0,"rttpg_category":"<a href=\"https:\/\/arantv.az\/?cat=4\" rel=\"category\">Siyas\u0259t<\/a>","rttpg_excerpt":"Rusiyan\u0131n Qaraba\u011fdak\u0131 s\u00fclhm\u0259raml\u0131lar\u0131na yeni komandan t\u0259yin olunacaq. ARANTV.AZ \u00a0Axar.az-a istinadla x\u0259b\u0259r verir ki, bu m\u0259lumat\u0131 \u201cSputnik Erm\u0259nistan\u201d yay\u0131b. M\u0259lumata g\u00f6r\u0259, yeni komandan general-leytenant Gennadi Ana\u015fkin olacaq. Onun t\u0259yinat\u0131 bu g\u00fcn elan olunacaq. Qeyd ed\u0259k ki, Ana\u015fkin 1968-ci ild\u0259 Kuyb\u0131\u015fev \u015f\u0259h\u0259rind\u0259 anadan olub. O, ke\u00e7mi\u015f Yuqoslaviyada, \u00c7e\u00e7enistan v\u0259 G\u00fcrc\u00fcstan-Rusiya m\u00fcharib\u0259sind\u0259 i\u015ftirak edib. 6 sentyabrda R\u00fcst\u0259m Muradovun&hellip;","_links":{"self":[{"href":"https:\/\/arantv.az\/index.php?rest_route=\/wp\/v2\/posts\/382569"}],"collection":[{"href":"https:\/\/arantv.az\/index.php?rest_route=\/wp\/v2\/posts"}],"about":[{"href":"https:\/\/arantv.az\/index.php?rest_route=\/wp\/v2\/types\/post"}],"author":[{"embeddable":true,"href":"https:\/\/arantv.az\/index.php?rest_route=\/wp\/v2\/users\/2"}],"replies":[{"embeddable":true,"href":"https:\/\/arantv.az\/index.php?rest_route=%2Fwp%2Fv2%2Fcomments&post=382569"}],"version-history":[{"count":0,"href":"https:\/\/arantv.az\/index.php?rest_route=\/wp\/v2\/posts\/382569\/revisions"}],"wp:featuredmedia":[{"embeddable":true,"href":"https:\/\/arantv.az\/index.php?rest_route=\/wp\/v2\/media\/382570"}],"wp:attachment":[{"href":"https:\/\/arantv.az\/index.php?rest_route=%2Fwp%2Fv2%2Fmedia&parent=382569"}],"wp:term":[{"taxonomy":"category","embeddable":true,"href":"https:\/\/arantv.az\/index.php?rest_route=%2Fwp%2Fv2%2Fcategories&post=382569"},{"taxonomy":"post_tag","embeddable":true,"href":"https:\/\/arantv.az\/index.php?rest_route=%2Fwp%2Fv2%2Ftags&post=382569"}],"curies":[{"name":"wp","href":"https:\/\/api.w.org\/{rel}","templated":true}]}}