{"id":382815,"date":"2021-09-27T07:43:35","date_gmt":"2021-09-27T04:43:35","guid":{"rendered":"http:\/\/arantv.az\/?p=382815"},"modified":"2021-09-27T07:43:35","modified_gmt":"2021-09-27T04:43:35","slug":"kanada-mediasinda-dunya-az%c9%99rbaycanlilarinin-27-sentyabri-anim-gunu-kimi-qeyd-etm%c9%99l%c9%99rind%c9%99n-b%c9%99hs-edilib-foto","status":"publish","type":"post","link":"https:\/\/arantv.az\/?p=382815","title":{"rendered":"Kanada medias\u0131nda d\u00fcnya az\u0259rbaycanl\u0131lar\u0131n\u0131n 27 sentyabr\u0131 An\u0131m G\u00fcn\u00fc kimi qeyd etm\u0259l\u0259rind\u0259n b\u0259hs edilib &#8211; FOTO"},"content":{"rendered":"<p>Kanadan\u0131n https:\/\/www.thej.ca \u00a0y\u0259hudi x\u0259b\u0259r portal\u0131nda 27 sentyabr \u2013 An\u0131m G\u00fcn\u00fcn\u0259 h\u0259sr olunmu\u015f \u201cAz\u0259rbaycanda II Qaraba\u011f m\u00fcharib\u0259sinin ild\u00f6n\u00fcm\u00fc il\u0259 \u0259laq\u0259dar an\u0131m g\u00fcn\u00fc qeyd olunur\u201d s\u0259rl\u00f6vh\u0259li m\u0259qal\u0259 yerl\u0259\u015fdirilib.<\/p>\n<p>Siyasi \u015f\u0259rh\u00e7i Rey\u00e7el Avraham\u0131n q\u0259l\u0259m\u0259 ald\u0131\u011f\u0131 m\u0259qal\u0259d\u0259 bildirilib ki, 27 sentyabr tarixini \u2013 II Qaraba\u011f m\u00fcharib\u0259sinin ba\u015flad\u0131\u011f\u0131 g\u00fcn\u00fc d\u00fcnya az\u0259rbaycanl\u0131lar\u0131 An\u0131m G\u00fcn\u00fc kimi qeyd edirl\u0259r. \u201cM\u00f6ht\u0259\u015f\u0259m q\u0259l\u0259b\u0259y\u0259 g\u00f6r\u0259 minn\u0259tdarl\u0131q \u0259lam\u0259ti olaraq Prezident \u0130lham \u018fliyev b\u00fct\u00fcn d\u00fcnya az\u0259rbaycanl\u0131lar\u0131n\u0131n 27 sentyabr tarixini An\u0131m G\u00fcn\u00fc kimi qeyd etm\u0259l\u0259rini, Az\u0259rbaycan h\u0259rb\u00e7il\u0259rinin xalq\u0131n azadl\u0131\u011f\u0131 u\u011frunda canlar\u0131n\u0131 f\u0259da etm\u0259l\u0259rinin he\u00e7 vaxt unudulmamas\u0131n\u0131 t\u0259sbit ed\u0259n s\u0259r\u0259ncam verdi\u201d, &#8211; dey\u0259 m\u00fc\u0259llif \u0259lav\u0259 edib.<\/p>\n<p>M\u00fcharib\u0259 d\u00f6n\u0259mind\u0259 v\u0259 sonra Erm\u0259nistan h\u00f6kum\u0259tinin v\u0259 erm\u0259ni diasporunun I v\u0259 II Qaraba\u011f m\u00fcharib\u0259si h\u0259qiq\u0259tl\u0259rini t\u0259hrif etm\u0259k, s\u00fclh raz\u0131la\u015fmas\u0131na zidd davran\u0131\u015fa c\u0259hdl\u0259rini xat\u0131rladan siyasi \u015f\u0259rh\u00e7i hesab edir ki, Az\u0259rbaycan xalq\u0131 milli yadda\u015f\u0131n he\u00e7 vaxt silinm\u0259m\u0259si namin\u0259 resurslar\u0131n\u0131 h\u0259qiq\u0259tin qorunmas\u0131na v\u0259 maarifl\u0259nm\u0259y\u0259 s\u0259rf etm\u0259lidir. \u201cBuna g\u00f6r\u0259 d\u0259 b\u00fct\u00fcn d\u00fcnyada az\u0259rbaycanl\u0131lar 27 sentyabr tarixini An\u0131m G\u00fcn\u00fc kimi qeyd edirl\u0259r\u201d, &#8211; dey\u0259 m\u00fc\u0259llif n\u0259z\u0259r\u0259 \u00e7atd\u0131r\u0131b.<\/p>\n<div id=\"AdviadNativeVideo0\" class=\"AdviadNativeVideo\"><\/div>\n<p>M\u0259qal\u0259ni \u0259trafl\u0131 \u015f\u0259kild\u0259 a\u015fa\u011f\u0131dak\u0131 linkd\u0259n oxumaq m\u00fcmk\u00fcnd\u00fcr:<\/p>\n<p><a href=\"https:\/\/www.thej.ca\/2021\/09\/23\/azerbaijan-commemorates-memorial-day-marking-anniversary-of-second-karabakh-war\/\">https:\/\/www.thej.ca\/2021\/09\/23\/azerbaijan-commemorates-memorial-day-marking-anniversary-of-second-karabakh-war\/<\/a><\/p>\n<p>&nbsp;<\/p>\n<div class=\"gallery\">\n<div class=\"gallery-i\"><img src=\"https:\/\/cdn.oxu.az\/uploads\/W1siZiIsIjIwMjEvMDkvMjcvMDEvNDYvNDgvMzVkODY2MGYtZDkxZC00OTAwLWI5ZmMtMmZhYzE2MTYzNjc4L2NhbmFkYS5qcGVnIl0sWyJwIiwiZW5jb2RlIiwianBnIiwiLXF1YWxpdHkgODAiXSxbInAiLCJ0aHVtYiIsIjU5MHg1OTBcdTAwM2UiXV0?sha=ba4e4ca43f022cbc\" alt=\"\" \/><\/div>\n<\/div>\n","protected":false},"excerpt":{"rendered":"<p>Kanadan\u0131n https:\/\/www.thej.ca \u00a0y\u0259hudi x\u0259b\u0259r portal\u0131nda 27 sentyabr \u2013 An\u0131m G\u00fcn\u00fcn\u0259 h\u0259sr olunmu\u015f \u201cAz\u0259rbaycanda II Qaraba\u011f m\u00fcharib\u0259sinin ild\u00f6n\u00fcm\u00fc il\u0259 \u0259laq\u0259dar an\u0131m g\u00fcn\u00fc qeyd olunur\u201d s\u0259rl\u00f6vh\u0259li m\u0259qal\u0259 yerl\u0259\u015fdirilib. Siyasi \u015f\u0259rh\u00e7i Rey\u00e7el Avraham\u0131n q\u0259l\u0259m\u0259 ald\u0131\u011f\u0131 m\u0259qal\u0259d\u0259 bildirilib ki, 27 sentyabr tarixini \u2013 II Qaraba\u011f m\u00fcharib\u0259sinin ba\u015flad\u0131\u011f\u0131 g\u00fcn\u00fc d\u00fcnya az\u0259rbaycanl\u0131lar\u0131 An\u0131m G\u00fcn\u00fc kimi qeyd edirl\u0259r. \u201cM\u00f6ht\u0259\u015f\u0259m q\u0259l\u0259b\u0259y\u0259 g\u00f6r\u0259 minn\u0259tdarl\u0131q \u0259lam\u0259ti olaraq Prezident \u0130lham \u018fliyev b\u00fct\u00fcn d\u00fcnya az\u0259rbaycanl\u0131lar\u0131n\u0131n 27 sentyabr tarixini An\u0131m G\u00fcn\u00fc kimi qeyd etm\u0259l\u0259rini, Az\u0259rbaycan h\u0259rb\u00e7il\u0259rinin xalq\u0131n azadl\u0131\u011f\u0131 u\u011frunda canlar\u0131n\u0131 f\u0259da etm\u0259l\u0259rinin he\u00e7 vaxt unudulmamas\u0131n\u0131 t\u0259sbit ed\u0259n s\u0259r\u0259ncam verdi\u201d, &#8211; dey\u0259 m\u00fc\u0259llif \u0259lav\u0259&hellip;<\/p>\n","protected":false},"author":2,"featured_media":382816,"comment_status":"closed","ping_status":"closed","sticky":false,"template":"","format":"standard","meta":{"om_disable_all_campaigns":false,"_monsterinsights_skip_tracking":false,"_monsterinsights_sitenote_active":false,"_monsterinsights_sitenote_note":"","_monsterinsights_sitenote_category":0},"categories":[4],"tags":[],"aioseo_notices":[],"gutentor_comment":0,"rttpg_featured_image_url":{"full":["https:\/\/arantv.az\/wp-content\/uploads\/2021\/09\/anim-gunu.jpg",620,413,false],"landscape":["https:\/\/arantv.az\/wp-content\/uploads\/2021\/09\/anim-gunu.jpg",620,413,false],"portraits":["https:\/\/arantv.az\/wp-content\/uploads\/2021\/09\/anim-gunu.jpg",620,413,false],"thumbnail":["https:\/\/arantv.az\/wp-content\/uploads\/2021\/09\/anim-gunu-500x280.jpg",500,280,true],"medium":["https:\/\/arantv.az\/wp-content\/uploads\/2021\/09\/anim-gunu-548x365.jpg",548,365,true],"large":["https:\/\/arantv.az\/wp-content\/uploads\/2021\/09\/anim-gunu.jpg",620,413,false],"1536x1536":["https:\/\/arantv.az\/wp-content\/uploads\/2021\/09\/anim-gunu.jpg",620,413,false],"2048x2048":["https:\/\/arantv.az\/wp-content\/uploads\/2021\/09\/anim-gunu.jpg",620,413,false],"post-thumbnail":["https:\/\/arantv.az\/wp-content\/uploads\/2021\/09\/anim-gunu-240x172.jpg",240,172,true],"advps-thumb-one":["https:\/\/arantv.az\/wp-content\/uploads\/2021\/09\/anim-gunu.jpg",620,413,false]},"rttpg_author":{"display_name":"V\u00fcsal Rafiqo\u011flu","author_link":"https:\/\/arantv.az\/?author=2"},"rttpg_comment":0,"rttpg_category":"<a href=\"https:\/\/arantv.az\/?cat=4\" rel=\"category\">Siyas\u0259t<\/a>","rttpg_excerpt":"Kanadan\u0131n https:\/\/www.thej.ca \u00a0y\u0259hudi x\u0259b\u0259r portal\u0131nda 27 sentyabr \u2013 An\u0131m G\u00fcn\u00fcn\u0259 h\u0259sr olunmu\u015f \u201cAz\u0259rbaycanda II Qaraba\u011f m\u00fcharib\u0259sinin ild\u00f6n\u00fcm\u00fc il\u0259 \u0259laq\u0259dar an\u0131m g\u00fcn\u00fc qeyd olunur\u201d s\u0259rl\u00f6vh\u0259li m\u0259qal\u0259 yerl\u0259\u015fdirilib. Siyasi \u015f\u0259rh\u00e7i Rey\u00e7el Avraham\u0131n q\u0259l\u0259m\u0259 ald\u0131\u011f\u0131 m\u0259qal\u0259d\u0259 bildirilib ki, 27 sentyabr tarixini \u2013 II Qaraba\u011f m\u00fcharib\u0259sinin ba\u015flad\u0131\u011f\u0131 g\u00fcn\u00fc d\u00fcnya az\u0259rbaycanl\u0131lar\u0131 An\u0131m G\u00fcn\u00fc kimi qeyd edirl\u0259r. \u201cM\u00f6ht\u0259\u015f\u0259m q\u0259l\u0259b\u0259y\u0259 g\u00f6r\u0259 minn\u0259tdarl\u0131q&hellip;","_links":{"self":[{"href":"https:\/\/arantv.az\/index.php?rest_route=\/wp\/v2\/posts\/382815"}],"collection":[{"href":"https:\/\/arantv.az\/index.php?rest_route=\/wp\/v2\/posts"}],"about":[{"href":"https:\/\/arantv.az\/index.php?rest_route=\/wp\/v2\/types\/post"}],"author":[{"embeddable":true,"href":"https:\/\/arantv.az\/index.php?rest_route=\/wp\/v2\/users\/2"}],"replies":[{"embeddable":true,"href":"https:\/\/arantv.az\/index.php?rest_route=%2Fwp%2Fv2%2Fcomments&post=382815"}],"version-history":[{"count":0,"href":"https:\/\/arantv.az\/index.php?rest_route=\/wp\/v2\/posts\/382815\/revisions"}],"wp:featuredmedia":[{"embeddable":true,"href":"https:\/\/arantv.az\/index.php?rest_route=\/wp\/v2\/media\/382816"}],"wp:attachment":[{"href":"https:\/\/arantv.az\/index.php?rest_route=%2Fwp%2Fv2%2Fmedia&parent=382815"}],"wp:term":[{"taxonomy":"category","embeddable":true,"href":"https:\/\/arantv.az\/index.php?rest_route=%2Fwp%2Fv2%2Fcategories&post=382815"},{"taxonomy":"post_tag","embeddable":true,"href":"https:\/\/arantv.az\/index.php?rest_route=%2Fwp%2Fv2%2Ftags&post=382815"}],"curies":[{"name":"wp","href":"https:\/\/api.w.org\/{rel}","templated":true}]}}