{"id":382822,"date":"2021-09-27T07:48:11","date_gmt":"2021-09-27T04:48:11","guid":{"rendered":"http:\/\/arantv.az\/?p=382822"},"modified":"2021-09-27T07:48:11","modified_gmt":"2021-09-27T04:48:11","slug":"az%c9%99rbaycanda-anim-gunudur","status":"publish","type":"post","link":"https:\/\/arantv.az\/?p=382822","title":{"rendered":"Az\u0259rbaycanda An\u0131m G\u00fcn\u00fcd\u00fcr"},"content":{"rendered":"<p>Az\u0259rbaycan Respublikas\u0131 Prezidenti \u0130lham \u018fliyevin 2 dekabr 2020-ci il S\u0259r\u0259ncam\u0131na \u0259sas\u0259n V\u0259t\u0259n m\u00fcharib\u0259sind\u0259 q\u0259hr\u0259mancas\u0131na d\u00f6y\u00fc\u015fm\u00fc\u015f, \u00f6lk\u0259mizin \u0259razi b\u00fct\u00f6vl\u00fcy\u00fc yolunda canlar\u0131n\u0131 f\u0259da etmi\u015f \u0259sg\u0259r v\u0259 zabitl\u0259rimiz\u0259, b\u00fct\u00fcn \u015f\u0259hidl\u0259rimiz\u0259 d\u0259rin ehtiram \u0259lam\u0259ti olaraq h\u0259r il sentyabr\u0131n 27-si Az\u0259rbaycanda An\u0131m G\u00fcn\u00fc kimi qeyd edilir.<\/p>\n<p>Bununla \u0259laq\u0259dar olaraq bu il sentyabr\u0131n 27-d\u0259 bir s\u0131ra t\u0259dbirl\u0259r\u00a0ke\u00e7iril\u0259c\u0259k.<\/p>\n<p>T\u0259\u015fkilat Komit\u0259sind\u0259n veril\u0259n m\u0259lumata g\u00f6r\u0259, An\u0131m G\u00fcn\u00fcnd\u0259 \u015f\u0259hidl\u0259rimiz Az\u0259rbaycanda f\u0259aliyy\u0259t g\u00f6st\u0259r\u0259n dini m\u0259b\u0259dl\u0259rd\u0259 &#8211; m\u0259scidl\u0259rd\u0259, kils\u0259l\u0259rd\u0259, sinaqoqlarda d\u0259rin ehtiramla yad olunacaq, Az\u0259rbaycan\u0131n \u0259razi b\u00fct\u00f6vl\u00fcy\u00fc u\u011frunda can\u0131ndan ke\u00e7mi\u015f V\u0259t\u0259n \u00f6vladlar\u0131n\u0131n ruhuna dualar oxunacaq.<\/p>\n<div id=\"AdviadNativeVideo0\" class=\"AdviadNativeVideo\"><\/div>\n<p>Saat 12:00-da \u00f6lk\u0259 \u0259razisind\u0259 \u015f\u0259hidl\u0259rin \u0259ziz xatir\u0259si bir d\u0259qiq\u0259lik s\u00fckutla yad edil\u0259c\u0259k.<\/p>\n<p>Ax\u015fam saatlar\u0131nda x\u00fcsusi i\u015f\u0131qland\u0131rma il\u0259 bir s\u0131ra binalarda, o c\u00fcml\u0259d\u0259n Heyd\u0259r \u018fliyev M\u0259rk\u0259zinin binas\u0131n\u0131n v\u0259 \u201cAlov q\u00fcll\u0259l\u0259ri\u201dnin \u00fcz\u0259rind\u0259 Az\u0259rbaycan bayra\u011f\u0131 \u0259ks olunacaq. Heyd\u0259r \u018fliyev Fondunun \u201cRegional \u0130nki\u015faf\u201d \u0130ctimai Birliyi t\u0259r\u0259find\u0259n an\u0131m t\u0259dbirl\u0259ri ke\u00e7iril\u0259c\u0259k.<\/p>\n<p>An\u0131m G\u00fcn\u00fc il\u0259 \u0259laq\u0259dar m\u0259rk\u0259zi v\u0259 yerli icra hakimiyy\u0259ti strukturlar\u0131 \u00f6lk\u0259 miqyas\u0131nda bir s\u0131ra t\u0259dbirl\u0259r t\u0259\u015fkil ed\u0259c\u0259k, el\u0259c\u0259 d\u0259 \u00f6lk\u0259mizin xaricind\u0259 an\u0131m m\u0259rasiml\u0259ri ke\u00e7iril\u0259c\u0259k.<\/p>\n","protected":false},"excerpt":{"rendered":"<p>Az\u0259rbaycan Respublikas\u0131 Prezidenti \u0130lham \u018fliyevin 2 dekabr 2020-ci il S\u0259r\u0259ncam\u0131na \u0259sas\u0259n V\u0259t\u0259n m\u00fcharib\u0259sind\u0259 q\u0259hr\u0259mancas\u0131na d\u00f6y\u00fc\u015fm\u00fc\u015f, \u00f6lk\u0259mizin \u0259razi b\u00fct\u00f6vl\u00fcy\u00fc yolunda canlar\u0131n\u0131 f\u0259da etmi\u015f \u0259sg\u0259r v\u0259 zabitl\u0259rimiz\u0259, b\u00fct\u00fcn \u015f\u0259hidl\u0259rimiz\u0259 d\u0259rin ehtiram \u0259lam\u0259ti olaraq h\u0259r il sentyabr\u0131n 27-si Az\u0259rbaycanda An\u0131m G\u00fcn\u00fc kimi qeyd edilir. Bununla \u0259laq\u0259dar olaraq bu il sentyabr\u0131n 27-d\u0259 bir s\u0131ra t\u0259dbirl\u0259r\u00a0ke\u00e7iril\u0259c\u0259k. T\u0259\u015fkilat Komit\u0259sind\u0259n veril\u0259n m\u0259lumata g\u00f6r\u0259, An\u0131m G\u00fcn\u00fcnd\u0259 \u015f\u0259hidl\u0259rimiz Az\u0259rbaycanda f\u0259aliyy\u0259t g\u00f6st\u0259r\u0259n dini m\u0259b\u0259dl\u0259rd\u0259 &#8211; m\u0259scidl\u0259rd\u0259, kils\u0259l\u0259rd\u0259, sinaqoqlarda d\u0259rin ehtiramla yad olunacaq, Az\u0259rbaycan\u0131n \u0259razi b\u00fct\u00f6vl\u00fcy\u00fc u\u011frunda can\u0131ndan ke\u00e7mi\u015f V\u0259t\u0259n \u00f6vladlar\u0131n\u0131n ruhuna dualar oxunacaq. Saat 12:00-da \u00f6lk\u0259 \u0259razisind\u0259 \u015f\u0259hidl\u0259rin \u0259ziz xatir\u0259si&hellip;<\/p>\n","protected":false},"author":2,"featured_media":382823,"comment_status":"closed","ping_status":"closed","sticky":false,"template":"","format":"standard","meta":{"om_disable_all_campaigns":false,"_monsterinsights_skip_tracking":false,"_monsterinsights_sitenote_active":false,"_monsterinsights_sitenote_note":"","_monsterinsights_sitenote_category":0},"categories":[19],"tags":[],"aioseo_notices":[],"gutentor_comment":0,"rttpg_featured_image_url":{"full":["https:\/\/arantv.az\/wp-content\/uploads\/2021\/09\/254cb96f-4071-4950-963b-5ad5bc83a2d1.jpg",555,443,false],"landscape":["https:\/\/arantv.az\/wp-content\/uploads\/2021\/09\/254cb96f-4071-4950-963b-5ad5bc83a2d1.jpg",555,443,false],"portraits":["https:\/\/arantv.az\/wp-content\/uploads\/2021\/09\/254cb96f-4071-4950-963b-5ad5bc83a2d1.jpg",555,443,false],"thumbnail":["https:\/\/arantv.az\/wp-content\/uploads\/2021\/09\/254cb96f-4071-4950-963b-5ad5bc83a2d1-500x280.jpg",500,280,true],"medium":["https:\/\/arantv.az\/wp-content\/uploads\/2021\/09\/254cb96f-4071-4950-963b-5ad5bc83a2d1-457x365.jpg",457,365,true],"large":["https:\/\/arantv.az\/wp-content\/uploads\/2021\/09\/254cb96f-4071-4950-963b-5ad5bc83a2d1.jpg",555,443,false],"1536x1536":["https:\/\/arantv.az\/wp-content\/uploads\/2021\/09\/254cb96f-4071-4950-963b-5ad5bc83a2d1.jpg",555,443,false],"2048x2048":["https:\/\/arantv.az\/wp-content\/uploads\/2021\/09\/254cb96f-4071-4950-963b-5ad5bc83a2d1.jpg",555,443,false],"post-thumbnail":["https:\/\/arantv.az\/wp-content\/uploads\/2021\/09\/254cb96f-4071-4950-963b-5ad5bc83a2d1-240x172.jpg",240,172,true],"advps-thumb-one":["https:\/\/arantv.az\/wp-content\/uploads\/2021\/09\/254cb96f-4071-4950-963b-5ad5bc83a2d1.jpg",555,443,false]},"rttpg_author":{"display_name":"V\u00fcsal Rafiqo\u011flu","author_link":"https:\/\/arantv.az\/?author=2"},"rttpg_comment":0,"rttpg_category":"<a href=\"https:\/\/arantv.az\/?cat=19\" rel=\"category\">G\u00fcnd\u0259m<\/a>","rttpg_excerpt":"Az\u0259rbaycan Respublikas\u0131 Prezidenti \u0130lham \u018fliyevin 2 dekabr 2020-ci il S\u0259r\u0259ncam\u0131na \u0259sas\u0259n V\u0259t\u0259n m\u00fcharib\u0259sind\u0259 q\u0259hr\u0259mancas\u0131na d\u00f6y\u00fc\u015fm\u00fc\u015f, \u00f6lk\u0259mizin \u0259razi b\u00fct\u00f6vl\u00fcy\u00fc yolunda canlar\u0131n\u0131 f\u0259da etmi\u015f \u0259sg\u0259r v\u0259 zabitl\u0259rimiz\u0259, b\u00fct\u00fcn \u015f\u0259hidl\u0259rimiz\u0259 d\u0259rin ehtiram \u0259lam\u0259ti olaraq h\u0259r il sentyabr\u0131n 27-si Az\u0259rbaycanda An\u0131m G\u00fcn\u00fc kimi qeyd edilir. Bununla \u0259laq\u0259dar olaraq bu il sentyabr\u0131n 27-d\u0259 bir s\u0131ra t\u0259dbirl\u0259r\u00a0ke\u00e7iril\u0259c\u0259k. T\u0259\u015fkilat Komit\u0259sind\u0259n veril\u0259n m\u0259lumata&hellip;","_links":{"self":[{"href":"https:\/\/arantv.az\/index.php?rest_route=\/wp\/v2\/posts\/382822"}],"collection":[{"href":"https:\/\/arantv.az\/index.php?rest_route=\/wp\/v2\/posts"}],"about":[{"href":"https:\/\/arantv.az\/index.php?rest_route=\/wp\/v2\/types\/post"}],"author":[{"embeddable":true,"href":"https:\/\/arantv.az\/index.php?rest_route=\/wp\/v2\/users\/2"}],"replies":[{"embeddable":true,"href":"https:\/\/arantv.az\/index.php?rest_route=%2Fwp%2Fv2%2Fcomments&post=382822"}],"version-history":[{"count":0,"href":"https:\/\/arantv.az\/index.php?rest_route=\/wp\/v2\/posts\/382822\/revisions"}],"wp:featuredmedia":[{"embeddable":true,"href":"https:\/\/arantv.az\/index.php?rest_route=\/wp\/v2\/media\/382823"}],"wp:attachment":[{"href":"https:\/\/arantv.az\/index.php?rest_route=%2Fwp%2Fv2%2Fmedia&parent=382822"}],"wp:term":[{"taxonomy":"category","embeddable":true,"href":"https:\/\/arantv.az\/index.php?rest_route=%2Fwp%2Fv2%2Fcategories&post=382822"},{"taxonomy":"post_tag","embeddable":true,"href":"https:\/\/arantv.az\/index.php?rest_route=%2Fwp%2Fv2%2Ftags&post=382822"}],"curies":[{"name":"wp","href":"https:\/\/api.w.org\/{rel}","templated":true}]}}