{"id":382829,"date":"2021-09-27T07:50:08","date_gmt":"2021-09-27T04:50:08","guid":{"rendered":"http:\/\/arantv.az\/?p=382829"},"modified":"2021-09-27T07:50:08","modified_gmt":"2021-09-27T04:50:08","slug":"z%c9%99f%c9%99r-yoluna-cixdigimiz-gun-s%c9%99rhfoto","status":"publish","type":"post","link":"https:\/\/arantv.az\/?p=382829","title":{"rendered":"Z\u0259f\u0259r yoluna \u00e7\u0131xd\u0131\u011f\u0131m\u0131z g\u00fcn &#8211; \u015e\u018fRH+FOTO"},"content":{"rendered":"<p>Az\u0259rbaycan 30 il\u0259 yax\u0131n bir m\u00fcdd\u0259td\u0259 davam ed\u0259n Qaraba\u011f problemini 44 g\u00fcnl\u00fck m\u00fcharib\u0259 il\u0259 ba\u015fa \u00e7atd\u0131rd\u0131. Ali Ba\u015f Komandan \u0130lham \u018fliyevin q\u0259tiyy\u0259ti v\u0259 siyasi irad\u0259si il\u0259 Az\u0259rbaycan Ordusu uzun ill\u0259r davam ed\u0259n i\u015f\u011fal\u0131 q\u0259l\u0259b\u0259 il\u0259 yekunla\u015fd\u0131rd\u0131. 90-c\u0131 ill\u0259rin a\u011f\u0131r \u015f\u0259rtl\u0259ri \u00e7\u0259r\u00e7iv\u0259sind\u0259 itirilmi\u015f torpaqlar\u0131n azad edilm\u0259si he\u00e7 d\u0259 t\u0259sad\u00fcfi deyil. H\u0259rbi sah\u0259d\u0259 apar\u0131lan islahatlar xarici siyas\u0259tl\u0259 v\u0259hd\u0259t t\u0259\u015fkil etdi. D\u00f6vl\u0259t ba\u015f\u00e7\u0131s\u0131 h\u0259r il ordu quruculu\u011funa, h\u0259rbi\u00e7il\u0259rin pe\u015f\u0259karl\u0131\u011f\u0131n\u0131n art\u0131r\u0131lmas\u0131na, o c\u00fcml\u0259d\u0259n yeni texnologiyalara \u0259saslanan h\u0259rbi texnikan\u0131n h\u0259m al\u0131nmas\u0131na, h\u0259m d\u0259 \u00f6lk\u0259 daxilind\u0259 istehsal\u0131na m\u00fct\u0259madi olaraq v\u0259sait ay\u0131rd\u0131. N\u00fcfuzlu beyn\u0259lxalq t\u0259\u015fkilatlarda &#8211; BMT-d\u0259, Avropa \u0130ttifaq\u0131nda, Avropa \u015euras\u0131nda, A\u015ePA-da v\u0259 dig\u0259r qurumlarda Az\u0259rbaycan\u0131n \u0259razi b\u00fct\u00f6vl\u00fcy\u00fcn\u00fc d\u0259st\u0259kl\u0259y\u0259n v\u0259 Erm\u0259nistan\u0131n i\u015f\u011fala son qoymas\u0131n\u0131n t\u0259l\u0259b ed\u0259n s\u0259n\u0259dl\u0259r q\u0259bul edildi.<\/p>\n<p><a href=\"https:\/\/kaspi.az\/az\/zefer-yoluna-cixdiimiz-gun?fbclid=IwAR07HG9JtFn2uQTrITSd86d1TNZcDIo3m9Dko4ehg3zyfxiiWyCj9GOgV_k\" target=\"_blank\" rel=\"noopener\"><strong>\u201cKaspi\u201d q\u0259zeti<\/strong><\/a>\u00a0m\u00f6vzu il\u0259 ba\u011fl\u0131 \u0259hatli yaz\u0131 yay\u0131mlay\u0131b.<\/p>\n<p>Ayr\u0131-ayr\u0131 \u00f6lk\u0259l\u0259rl\u0259 birlikd\u0259 t\u0259\u015fkil edil\u0259n h\u0259rbi t\u0259liml\u0259r zaman\u0131 Az\u0259rbaycan Ordusu yeni d\u00f6y\u00fc\u015f metodlar\u0131n\u0131 m\u0259nims\u0259di v\u0259 bundan ir\u0259li g\u0259l\u0259n t\u0259cr\u00fcb\u0259y\u0259 sahib oldu. T\u0259bii ki, zamanla g\u00f6r\u00fcl\u0259n bu i\u015fl\u0259rin m\u0259qs\u0259di v\u0259 m\u0259ram\u0131 d\u00fc\u015fm\u0259n\u0259 &#8211; Erm\u0259nistan hakimiyy\u0259tin\u0259, Qaraba\u011fdak\u0131 separat\u00e7\u0131 rejim\u0259 v\u0259 onlar\u0131 d\u0259st\u0259kl\u0259y\u0259n xarici q\u00fcvv\u0259l\u0259r\u0259 b\u0259lli idi. Sad\u0259c\u0259 d\u00fcnyada, regionda ba\u015f ver\u0259nl\u0259ri d\u00fczg\u00fcn qiym\u0259tl\u0259ndirm\u0259k v\u0259 ona uy\u011fun add\u0131mlar atmaq &#8211; h\u0259rbi \u0259m\u0259liyyatlar\u0131 ba\u015flamaq zamana ba\u011fl\u0131 m\u0259s\u0259l\u0259 idi. N\u0259hay\u0259t, 27 sentyabr 2020-ci il tarixi z\u0259f\u0259r\u0259 ba\u015flanan yol oldu. 44 g\u00fcnl\u00fck II Qaraba\u011f m\u00fcharib\u0259si is\u0259 torpaqlar\u0131m\u0131z\u0131n i\u015f\u011faldan azad olunmas\u0131na, q\u0259l\u0259b\u0259miz\u0259 v\u0259sil\u0259 oldu. Bundan sonra m\u0259\u011flubiyy\u0259t\u0259 m\u0259hkum olan Erm\u0259nistanda is\u0259 h\u0259l\u0259 d\u0259 siyasi g\u0259rginlik, iqtisadi t\u0259n\u0259zz\u00fcl, demoqrafik probleml\u0259r qalmaqdad\u0131r. Erm\u0259nistan hakimiyy\u0259ti h\u0259l\u0259 d\u0259 hans\u0131 add\u0131mlar ataca\u011f\u0131n\u0131 bilmir. Pa\u015finyan is\u0259 Q\u0259rbl\u0259 Rusiya aras\u0131nda se\u00e7im etm\u0259k \u00fc\u00e7\u00fcn var-g\u0259l edir. He\u00e7 \u015f\u00fcbh\u0259siz ki, Az\u0259rbaycan\u0131n bu tarixi q\u0259l\u0259b\u0259si t\u0259kc\u0259 torpaqlar\u0131n i\u015f\u011faldan azad edilm\u0259si il\u0259 bitm\u0259di. Z\u0259f\u0259r dolu \u00f6t\u0259n bir il \u0259rzind\u0259 regionda da n\u0259l\u0259rs\u0259 d\u0259yi\u015fdi.<\/p>\n<div id=\"AdviadNativeVideo0\" class=\"AdviadNativeVideo\"><\/div>\n<p><img src=\"https:\/\/kaspi.az\/file\/pic\/xeber\/2021-09\/1632494643_sahib-aliyev-deputat.jpg\" \/><\/p>\n<p>M\u00f6vzu il\u0259 ba\u011fl\u0131 &#8220;Kaspi\u201d q\u0259zetin\u0259 a\u00e7\u0131qlamas\u0131nda\u00a0Milli M\u0259clisin deputat\u0131 Sahib Al\u0131yev\u00a0bildirdi ki, birincisi, Qaraba\u011f\u0131n \u00f6z\u00fc d\u0259yi\u015fdi: &#8220;\u0130\u015f\u011fal zaman\u0131 alt\u0131 \u00fcst\u00fcn\u0259 \u00e7evril\u0259n torpaqlar\u0131m\u0131z indi b\u00f6y\u00fck quruculuq i\u015fl\u0259rinin getdiyi n\u0259h\u0259ng tikinti meydan\u00e7as\u0131na b\u0259nz\u0259yir. \u018fg\u0259r m\u00fcnasib\u0259t d\u0259yi\u015fm\u0259sind\u0259n s\u00f6hb\u0259t gedirs\u0259, d\u0259yi\u015fm\u0259nin d\u0259r\u0259c\u0259sin\u0259 g\u00f6r\u0259 s\u0131ralamal\u0131 olsaq, Az\u0259rbaycan xalq\u0131na m\u00fcnasib\u0259t d\u0259yi\u015fdi. Az\u0259rbaycan Ordusuna m\u00fcnasib\u0259t d\u0259yi\u015fdi v\u0259 Az\u0259rbaycan d\u00f6vl\u0259tin\u0259 m\u00fcnasib\u0259t d\u0259yi\u015fdi. A\u00e7\u0131\u011f\u0131, he\u00e7 kim, h\u0259tta biz \u00f6z\u00fcm\u00fcz d\u0259 bilmirdik ki, Az\u0259rbaycan xalq\u0131 bu q\u0259d\u0259r birlik g\u00f6st\u0259r\u0259rmi\u015f. Bu q\u0259d\u0259r \u00f6z ordusunun, d\u00f6vl\u0259tinin arxas\u0131nda durma\u011f\u0131 bacararm\u0131\u015f. Onun qad\u0131nlar\u0131, q\u0131zlar\u0131 do\u011fmas\u0131n\u0131 itir\u0259nd\u0259 bu q\u0259d\u0259r m\u0259rdan\u0259 davranaraq, k\u00f6ks\u00fcn\u00fc qabardaraq c\u0259naz\u0259sin\u0259 \u00f6z\u00fc gir\u0259rmi\u015f. B\u00fct\u00f6vl\u00fckd\u0259 biz bu q\u0259d\u0259r monolit bir g\u00fcc oldu\u011fumuzu s\u0259rgil\u0259y\u0259 bil\u0259rmi\u015fik. Siz fikir verin, monoetnik Erm\u0259nistan ordusundan, el\u0259 sava\u015f\u0131n ilk on g\u00fcn\u00fcnd\u0259 on mind\u0259n art\u0131q f\u0259rari oldu. Ondan art\u0131q xalq\u0131n v\u0259 etnik qrupun t\u0259msil\u00e7isinin s\u0131ralar\u0131nda vuru\u015fdu\u011fu Az\u0259rbaycan ordusunda bir n\u0259f\u0259r bel\u0259 f\u0259rariy\u0259 rast g\u0259linm\u0259di. Bir s\u0131ra tan\u0131nm\u0131\u015f ekspertl\u0259r d\u0259 a\u00e7\u0131q \u015f\u0259kild\u0259 dil\u0259 g\u0259tirdil\u0259r ki, biz Az\u0259rbaycan\u0131 d\u00f6vl\u0259t olaraq az-\u00e7ox tan\u0131y\u0131rd\u0131q. Az\u0259rbaycan Ordusu haqq\u0131nda yet\u0259rinc\u0259 m\u0259lumatl\u0131 idik, amma bu sava\u015fda g\u00f6rd\u00fck ki, biz Az\u0259rbaycan xalq\u0131n\u0131 tan\u0131mam\u0131\u015f\u0131q\u201d.<\/p>\n<p>S.Al\u0131yev qeyd etdi ki, 44 g\u00fcnl\u00fck m\u00fcharib\u0259d\u0259n sonra Az\u0259rbaycan Ordusuna yana\u015fma d\u0259yi\u015fdi: &#8220;Y\u0259ni h\u0259r k\u0259s bilirdi ki, Az\u0259rbaycanda ordu quruculu\u011funa b\u00f6y\u00fck v\u0259sait ayr\u0131l\u0131r. H\u0259r k\u0259s bilirdi ki, Az\u0259rbaycan ard\u0131c\u0131l olaraq t\u0259liml\u0259r ke\u00e7irir. Amma he\u00e7 k\u0259s f\u0259rqind\u0259 deyildi ki, Az\u0259rbaycan bu regionda t\u0259kc\u0259 i\u015f\u011fal\u00e7\u0131 Erm\u0259nistandan deyil, ondan qat-qat b\u00f6y\u00fck d\u00f6vl\u0259tl\u0259rd\u0259n, ona silah-sursat \u00f6t\u00fcr\u0259nl\u0259rd\u0259n \u00fcst\u00fcn bir h\u0259rbi performans s\u0259rgil\u0259y\u0259c\u0259k. H\u0259rbi texniki \u00fcst\u00fcnl\u00fcy\u00fc il\u0259 yana\u015f\u0131, h\u0259rbi m\u00fct\u0259x\u0259ssisl\u0259rinin pe\u015f\u0259karl\u0131\u011f\u0131n\u0131, h\u0259m d\u0259 \u0259sg\u0259rl\u0259rinin daha c\u0259sur, qorxmaz, m\u0259rd oldu\u011funu ortaya qoyacaq. Birm\u0259nal\u0131 \u015f\u0259kild\u0259 dey\u0259 bil\u0259rik ki, NATO-da da, Rusiyada da, dig\u0259r yerl\u0259rd\u0259 d\u0259 Az\u0259rbaycan Ordusunun q\u0131rx d\u00f6rd g\u00fcnl\u00fck sava\u015f zaman\u0131 s\u0259rgil\u0259diyi pe\u015f\u0259karl\u0131q \u00f6yr\u0259nilir. Y\u0259ni II Qaraba\u011f sava\u015f\u0131n\u0131n n\u0259tic\u0259l\u0259rin\u0259 \u0259sas\u0259n qabaqc\u0131l h\u0259rbi texnikadan nec\u0259 ustal\u0131qla faydalanma\u011f\u0131n sirl\u0259ri m\u0259nims\u0259nilir\u201d.<\/p>\n<p><img src=\"https:\/\/kaspi.az\/file\/pic\/xeber\/2021-09\/1632494728_esgerler-bayraq.jpg\" \/><\/p>\n<p>Politoloq qeyd etdi ki, 44 g\u00fcnl\u00fck m\u00fcharib\u0259 zaman\u0131 Az\u0259rbaycan d\u00f6vl\u0259tin\u0259 yana\u015fma da d\u0259yi\u015fdi: &#8220;B\u0259li, Az\u0259rbaycan\u0131n regionda lider d\u00f6vl\u0259t oldu\u011funu art\u0131q h\u0259r k\u0259s g\u00f6r\u00fcrd\u00fc. Amma h\u0259r k\u0259s onu da g\u00f6rd\u00fc ki, b\u00fct\u00fcn b\u00f6y\u00fck d\u00f6vl\u0259tl\u0259rin ist\u0259yin\u0259 r\u0259\u011fm\u0259n, Az\u0259rbaycan dey\u0259nd\u0259 h\u0259m d\u0259 \u00f6z torpaqlar\u0131n\u0131 sava\u015f yolu il\u0259 azad etm\u0259yi bacaran bir d\u00f6vl\u0259td\u0259n s\u00f6hb\u0259t gedir. Bir daha vur\u011fulay\u0131ram ki, Az\u0259rbaycan b\u00fct\u00fcn b\u00f6y\u00fck d\u00f6vl\u0259tl\u0259rin ist\u0259yin\u0259 r\u0259\u011fm\u0259n, sava\u015f yolu il\u0259 \u00f6z torpaqlar\u0131n\u0131 azad etm\u0259yi bacarmaqla bir d\u00f6vl\u0259t olaraq daha b\u00f6y\u00fck oldu\u011funu, daha q\u00fcdr\u0259tli oldu\u011funu ortaya qoydu. He\u00e7 \u015f\u00fcbh\u0259siz ki, burada d\u00f6vl\u0259timizin ba\u015f\u0131nda duran Prezidentimiz, Ali Ba\u015f Komandan\u0131m\u0131z, c\u0259nab \u0130lham \u018fliyevin rolu dan\u0131lmazd\u0131r\u201d.<\/p>\n","protected":false},"excerpt":{"rendered":"<p>Az\u0259rbaycan 30 il\u0259 yax\u0131n bir m\u00fcdd\u0259td\u0259 davam ed\u0259n Qaraba\u011f problemini 44 g\u00fcnl\u00fck m\u00fcharib\u0259 il\u0259 ba\u015fa \u00e7atd\u0131rd\u0131. Ali Ba\u015f Komandan \u0130lham \u018fliyevin q\u0259tiyy\u0259ti v\u0259 siyasi irad\u0259si il\u0259 Az\u0259rbaycan Ordusu uzun ill\u0259r davam ed\u0259n i\u015f\u011fal\u0131 q\u0259l\u0259b\u0259 il\u0259 yekunla\u015fd\u0131rd\u0131. 90-c\u0131 ill\u0259rin a\u011f\u0131r \u015f\u0259rtl\u0259ri \u00e7\u0259r\u00e7iv\u0259sind\u0259 itirilmi\u015f torpaqlar\u0131n azad edilm\u0259si he\u00e7 d\u0259 t\u0259sad\u00fcfi deyil. H\u0259rbi sah\u0259d\u0259 apar\u0131lan islahatlar xarici siyas\u0259tl\u0259 v\u0259hd\u0259t t\u0259\u015fkil etdi. D\u00f6vl\u0259t ba\u015f\u00e7\u0131s\u0131 h\u0259r il ordu quruculu\u011funa, h\u0259rbi\u00e7il\u0259rin pe\u015f\u0259karl\u0131\u011f\u0131n\u0131n art\u0131r\u0131lmas\u0131na, o c\u00fcml\u0259d\u0259n yeni texnologiyalara \u0259saslanan h\u0259rbi texnikan\u0131n h\u0259m al\u0131nmas\u0131na, h\u0259m d\u0259 \u00f6lk\u0259 daxilind\u0259 istehsal\u0131na m\u00fct\u0259madi olaraq v\u0259sait ay\u0131rd\u0131. N\u00fcfuzlu beyn\u0259lxalq t\u0259\u015fkilatlarda &#8211; BMT-d\u0259,&hellip;<\/p>\n","protected":false},"author":2,"featured_media":382830,"comment_status":"closed","ping_status":"closed","sticky":false,"template":"","format":"standard","meta":{"om_disable_all_campaigns":false,"_monsterinsights_skip_tracking":false,"_monsterinsights_sitenote_active":false,"_monsterinsights_sitenote_note":"","_monsterinsights_sitenote_category":0},"categories":[8],"tags":[],"aioseo_notices":[],"gutentor_comment":0,"rttpg_featured_image_url":{"full":["https:\/\/arantv.az\/wp-content\/uploads\/2021\/09\/ilham-aliev.jpg",620,413,false],"landscape":["https:\/\/arantv.az\/wp-content\/uploads\/2021\/09\/ilham-aliev.jpg",620,413,false],"portraits":["https:\/\/arantv.az\/wp-content\/uploads\/2021\/09\/ilham-aliev.jpg",620,413,false],"thumbnail":["https:\/\/arantv.az\/wp-content\/uploads\/2021\/09\/ilham-aliev-500x280.jpg",500,280,true],"medium":["https:\/\/arantv.az\/wp-content\/uploads\/2021\/09\/ilham-aliev-548x365.jpg",548,365,true],"large":["https:\/\/arantv.az\/wp-content\/uploads\/2021\/09\/ilham-aliev.jpg",620,413,false],"1536x1536":["https:\/\/arantv.az\/wp-content\/uploads\/2021\/09\/ilham-aliev.jpg",620,413,false],"2048x2048":["https:\/\/arantv.az\/wp-content\/uploads\/2021\/09\/ilham-aliev.jpg",620,413,false],"post-thumbnail":["https:\/\/arantv.az\/wp-content\/uploads\/2021\/09\/ilham-aliev-240x172.jpg",240,172,true],"advps-thumb-one":["https:\/\/arantv.az\/wp-content\/uploads\/2021\/09\/ilham-aliev.jpg",620,413,false]},"rttpg_author":{"display_name":"V\u00fcsal Rafiqo\u011flu","author_link":"https:\/\/arantv.az\/?author=2"},"rttpg_comment":0,"rttpg_category":"<a href=\"https:\/\/arantv.az\/?cat=8\" rel=\"category\">\u018fsas s\u0259hif\u0259<\/a>","rttpg_excerpt":"Az\u0259rbaycan 30 il\u0259 yax\u0131n bir m\u00fcdd\u0259td\u0259 davam ed\u0259n Qaraba\u011f problemini 44 g\u00fcnl\u00fck m\u00fcharib\u0259 il\u0259 ba\u015fa \u00e7atd\u0131rd\u0131. Ali Ba\u015f Komandan \u0130lham \u018fliyevin q\u0259tiyy\u0259ti v\u0259 siyasi irad\u0259si il\u0259 Az\u0259rbaycan Ordusu uzun ill\u0259r davam ed\u0259n i\u015f\u011fal\u0131 q\u0259l\u0259b\u0259 il\u0259 yekunla\u015fd\u0131rd\u0131. 90-c\u0131 ill\u0259rin a\u011f\u0131r \u015f\u0259rtl\u0259ri \u00e7\u0259r\u00e7iv\u0259sind\u0259 itirilmi\u015f torpaqlar\u0131n azad edilm\u0259si he\u00e7 d\u0259 t\u0259sad\u00fcfi deyil. H\u0259rbi sah\u0259d\u0259 apar\u0131lan islahatlar xarici siyas\u0259tl\u0259&hellip;","_links":{"self":[{"href":"https:\/\/arantv.az\/index.php?rest_route=\/wp\/v2\/posts\/382829"}],"collection":[{"href":"https:\/\/arantv.az\/index.php?rest_route=\/wp\/v2\/posts"}],"about":[{"href":"https:\/\/arantv.az\/index.php?rest_route=\/wp\/v2\/types\/post"}],"author":[{"embeddable":true,"href":"https:\/\/arantv.az\/index.php?rest_route=\/wp\/v2\/users\/2"}],"replies":[{"embeddable":true,"href":"https:\/\/arantv.az\/index.php?rest_route=%2Fwp%2Fv2%2Fcomments&post=382829"}],"version-history":[{"count":0,"href":"https:\/\/arantv.az\/index.php?rest_route=\/wp\/v2\/posts\/382829\/revisions"}],"wp:featuredmedia":[{"embeddable":true,"href":"https:\/\/arantv.az\/index.php?rest_route=\/wp\/v2\/media\/382830"}],"wp:attachment":[{"href":"https:\/\/arantv.az\/index.php?rest_route=%2Fwp%2Fv2%2Fmedia&parent=382829"}],"wp:term":[{"taxonomy":"category","embeddable":true,"href":"https:\/\/arantv.az\/index.php?rest_route=%2Fwp%2Fv2%2Fcategories&post=382829"},{"taxonomy":"post_tag","embeddable":true,"href":"https:\/\/arantv.az\/index.php?rest_route=%2Fwp%2Fv2%2Ftags&post=382829"}],"curies":[{"name":"wp","href":"https:\/\/api.w.org\/{rel}","templated":true}]}}