{"id":382844,"date":"2021-09-27T07:57:57","date_gmt":"2021-09-27T04:57:57","guid":{"rendered":"http:\/\/arantv.az\/?p=382844"},"modified":"2021-09-27T07:57:57","modified_gmt":"2021-09-27T04:57:57","slug":"27-sentyabr-milli-birliyin-t%c9%99min-olundugu-gun","status":"publish","type":"post","link":"https:\/\/arantv.az\/?p=382844","title":{"rendered":"27 sentyabr: Milli birliyin t\u0259min olundu\u011fu g\u00fcn"},"content":{"rendered":"<p><em><strong>Az\u0259rbaycan Respublikas\u0131n\u0131n Prezidenti \u0130lham \u018fliyevin 2020-ci il 2 dekabr S\u0259r\u0259ncam\u0131na \u0259sas\u0259n, V\u0259t\u0259n m\u00fcharib\u0259sind\u0259 q\u0259hr\u0259mancas\u0131na d\u00f6y\u00fc\u015fm\u00fc\u015f, \u00f6lk\u0259mizin \u0259razi b\u00fct\u00f6vl\u00fcy\u00fc yolunda canlar\u0131n\u0131 f\u0259da etmi\u015f \u0259sg\u0259r v\u0259 zabitl\u0259rimiz\u0259, b\u00fct\u00fcn \u015f\u0259hidl\u0259rimiz\u0259 d\u0259rin ehtiram \u0259lam\u0259ti olaraq h\u0259r il sentyabr\u0131n 27-si Az\u0259rbaycanda An\u0131m G\u00fcn\u00fc kimi qeyd edil\u0259c\u0259k. Bununla \u0259laq\u0259dar olaraq bu il sentyabr\u0131n 27-d\u0259 bir s\u0131ra t\u0259dbirl\u0259rin ke\u00e7irilm\u0259si n\u0259z\u0259rd\u0259 tutulur. T\u0259\u015fkilat Komit\u0259sind\u0259n veril\u0259n m\u0259lumata g\u00f6r\u0259, An\u0131m G\u00fcn\u00fcnd\u0259 \u015f\u0259hidl\u0259rimiz Az\u0259rbaycanda f\u0259aliyy\u0259t g\u00f6st\u0259r\u0259n dini m\u0259b\u0259dl\u0259rd\u0259 &#8211; m\u0259scidl\u0259rd\u0259, kils\u0259l\u0259rd\u0259, sinaqoqlarda d\u0259rin ehtiramla yad olunacaq, Az\u0259rbaycan\u0131n \u0259razi b\u00fct\u00f6vl\u00fcy\u00fc u\u011frunda can\u0131ndan ke\u00e7mi\u015f V\u0259t\u0259n \u00f6vladlar\u0131n\u0131n ruhuna dualar oxunacaq. Saat 12:00-da \u00f6lk\u0259 \u0259razisind\u0259 \u015f\u0259hidl\u0259rin \u0259ziz xatir\u0259si bir d\u0259qiq\u0259lik s\u00fckutla yad edil\u0259c\u0259k. Ax\u015fam saatlar\u0131nda x\u00fcsusi i\u015f\u0131qland\u0131rma il\u0259 bir s\u0131ra binalarda, o c\u00fcml\u0259d\u0259n Heyd\u0259r \u018fliyev M\u0259rk\u0259zinin binas\u0131n\u0131n v\u0259 \u201cAlov q\u00fcll\u0259l\u0259ri\u201dnin \u00fcz\u0259rind\u0259 Az\u0259rbaycan bayra\u011f\u0131 \u0259ks olunacaq. Heyd\u0259r \u018fliyev Fondunun \u201cRegional \u0130nki\u015faf\u201d \u0130ctimai Birliyi t\u0259r\u0259find\u0259n an\u0131m t\u0259dbirl\u0259ri t\u0259\u015fkil edil\u0259c\u0259k. An\u0131m G\u00fcn\u00fc il\u0259 \u0259laq\u0259dar m\u0259rk\u0259zi v\u0259 yerli icra hakimiyy\u0259ti strukturlar\u0131 \u00f6lk\u0259 miqyas\u0131nda bir s\u0131ra t\u0259dbirl\u0259r t\u0259\u015fkil ed\u0259c\u0259k, el\u0259c\u0259 d\u0259 \u00f6lk\u0259mizin xaricind\u0259 an\u0131m m\u0259rasiml\u0259ri ke\u00e7iril\u0259c\u0259k.<\/strong><\/em><\/p>\n<p>M\u0259lum oldu\u011fu kimi, \u00f6t\u0259n ilin 27 sentyabr\u0131nda i\u015f\u011fal\u00e7\u0131 Erm\u0259nistan\u0131n Az\u0259rbaycana qar\u015f\u0131 xainc\u0259sin\u0259 h\u0259yata ke\u00e7irdiyi n\u00f6vb\u0259ti h\u0259rbi t\u0259cav\u00fcz\u0259 cavab olaraq, Az\u0259rbaycan Ordusu Erm\u0259nistan silahl\u0131 q\u00fcvv\u0259l\u0259rin\u0259 qar\u015f\u0131 \u0259ks-h\u00fccum \u0259m\u0259liyyat\u0131na ba\u015flad\u0131. Bel\u0259likl\u0259, Ali Ba\u015f Komandan \u0130lham \u018fliyevin r\u0259hb\u0259rliyi il\u0259 sentyabr\u0131n 27-d\u0259n ba\u015flanan V\u0259t\u0259n m\u00fcharib\u0259si \u015fanl\u0131 Q\u0259l\u0259b\u0259 il\u0259 sona \u00e7atd\u0131, 44 g\u00fcn davam ed\u0259n h\u0259rbi \u0259m\u0259liyyatlar n\u0259tic\u0259sind\u0259 Az\u0259rbaycan Ordusu i\u015f\u011fal\u00e7\u0131 Erm\u0259nistan\u0131n 30 il \u0259rzind\u0259 qurdu\u011fu silahl\u0131 q\u00fcvv\u0259l\u0259rini darmada\u011f\u0131n ed\u0259r\u0259k b\u00f6y\u00fck Z\u0259f\u0259r\u0259 imza atd\u0131.<\/p>\n<p>Bu, h\u0259rbi m\u00fcst\u0259vid\u0259 \u0259ld\u0259 olunan q\u0259l\u0259b\u0259 idi. Sonra biz siyasi m\u00fcst\u0259vid\u0259 q\u0259l\u0259b\u0259 qazand\u0131q. Ordusunun darmada\u011f\u0131n edildiyini g\u00f6r\u0259n d\u00fc\u015fm\u0259n kapitulyasiya akt\u0131na imza atma\u011fa m\u0259cbur edildi. Noyabr\u0131n 8-d\u0259 \u015eu\u015fa q\u0259hr\u0259mancas\u0131na azad edildi. Bunun ard\u0131nca d\u00fc\u015fm\u0259n noyabr\u0131n 25-d\u0259 K\u0259lb\u0259c\u0259ri, 20-d\u0259 A\u011fdam\u0131, dekabr\u0131n 1-d\u0259 is\u0259 La\u00e7\u0131n\u0131 Az\u0259rbaycana d\u00f6y\u00fc\u015fs\u00fcz t\u0259hvil verdi.<\/p>\n<p>M\u00fcharib\u0259 zaman\u0131 Az\u0259rbaycan humanizm prinsipl\u0259rin\u0259, silahl\u0131 m\u00fcnaqi\u015f\u0259l\u0259rl\u0259 ba\u011fl\u0131 yaz\u0131lmam\u0131\u015f qanunlara laz\u0131m\u0131nca \u0259m\u0259l etdi. N\u0259 dinc \u0259halini at\u0259\u015f\u0259 tutdu, n\u0259 d\u0259 g\u00f6t\u00fcrd\u00fcy\u00fc \u0259sirl\u0259r\u0259 fiziki iztirablar verdi. Bir d\u0259f\u0259 d\u0259 erm\u0259ni sakinl\u0259rinin qald\u0131\u011f\u0131 Xank\u0259ndini v\u0259 dig\u0259r ya\u015fay\u0131\u015f m\u0259nt\u0259q\u0259l\u0259rini h\u0259d\u0259f se\u00e7m\u0259di. Amma qar\u015f\u0131 t\u0259r\u0259f d\u0259f\u0259l\u0259rl\u0259 G\u0259nc\u0259ni, T\u0259rt\u0259ri, B\u0259rd\u0259ni, A\u011fdam\u0131, A\u011fcab\u0259dini v\u0259 t\u0259mas x\u0259ttind\u0259n uzaq olan dig\u0259r rayonlar\u0131 raket at\u0259\u015fl\u0259rin\u0259 tutdu, n\u0259 q\u0259d\u0259r dinc sakinin q\u0259tlin\u0259 bais oldu. 44 g\u00fcnl\u00fck sava\u015fda t\u0259kc\u0259 T\u0259rt\u0259rin 40 ya\u015fay\u0131\u015f m\u0259nt\u0259q\u0259sin\u0259 21 raket, 16 mind\u0259n \u00e7ox artilleriya m\u0259rmisi at\u0131ld\u0131. G\u0259nc\u0259 be\u015f d\u0259f\u0259 bombaland\u0131. D\u00fc\u015fm\u0259n h\u0259tta Ming\u0259\u00e7evir\u0259, X\u0131z\u0131ya, ba\u015fqa uzaq \u00fcnvanlara bel\u0259 raket atmaqdan \u00e7\u0259kinm\u0259di. B\u00fct\u00fcn bunlara r\u0259\u011fm\u0259n xalq\u0131m\u0131z\u0131n v\u0259 ordumuzun sars\u0131lmaz v\u0259hd\u0259ti d\u0259mir yumru\u011fa \u00e7evril\u0259r\u0259k m\u0259krli d\u00fc\u015fm\u0259ni darmada\u011f\u0131n etdi. M\u0259hz bu amill\u0259r \u00f6t\u0259n il sentyabr\u0131n 27-d\u0259 ba\u015flanm\u0131\u015f \u0130kinci Qaraba\u011f m\u00fcharib\u0259sinin \u00fcmumd\u00fcnya tarixi \u0259h\u0259miyy\u0259tini bir daha ortaya qoyur.<\/p>\n<p>B\u00fct\u00fcn V\u0259t\u0259n m\u00fcharib\u0259si boyunca dost \u00f6lk\u0259l\u0259r, x\u00fcsusil\u0259 d\u0259 qarda\u015f T\u00fcrkiy\u0259 v\u0259 Pakistan biz\u0259 m\u0259n\u0259vi dayaq oldular. D\u00fcnya yax\u015f\u0131 bilirdi ki, biz haqq yolunday\u0131q, i\u015fimiz haqq i\u015fidir. Buna g\u00f6r\u0259 d\u0259 Z\u0259f\u0259r \u00e7alaca\u011f\u0131q. Az\u0259rbaycan\u0131n pilotsuz u\u00e7u\u015f aparatlar\u0131n\u0131n erm\u0259ni h\u0259d\u0259fl\u0259rini nec\u0259 vurdu\u011funu g\u00f6st\u0259r\u0259n videog\u00f6r\u00fcnt\u00fcl\u0259r m\u00fcnaqi\u015f\u0259d\u0259 \u00fcst\u00fcnl\u00fcy\u00fcn vizual r\u0259mzl\u0259rind\u0259n birin\u0259 \u00e7evrildi. Lakin yen\u0259 d\u0259 \u0259sas g\u00fcc \u0259sg\u0259r, gizir v\u0259 zabitl\u0259rimizin \u00fcz\u0259rin\u0259 d\u00fc\u015f\u00fcrd\u00fc. V\u0259t\u0259n namin\u0259 misilsiz r\u0259\u015fad\u0259tl\u0259r g\u00f6st\u0259r\u0259n \u015f\u0259hidl\u0259rimiz, qazil\u0259rimiz Z\u0259f\u0259ri \u00f6z qanlar\u0131 il\u0259 qazand\u0131lar. M\u00fcz\u0259ff\u0259r Ali Ba\u015f Komandan\u0131m\u0131z\u0131n q\u0259tiyy\u0259ti, r\u0259\u015fad\u0259tli ordumuzun f\u0259dakarl\u0131\u011f\u0131, xalq\u0131m\u0131z\u0131n qeyr\u0259ti say\u0259sind\u0259 biz Q\u0259l\u0259b\u0259y\u0259 nail olduq.<\/p>\n<p>\u0130ndi i\u015f\u011faldan azad edilmi\u015f \u0259razil\u0259rd\u0259 geni\u015fmiqyasl\u0131 b\u0259rpa-quruculuq i\u015fl\u0259ri apar\u0131l\u0131r. \u015eu\u015fada T\u00fcrkiy\u0259\u2013Az\u0259rbaycan Birg\u0259 B\u0259yannam\u0259si imzalan\u0131b. B\u00fct\u00fcn bunlar\u0131n \u00f6z\u0259yind\u0259, he\u00e7 \u015f\u00fcbh\u0259siz, \u00f6t\u0259n ilin 27 sentyabr g\u00fcn\u00fcnd\u0259 ba\u015flanan V\u0259t\u0259n m\u00fcharib\u0259sinin g\u0259tirdiyi tarixi Z\u0259f\u0259r dayan\u0131r. 27 sentyabr Az\u0259rbaycan xalq\u0131n\u0131n milli birliyinin t\u0259min olundu\u011fu g\u00fcnd\u00fcr.<\/p>\n","protected":false},"excerpt":{"rendered":"<p>Az\u0259rbaycan Respublikas\u0131n\u0131n Prezidenti \u0130lham \u018fliyevin 2020-ci il 2 dekabr S\u0259r\u0259ncam\u0131na \u0259sas\u0259n, V\u0259t\u0259n m\u00fcharib\u0259sind\u0259 q\u0259hr\u0259mancas\u0131na d\u00f6y\u00fc\u015fm\u00fc\u015f, \u00f6lk\u0259mizin \u0259razi b\u00fct\u00f6vl\u00fcy\u00fc yolunda canlar\u0131n\u0131 f\u0259da etmi\u015f \u0259sg\u0259r v\u0259 zabitl\u0259rimiz\u0259, b\u00fct\u00fcn \u015f\u0259hidl\u0259rimiz\u0259 d\u0259rin ehtiram \u0259lam\u0259ti olaraq h\u0259r il sentyabr\u0131n 27-si Az\u0259rbaycanda An\u0131m G\u00fcn\u00fc kimi qeyd edil\u0259c\u0259k. Bununla \u0259laq\u0259dar olaraq bu il sentyabr\u0131n 27-d\u0259 bir s\u0131ra t\u0259dbirl\u0259rin ke\u00e7irilm\u0259si n\u0259z\u0259rd\u0259 tutulur. T\u0259\u015fkilat Komit\u0259sind\u0259n veril\u0259n m\u0259lumata g\u00f6r\u0259, An\u0131m G\u00fcn\u00fcnd\u0259 \u015f\u0259hidl\u0259rimiz Az\u0259rbaycanda f\u0259aliyy\u0259t g\u00f6st\u0259r\u0259n dini m\u0259b\u0259dl\u0259rd\u0259 &#8211; m\u0259scidl\u0259rd\u0259, kils\u0259l\u0259rd\u0259, sinaqoqlarda d\u0259rin ehtiramla yad olunacaq, Az\u0259rbaycan\u0131n \u0259razi b\u00fct\u00f6vl\u00fcy\u00fc u\u011frunda can\u0131ndan ke\u00e7mi\u015f V\u0259t\u0259n \u00f6vladlar\u0131n\u0131n ruhuna dualar oxunacaq. Saat 12:00-da \u00f6lk\u0259 \u0259razisind\u0259&hellip;<\/p>\n","protected":false},"author":2,"featured_media":382845,"comment_status":"closed","ping_status":"closed","sticky":false,"template":"","format":"standard","meta":{"om_disable_all_campaigns":false,"_monsterinsights_skip_tracking":false,"_monsterinsights_sitenote_active":false,"_monsterinsights_sitenote_note":"","_monsterinsights_sitenote_category":0},"categories":[19],"tags":[],"aioseo_notices":[],"gutentor_comment":0,"rttpg_featured_image_url":{"full":["https:\/\/arantv.az\/wp-content\/uploads\/2021\/09\/7fcc48d2163249667287688788710153614.jpg",975,540,false],"landscape":["https:\/\/arantv.az\/wp-content\/uploads\/2021\/09\/7fcc48d2163249667287688788710153614.jpg",975,540,false],"portraits":["https:\/\/arantv.az\/wp-content\/uploads\/2021\/09\/7fcc48d2163249667287688788710153614.jpg",975,540,false],"thumbnail":["https:\/\/arantv.az\/wp-content\/uploads\/2021\/09\/7fcc48d2163249667287688788710153614-500x280.jpg",500,280,true],"medium":["https:\/\/arantv.az\/wp-content\/uploads\/2021\/09\/7fcc48d2163249667287688788710153614-660x365.jpg",660,365,true],"large":["https:\/\/arantv.az\/wp-content\/uploads\/2021\/09\/7fcc48d2163249667287688788710153614-840x465.jpg",640,354,true],"1536x1536":["https:\/\/arantv.az\/wp-content\/uploads\/2021\/09\/7fcc48d2163249667287688788710153614.jpg",975,540,false],"2048x2048":["https:\/\/arantv.az\/wp-content\/uploads\/2021\/09\/7fcc48d2163249667287688788710153614.jpg",975,540,false],"post-thumbnail":["https:\/\/arantv.az\/wp-content\/uploads\/2021\/09\/7fcc48d2163249667287688788710153614-240x172.jpg",240,172,true],"advps-thumb-one":["https:\/\/arantv.az\/wp-content\/uploads\/2021\/09\/7fcc48d2163249667287688788710153614.jpg",975,540,false]},"rttpg_author":{"display_name":"V\u00fcsal Rafiqo\u011flu","author_link":"https:\/\/arantv.az\/?author=2"},"rttpg_comment":0,"rttpg_category":"<a href=\"https:\/\/arantv.az\/?cat=19\" rel=\"category\">G\u00fcnd\u0259m<\/a>","rttpg_excerpt":"Az\u0259rbaycan Respublikas\u0131n\u0131n Prezidenti \u0130lham \u018fliyevin 2020-ci il 2 dekabr S\u0259r\u0259ncam\u0131na \u0259sas\u0259n, V\u0259t\u0259n m\u00fcharib\u0259sind\u0259 q\u0259hr\u0259mancas\u0131na d\u00f6y\u00fc\u015fm\u00fc\u015f, \u00f6lk\u0259mizin \u0259razi b\u00fct\u00f6vl\u00fcy\u00fc yolunda canlar\u0131n\u0131 f\u0259da etmi\u015f \u0259sg\u0259r v\u0259 zabitl\u0259rimiz\u0259, b\u00fct\u00fcn \u015f\u0259hidl\u0259rimiz\u0259 d\u0259rin ehtiram \u0259lam\u0259ti olaraq h\u0259r il sentyabr\u0131n 27-si Az\u0259rbaycanda An\u0131m G\u00fcn\u00fc kimi qeyd edil\u0259c\u0259k. Bununla \u0259laq\u0259dar olaraq bu il sentyabr\u0131n 27-d\u0259 bir s\u0131ra t\u0259dbirl\u0259rin ke\u00e7irilm\u0259si n\u0259z\u0259rd\u0259 tutulur. T\u0259\u015fkilat&hellip;","_links":{"self":[{"href":"https:\/\/arantv.az\/index.php?rest_route=\/wp\/v2\/posts\/382844"}],"collection":[{"href":"https:\/\/arantv.az\/index.php?rest_route=\/wp\/v2\/posts"}],"about":[{"href":"https:\/\/arantv.az\/index.php?rest_route=\/wp\/v2\/types\/post"}],"author":[{"embeddable":true,"href":"https:\/\/arantv.az\/index.php?rest_route=\/wp\/v2\/users\/2"}],"replies":[{"embeddable":true,"href":"https:\/\/arantv.az\/index.php?rest_route=%2Fwp%2Fv2%2Fcomments&post=382844"}],"version-history":[{"count":0,"href":"https:\/\/arantv.az\/index.php?rest_route=\/wp\/v2\/posts\/382844\/revisions"}],"wp:featuredmedia":[{"embeddable":true,"href":"https:\/\/arantv.az\/index.php?rest_route=\/wp\/v2\/media\/382845"}],"wp:attachment":[{"href":"https:\/\/arantv.az\/index.php?rest_route=%2Fwp%2Fv2%2Fmedia&parent=382844"}],"wp:term":[{"taxonomy":"category","embeddable":true,"href":"https:\/\/arantv.az\/index.php?rest_route=%2Fwp%2Fv2%2Fcategories&post=382844"},{"taxonomy":"post_tag","embeddable":true,"href":"https:\/\/arantv.az\/index.php?rest_route=%2Fwp%2Fv2%2Ftags&post=382844"}],"curies":[{"name":"wp","href":"https:\/\/api.w.org\/{rel}","templated":true}]}}