{"id":382856,"date":"2021-09-27T08:03:01","date_gmt":"2021-09-27T05:03:01","guid":{"rendered":"http:\/\/arantv.az\/?p=382856"},"modified":"2021-09-27T08:03:01","modified_gmt":"2021-09-27T05:03:01","slug":"bakidan-fuzuliy%c9%99-ilk-kommersiya-t%c9%99yinatli-sinaq-ucusu-oldu","status":"publish","type":"post","link":"https:\/\/arantv.az\/?p=382856","title":{"rendered":"Bak\u0131dan F\u00fczuliy\u0259 ilk kommersiya t\u0259yinatl\u0131 s\u0131naq u\u00e7u\u015fu oldu"},"content":{"rendered":"<p><strong>Sentyabr\u0131n 27-d\u0259 Az\u0259rbaycana s\u0259f\u0259r ed\u0259n d\u00fcnya \u015f\u00f6hr\u0259tli s\u0259yyahlar\u0131n i\u015ftirak\u0131 il\u0259 F\u00fczuli Beyn\u0259lxalq Hava Liman\u0131na kommersiya t\u0259yinatl\u0131 s\u0131naq u\u00e7u\u015fu olub.<\/strong><\/p>\n<p><strong>ARANTV.AZ\u00a0<\/strong> x\u0259b\u0259r verir ki, s\u0259rni\u015fin t\u0259yyar\u0259si il\u0259 Bak\u0131-F\u00fczuli mar\u015frutu \u00fczr\u0259 u\u00e7u\u015f m\u00fcdd\u0259ti t\u0259xmin\u0259n 35 d\u0259qiq\u0259 t\u0259\u015fkil edib.<\/p>\n<p>S\u0259yyahlar hava liman\u0131nda g\u00f6r\u00fcl\u0259n yenid\u0259nqurma i\u015fl\u0259ri il\u0259 tan\u0131\u015f olacaq.<\/p>\n<p>M\u00fcxt\u0259lif \u00f6lk\u0259l\u0259ri t\u0259msil ed\u0259n s\u0259yyahlar\u0131n i\u015f\u011faldan azad olunan \u015eu\u015fa v\u0259 A\u011fdam \u015f\u0259h\u0259rin\u0259 d\u0259 s\u0259f\u0259ri n\u0259z\u0259rd\u0259 tutulub.<\/p>\n","protected":false},"excerpt":{"rendered":"<p>Sentyabr\u0131n 27-d\u0259 Az\u0259rbaycana s\u0259f\u0259r ed\u0259n d\u00fcnya \u015f\u00f6hr\u0259tli s\u0259yyahlar\u0131n i\u015ftirak\u0131 il\u0259 F\u00fczuli Beyn\u0259lxalq Hava Liman\u0131na kommersiya t\u0259yinatl\u0131 s\u0131naq u\u00e7u\u015fu olub. ARANTV.AZ\u00a0 x\u0259b\u0259r verir ki, s\u0259rni\u015fin t\u0259yyar\u0259si il\u0259 Bak\u0131-F\u00fczuli mar\u015frutu \u00fczr\u0259 u\u00e7u\u015f m\u00fcdd\u0259ti t\u0259xmin\u0259n 35 d\u0259qiq\u0259 t\u0259\u015fkil edib. S\u0259yyahlar hava liman\u0131nda g\u00f6r\u00fcl\u0259n yenid\u0259nqurma i\u015fl\u0259ri il\u0259 tan\u0131\u015f olacaq. M\u00fcxt\u0259lif \u00f6lk\u0259l\u0259ri t\u0259msil ed\u0259n s\u0259yyahlar\u0131n i\u015f\u011faldan azad olunan \u015eu\u015fa v\u0259 A\u011fdam \u015f\u0259h\u0259rin\u0259 d\u0259 s\u0259f\u0259ri n\u0259z\u0259rd\u0259 tutulub.<\/p>\n","protected":false},"author":2,"featured_media":382857,"comment_status":"closed","ping_status":"closed","sticky":false,"template":"","format":"standard","meta":{"om_disable_all_campaigns":false,"_monsterinsights_skip_tracking":false,"_monsterinsights_sitenote_active":false,"_monsterinsights_sitenote_note":"","_monsterinsights_sitenote_category":0},"categories":[26],"tags":[],"aioseo_notices":[],"gutentor_comment":0,"rttpg_featured_image_url":{"full":["https:\/\/arantv.az\/wp-content\/uploads\/2021\/09\/fuzuli_hava_limani_6.jpg",800,450,false],"landscape":["https:\/\/arantv.az\/wp-content\/uploads\/2021\/09\/fuzuli_hava_limani_6.jpg",800,450,false],"portraits":["https:\/\/arantv.az\/wp-content\/uploads\/2021\/09\/fuzuli_hava_limani_6.jpg",800,450,false],"thumbnail":["https:\/\/arantv.az\/wp-content\/uploads\/2021\/09\/fuzuli_hava_limani_6-500x280.jpg",500,280,true],"medium":["https:\/\/arantv.az\/wp-content\/uploads\/2021\/09\/fuzuli_hava_limani_6-649x365.jpg",649,365,true],"large":["https:\/\/arantv.az\/wp-content\/uploads\/2021\/09\/fuzuli_hava_limani_6.jpg",640,360,false],"1536x1536":["https:\/\/arantv.az\/wp-content\/uploads\/2021\/09\/fuzuli_hava_limani_6.jpg",800,450,false],"2048x2048":["https:\/\/arantv.az\/wp-content\/uploads\/2021\/09\/fuzuli_hava_limani_6.jpg",800,450,false],"post-thumbnail":["https:\/\/arantv.az\/wp-content\/uploads\/2021\/09\/fuzuli_hava_limani_6-240x172.jpg",240,172,true],"advps-thumb-one":["https:\/\/arantv.az\/wp-content\/uploads\/2021\/09\/fuzuli_hava_limani_6.jpg",800,450,false]},"rttpg_author":{"display_name":"V\u00fcsal Rafiqo\u011flu","author_link":"https:\/\/arantv.az\/?author=2"},"rttpg_comment":0,"rttpg_category":"<a href=\"https:\/\/arantv.az\/?cat=26\" rel=\"category\">Sosial<\/a>","rttpg_excerpt":"Sentyabr\u0131n 27-d\u0259 Az\u0259rbaycana s\u0259f\u0259r ed\u0259n d\u00fcnya \u015f\u00f6hr\u0259tli s\u0259yyahlar\u0131n i\u015ftirak\u0131 il\u0259 F\u00fczuli Beyn\u0259lxalq Hava Liman\u0131na kommersiya t\u0259yinatl\u0131 s\u0131naq u\u00e7u\u015fu olub. ARANTV.AZ\u00a0 x\u0259b\u0259r verir ki, s\u0259rni\u015fin t\u0259yyar\u0259si il\u0259 Bak\u0131-F\u00fczuli mar\u015frutu \u00fczr\u0259 u\u00e7u\u015f m\u00fcdd\u0259ti t\u0259xmin\u0259n 35 d\u0259qiq\u0259 t\u0259\u015fkil edib. S\u0259yyahlar hava liman\u0131nda g\u00f6r\u00fcl\u0259n yenid\u0259nqurma i\u015fl\u0259ri il\u0259 tan\u0131\u015f olacaq. M\u00fcxt\u0259lif \u00f6lk\u0259l\u0259ri t\u0259msil ed\u0259n s\u0259yyahlar\u0131n i\u015f\u011faldan azad olunan \u015eu\u015fa v\u0259&hellip;","_links":{"self":[{"href":"https:\/\/arantv.az\/index.php?rest_route=\/wp\/v2\/posts\/382856"}],"collection":[{"href":"https:\/\/arantv.az\/index.php?rest_route=\/wp\/v2\/posts"}],"about":[{"href":"https:\/\/arantv.az\/index.php?rest_route=\/wp\/v2\/types\/post"}],"author":[{"embeddable":true,"href":"https:\/\/arantv.az\/index.php?rest_route=\/wp\/v2\/users\/2"}],"replies":[{"embeddable":true,"href":"https:\/\/arantv.az\/index.php?rest_route=%2Fwp%2Fv2%2Fcomments&post=382856"}],"version-history":[{"count":0,"href":"https:\/\/arantv.az\/index.php?rest_route=\/wp\/v2\/posts\/382856\/revisions"}],"wp:featuredmedia":[{"embeddable":true,"href":"https:\/\/arantv.az\/index.php?rest_route=\/wp\/v2\/media\/382857"}],"wp:attachment":[{"href":"https:\/\/arantv.az\/index.php?rest_route=%2Fwp%2Fv2%2Fmedia&parent=382856"}],"wp:term":[{"taxonomy":"category","embeddable":true,"href":"https:\/\/arantv.az\/index.php?rest_route=%2Fwp%2Fv2%2Fcategories&post=382856"},{"taxonomy":"post_tag","embeddable":true,"href":"https:\/\/arantv.az\/index.php?rest_route=%2Fwp%2Fv2%2Ftags&post=382856"}],"curies":[{"name":"wp","href":"https:\/\/api.w.org\/{rel}","templated":true}]}}