{"id":382859,"date":"2021-09-27T08:04:09","date_gmt":"2021-09-27T05:04:09","guid":{"rendered":"http:\/\/arantv.az\/?p=382859"},"modified":"2021-09-27T08:04:09","modified_gmt":"2021-09-27T05:04:09","slug":"turk-surasi-v%c9%99-turk-dunyasi-44-gun-davam-ed%c9%99n-v%c9%99t%c9%99n-muharib%c9%99si-zamani-az%c9%99rbaycanin-yaninda-olub-bagdad-amreyev","status":"publish","type":"post","link":"https:\/\/arantv.az\/?p=382859","title":{"rendered":"T\u00fcrk \u015euras\u0131 v\u0259 t\u00fcrk d\u00fcnyas\u0131 44 g\u00fcn davam ed\u0259n V\u0259t\u0259n m\u00fcharib\u0259si zaman\u0131 Az\u0259rbaycan\u0131n yan\u0131nda olub &#8211; Ba\u011fdad Amreyev"},"content":{"rendered":"<p>27 Sentyabr T\u00fcrk \u015euras\u0131n\u0131n t\u0259sis\u00e7i \u00fczv\u00fcm\u00fcz Az\u0259rbaycan\u0131n 44 g\u00fcn davam ed\u0259n V\u0259t\u0259n M\u00fcharib\u0259sind\u0259 q\u0259hr\u0259mancas\u0131na d\u00f6y\u00fc\u015f\u0259n v\u0259 \u00f6lk\u0259nin \u0259razi b\u00fct\u00f6vl\u00fcy\u00fc \u00fc\u00e7\u00fcn h\u0259yat\u0131n\u0131 f\u0259da edib \u015f\u0259hid olmu\u015f \u00f6vladlar\u0131n\u0131 d\u0259rin h\u00f6rm\u0259t v\u0259 minn\u0259tl\u0259 and\u0131\u011f\u0131 g\u00fcnd\u00fcr.<\/p>\n<p><strong>ARANTV.AZ\u00a0<\/strong> bildirir ki, bunu <a href=\"https:\/\/az.trend.az\/\" target=\"_blank\" rel=\"noopener\">Trend<\/a>-\u0259 a\u00e7\u0131qlamas\u0131nda T\u00fcrk \u015euras\u0131n\u0131n ba\u015f katibi Ba\u011fdad Amreyev deyib.<\/p>\n<p>O bildirib ki, Erm\u0259nistan silahl\u0131 q\u00fcvv\u0259l\u0259rinin h\u0259rb t\u0259xribatlar\u0131na qar\u015f\u0131l\u0131q olaraq Az\u0259rbaycan 2020-ci il sentyabr\u0131n 27-d\u0259 BMT nizamnam\u0259sin\u0259 uy\u011fun olaraq g\u00f6r\u0259 \u00f6z\u00fcn\u00fcm\u00fcdafi\u0259 h\u00fcququndan istifad\u0259 etm\u0259kl\u0259 \u0259ks-h\u00fccum \u0259m\u0259liyyat\u0131na ba\u015flad\u0131:<\/p>\n<p>&#8220;44 g\u00fcn davam ed\u0259n V\u0259t\u0259n M\u00fcharib\u0259sind\u0259 Az\u0259rbaycan\u0131n q\u0259hr\u0259man \u00f6vladlar\u0131nn canlar\u0131 bahas\u0131na apard\u0131qlar\u0131 m\u00fcbariz\u0259 n\u0259tic\u0259sind\u0259 \u0259razi b\u00fct\u00f6vl\u00fcy\u00fc b\u0259rpa olundu v\u0259 tarixi \u0259dal\u0259t \u00f6z yerini tapd\u0131. M\u00fcz\u0259ff\u0259r Az\u0259rbaycan ordusu t\u0259r\u0259find\u0259n yaz\u0131lan tarix Az\u0259rbaycan\u0131n inki\u015faf\u0131 v\u0259 rifah\u0131 \u00fc\u00e7\u00fcn \u0259sas, regionda s\u00fclh v\u0259 etibar\u0131n t\u0259min olunmas\u0131nda vacib amildir. T\u00fcrk \u015euras\u0131 v\u0259 t\u00fcrk d\u00fcnyas\u0131 h\u0259r zaman Az\u0259rbaycan\u0131n m\u00f6vqeyini v\u0259 \u0259razi b\u00fct\u00f6vl\u00fcy\u00fcn\u00fc d\u0259st\u0259kl\u0259yib, Erm\u0259nistan silahl\u0131 q\u00fcvv\u0259l\u0259rinin Az\u0259rbaycan\u0131n i\u015f\u011fal alt\u0131ndak\u0131 b\u00fct\u00fcn \u0259razil\u0259rind\u0259n d\u0259rhal, qeyd-\u015f\u0259rtsiz v\u0259 tam olaraq geri \u00e7\u0259kilm\u0259sini t\u0259l\u0259b edib, dinc \u0259haliy\u0259 qar\u015f\u0131 h\u00fccumlar\u0131 \u015fidd\u0259tl\u0259 q\u0131nay\u0131b v\u0259 44 g\u00fcn davam ed\u0259n V\u0259t\u0259n m\u00fcharib\u0259si zaman\u0131 Az\u0259rbaycan\u0131n yan\u0131nda olub&#8221;.<\/p>\n<p>B.Amreyev xat\u0131rlad\u0131b ki, 2021-ci mart\u0131n 31-d\u0259 ke\u00e7irilmi\u015f T\u00fcrk\u00fcstan zirv\u0259 g\u00f6r\u00fc\u015f\u00fcnd\u0259 T\u00fcrk \u015euras\u0131 \u00f6lk\u0259l\u0259rinin d\u00f6vl\u0259t ba\u015f\u00e7\u0131lar\u0131 m\u00fcnaqi\u015f\u0259l\u0259rin z\u0259r\u0259r vurdu\u011fu b\u00f6lg\u0259l\u0259rin t\u0259kmill\u0259\u015fdirilm\u0259si, rekonstruksiyas\u0131 v\u0259 inteqrasiyas\u0131 \u00fczr\u0259 s\u0259yl\u0259rind\u0259 Az\u0259rbaycan h\u00f6kum\u0259ti v\u0259 xalq\u0131 il\u0259 h\u0259mr\u0259ylik i\u00e7ind\u0259 olduqlar\u0131n\u0131 v\u0259 Erm\u0259nistala Az\u0259rbaycan aras\u0131ndak\u0131 m\u00fcnasib\u0259tl\u0259rin, bir-birinin suverenliyi, \u0259razi b\u00fct\u00f6vl\u00fcy\u00fc v\u0259 beyn\u0259lxalq s\u0259viyy\u0259d\u0259 tan\u0131nm\u0131\u015f s\u0259rh\u0259dl\u0259rinin toxunulmazl\u0131\u011f\u0131na h\u00f6rm\u0259t \u0259sas\u0131mda normalla\u015fd\u0131r\u0131lmas\u0131na d\u0259st\u0259kl\u0259rini ifad\u0259 edibl\u0259r:<\/p>\n<p>&#8220;C\u0259nubi Qafqazda uzun zamand\u0131r g\u00f6zl\u0259nil\u0259n s\u00fclh, etibar v\u0259 sabitliyin hakim olaca\u011f\u0131na \u00fcmid ed\u0259r\u0259k b\u00fct\u00fcn d\u00fcnyada oldu\u011fu kimi C\u0259nubi Qafqaz\u0131n da dinc v\u0259 sabit inki\u015faf\u0131 \u00fc\u00e7\u00fcn \u0259limizd\u0259n g\u0259l\u0259ni etm\u0259li oldu\u011fumuzu d\u00fc\u015f\u00fcn\u00fcr\u00fck. Bu vacib g\u00fcnd\u0259 T\u00fcrk \u015euras\u0131 olaraq b\u00fct\u00fcn t\u00fcrk xalqlar\u0131 il\u0259 birlikd\u0259 Az\u0259rbaycan\u0131n \u0259razi b\u00fct\u00f6vl\u00fcy\u00fc \u00fc\u00e7\u00fcn h\u0259yatlar\u0131n\u0131 qurban etmi\u015f \u015f\u0259hidl\u0259rini d\u0259rin h\u00f6rm\u0259t v\u0259 r\u0259hm\u0259tl\u0259 yad edirik&#8221;.<\/p>\n","protected":false},"excerpt":{"rendered":"<p>27 Sentyabr T\u00fcrk \u015euras\u0131n\u0131n t\u0259sis\u00e7i \u00fczv\u00fcm\u00fcz Az\u0259rbaycan\u0131n 44 g\u00fcn davam ed\u0259n V\u0259t\u0259n M\u00fcharib\u0259sind\u0259 q\u0259hr\u0259mancas\u0131na d\u00f6y\u00fc\u015f\u0259n v\u0259 \u00f6lk\u0259nin \u0259razi b\u00fct\u00f6vl\u00fcy\u00fc \u00fc\u00e7\u00fcn h\u0259yat\u0131n\u0131 f\u0259da edib \u015f\u0259hid olmu\u015f \u00f6vladlar\u0131n\u0131 d\u0259rin h\u00f6rm\u0259t v\u0259 minn\u0259tl\u0259 and\u0131\u011f\u0131 g\u00fcnd\u00fcr. ARANTV.AZ\u00a0 bildirir ki, bunu Trend-\u0259 a\u00e7\u0131qlamas\u0131nda T\u00fcrk \u015euras\u0131n\u0131n ba\u015f katibi Ba\u011fdad Amreyev deyib. O bildirib ki, Erm\u0259nistan silahl\u0131 q\u00fcvv\u0259l\u0259rinin h\u0259rb t\u0259xribatlar\u0131na qar\u015f\u0131l\u0131q olaraq Az\u0259rbaycan 2020-ci il sentyabr\u0131n 27-d\u0259 BMT nizamnam\u0259sin\u0259 uy\u011fun olaraq g\u00f6r\u0259 \u00f6z\u00fcn\u00fcm\u00fcdafi\u0259 h\u00fcququndan istifad\u0259 etm\u0259kl\u0259 \u0259ks-h\u00fccum \u0259m\u0259liyyat\u0131na ba\u015flad\u0131: &#8220;44 g\u00fcn davam ed\u0259n V\u0259t\u0259n M\u00fcharib\u0259sind\u0259 Az\u0259rbaycan\u0131n q\u0259hr\u0259man \u00f6vladlar\u0131nn canlar\u0131 bahas\u0131na apard\u0131qlar\u0131 m\u00fcbariz\u0259 n\u0259tic\u0259sind\u0259 \u0259razi b\u00fct\u00f6vl\u00fcy\u00fc b\u0259rpa olundu&hellip;<\/p>\n","protected":false},"author":2,"featured_media":382860,"comment_status":"closed","ping_status":"closed","sticky":false,"template":"","format":"standard","meta":{"om_disable_all_campaigns":false,"_monsterinsights_skip_tracking":false,"_monsterinsights_sitenote_active":false,"_monsterinsights_sitenote_note":"","_monsterinsights_sitenote_category":0},"categories":[4],"tags":[],"aioseo_notices":[],"gutentor_comment":0,"rttpg_featured_image_url":{"full":["https:\/\/arantv.az\/wp-content\/uploads\/2021\/09\/982822.jpg",1280,720,false],"landscape":["https:\/\/arantv.az\/wp-content\/uploads\/2021\/09\/982822.jpg",1280,720,false],"portraits":["https:\/\/arantv.az\/wp-content\/uploads\/2021\/09\/982822.jpg",1280,720,false],"thumbnail":["https:\/\/arantv.az\/wp-content\/uploads\/2021\/09\/982822-500x280.jpg",500,280,true],"medium":["https:\/\/arantv.az\/wp-content\/uploads\/2021\/09\/982822-649x365.jpg",649,365,true],"large":["https:\/\/arantv.az\/wp-content\/uploads\/2021\/09\/982822-840x473.jpg",640,360,true],"1536x1536":["https:\/\/arantv.az\/wp-content\/uploads\/2021\/09\/982822.jpg",1280,720,false],"2048x2048":["https:\/\/arantv.az\/wp-content\/uploads\/2021\/09\/982822.jpg",1280,720,false],"post-thumbnail":["https:\/\/arantv.az\/wp-content\/uploads\/2021\/09\/982822-240x172.jpg",240,172,true],"advps-thumb-one":["https:\/\/arantv.az\/wp-content\/uploads\/2021\/09\/982822-1200x620.jpg",1200,620,true]},"rttpg_author":{"display_name":"V\u00fcsal Rafiqo\u011flu","author_link":"https:\/\/arantv.az\/?author=2"},"rttpg_comment":0,"rttpg_category":"<a href=\"https:\/\/arantv.az\/?cat=4\" rel=\"category\">Siyas\u0259t<\/a>","rttpg_excerpt":"27 Sentyabr T\u00fcrk \u015euras\u0131n\u0131n t\u0259sis\u00e7i \u00fczv\u00fcm\u00fcz Az\u0259rbaycan\u0131n 44 g\u00fcn davam ed\u0259n V\u0259t\u0259n M\u00fcharib\u0259sind\u0259 q\u0259hr\u0259mancas\u0131na d\u00f6y\u00fc\u015f\u0259n v\u0259 \u00f6lk\u0259nin \u0259razi b\u00fct\u00f6vl\u00fcy\u00fc \u00fc\u00e7\u00fcn h\u0259yat\u0131n\u0131 f\u0259da edib \u015f\u0259hid olmu\u015f \u00f6vladlar\u0131n\u0131 d\u0259rin h\u00f6rm\u0259t v\u0259 minn\u0259tl\u0259 and\u0131\u011f\u0131 g\u00fcnd\u00fcr. ARANTV.AZ\u00a0 bildirir ki, bunu Trend-\u0259 a\u00e7\u0131qlamas\u0131nda T\u00fcrk \u015euras\u0131n\u0131n ba\u015f katibi Ba\u011fdad Amreyev deyib. O bildirib ki, Erm\u0259nistan silahl\u0131 q\u00fcvv\u0259l\u0259rinin h\u0259rb t\u0259xribatlar\u0131na qar\u015f\u0131l\u0131q olaraq&hellip;","_links":{"self":[{"href":"https:\/\/arantv.az\/index.php?rest_route=\/wp\/v2\/posts\/382859"}],"collection":[{"href":"https:\/\/arantv.az\/index.php?rest_route=\/wp\/v2\/posts"}],"about":[{"href":"https:\/\/arantv.az\/index.php?rest_route=\/wp\/v2\/types\/post"}],"author":[{"embeddable":true,"href":"https:\/\/arantv.az\/index.php?rest_route=\/wp\/v2\/users\/2"}],"replies":[{"embeddable":true,"href":"https:\/\/arantv.az\/index.php?rest_route=%2Fwp%2Fv2%2Fcomments&post=382859"}],"version-history":[{"count":0,"href":"https:\/\/arantv.az\/index.php?rest_route=\/wp\/v2\/posts\/382859\/revisions"}],"wp:featuredmedia":[{"embeddable":true,"href":"https:\/\/arantv.az\/index.php?rest_route=\/wp\/v2\/media\/382860"}],"wp:attachment":[{"href":"https:\/\/arantv.az\/index.php?rest_route=%2Fwp%2Fv2%2Fmedia&parent=382859"}],"wp:term":[{"taxonomy":"category","embeddable":true,"href":"https:\/\/arantv.az\/index.php?rest_route=%2Fwp%2Fv2%2Fcategories&post=382859"},{"taxonomy":"post_tag","embeddable":true,"href":"https:\/\/arantv.az\/index.php?rest_route=%2Fwp%2Fv2%2Ftags&post=382859"}],"curies":[{"name":"wp","href":"https:\/\/api.w.org\/{rel}","templated":true}]}}