{"id":382862,"date":"2021-09-27T08:04:58","date_gmt":"2021-09-27T05:04:58","guid":{"rendered":"http:\/\/arantv.az\/?p=382862"},"modified":"2021-09-27T08:04:58","modified_gmt":"2021-09-27T05:04:58","slug":"ikinci-qarabag-muharib%c9%99sind%c9%99-q%c9%99l%c9%99b%c9%99-az%c9%99rbaycani-dunyanin-aparici-dovl%c9%99tl%c9%99ri-sirasina-cixardi-iqor-korotcenko","status":"publish","type":"post","link":"https:\/\/arantv.az\/?p=382862","title":{"rendered":"\u0130kinci Qaraba\u011f m\u00fcharib\u0259sind\u0259 q\u0259l\u0259b\u0259 Az\u0259rbaycan\u0131 d\u00fcnyan\u0131n apar\u0131c\u0131 d\u00f6vl\u0259tl\u0259ri s\u0131ras\u0131na \u00e7\u0131xard\u0131 &#8211; \u0130qor Korot\u00e7enko"},"content":{"rendered":"<p>\u0130kinci Qaraba\u011f m\u00fcharib\u0259sind\u0259 q\u0259l\u0259b\u0259 Az\u0259rbaycan\u0131 d\u00fcnyan\u0131n apar\u0131c\u0131 d\u00f6vl\u0259tl\u0259ri s\u0131ras\u0131na \u00e7\u0131xard\u0131.<\/p>\n<p><strong>ARANTV.AZ<\/strong> bildirir ki, bunu <a href=\"https:\/\/az.trend.az\/\" target=\"_blank\" rel=\"noopener\">Trend<\/a>-\u0259 Rusiyan\u0131n n\u00fcfuzlu &#8220;Nasionalnaya oborona&#8221; jurnal\u0131n\u0131n ba\u015f redaktoru, tan\u0131nm\u0131\u015f h\u0259rbi ekspert \u0130qor Korot\u00e7enko deyib.<\/p>\n<p>Onun s\u00f6zl\u0259rin\u0259 g\u00f6r\u0259, bug\u00fcn\u0259d\u0259k apar\u0131c\u0131 d\u00f6vl\u0259tl\u0259rd\u0259n he\u00e7 biri Az\u0259rbaycan\u0131n etdiyini n\u00fcmayi\u015f etdirm\u0259yib: &#8220;M\u0259hz buna g\u00f6r\u0259 d\u0259 \u0130kinci Qaraba\u011f m\u00fcharib\u0259sinin AB\u015e, B\u00f6y\u00fck Britaniya, Rusiya, Fransa, \u0130sraild\u0259, h\u0259rbi g\u00fcc amilinin \u0259h\u0259miyy\u0259t da\u015f\u0131d\u0131\u011f\u0131 h\u0259r yerd\u0259 diqq\u0259tl\u0259 t\u0259hlili v\u0259 \u00f6yr\u0259nilm\u0259si davam edir. Bu, yeni strateji fikirl\u0259r v\u0259 m\u00fcasir texnologiyalar\u0131n istifad\u0259si il\u0259 apar\u0131lan m\u00fcharib\u0259nin n\u00fcmun\u0259sidir. H\u0259rb tarixind\u0259 misli g\u00f6r\u00fcnm\u0259mi\u015f, geni\u015f \u00e7e\u015fidd\u0259 k\u0259\u015ffiyyat v\u0259 z\u0259rb\u0259 pilotsuz u\u00e7u\u015f aparatlar\u0131n\u0131n eyni anda istifad\u0259si 21-ci \u0259srin y\u00fcks\u0259k texnoloji m\u00fcharib\u0259sinin nec\u0259 olmal\u0131 oldu\u011fu bar\u0259d\u0259 t\u0259s\u0259vv\u00fcrl\u0259ri d\u0259yi\u015fdirdi. Az\u0259rbaycan\u0131n x\u00fcsusi t\u0259yinatl\u0131 q\u00fcvv\u0259l\u0259rinin effektiv f\u0259aliyy\u0259tini unutmamal\u0131y\u0131q. Az\u0259rbaycan g\u00f6st\u0259rdi ki, m\u00fcharib\u0259nin apar\u0131lmas\u0131n\u0131n qeyri-standart, effektiv v\u0259 y\u00fcks\u0259k texnoloji \u00fcsullar\u0131n\u0131 tap\u0131b v\u0259 bu, yekunda q\u0259l\u0259b\u0259y\u0259 g\u0259tirib \u00e7\u0131xar\u0131b.&#8221;<\/p>\n<p>\u0130.Korot\u00e7enko vur\u011fulay\u0131b ki, ist\u0259nil\u0259n m\u00fcharib\u0259d\u0259 bir n\u00f6mr\u0259li amil Ali Ba\u015f Komandand\u0131r. M\u0259hz o, h\u0259rbi d\u00fc\u015f\u00fcnc\u0259l\u0259ri realla\u015fd\u0131r\u0131r, ba\u015fl\u0131ca \u0259m\u0259liyyatlar\u0131 t\u0259klif edir, onlar\u0131n haz\u0131rlanmas\u0131na n\u0259zar\u0259t edir v\u0259 yekunda siyasi v\u0259 h\u0259rbi m\u0259suliyy\u0259t da\u015f\u0131maqla realla\u015fd\u0131r\u0131r:<\/p>\n<p>&#8220;Bu bax\u0131mdan 44 g\u00fcnl\u00fck \u0130kinci Qaraba\u011f m\u00fcharib\u0259si \u0259rzind\u0259 d\u00fcnya ictimaiyy\u0259tinin t\u0259xmin\u0259n 30 il \u0259rzind\u0259 nail ola bilm\u0259diyini etm\u0259k m\u00fcmk\u00fcn oldu: Az\u0259rbaycan BMT T\u015e-nin d\u00f6rd q\u0259tnam\u0259sini realla\u015fd\u0131raraq \u00f6z \u0259razi b\u00fct\u00f6vl\u00fcy\u00fcn\u00fc b\u0259rpa etdi. Biz g\u00f6r\u00fcrd\u00fck ki, AT\u018fT Minsk qrupunun bu problemi h\u0259ll etm\u0259k c\u0259hdl\u0259ri a\u015f\u0131lmaz mane\u0259l\u0259rl\u0259 \u00fczl\u0259\u015firdi v\u0259 sonda Az\u0259rbaycan \u00f6z k\u0259skin q\u0131l\u0131nc\u0131 il\u0259 \u00e7\u00f6z\u00fclm\u0259y\u0259n &#8220;Qordi d\u00fcy\u00fcn\u00fc&#8221;n\u00fc do\u011frad\u0131&#8221;.<\/p>\n<p>O bildirib ki, \u0130kinci Qaraba\u011f m\u00fcharib\u0259sind\u0259ki q\u0259l\u0259b\u0259 diplomatiya, iqtisadiyyat v\u0259 s\u0259m\u0259r\u0259li sistemin z\u0259f\u0259ridir, bel\u0259 ki, b\u00fct\u00fcn bu komponentl\u0259r m\u00fcharib\u0259 zaman\u0131 f\u00f6vq\u0259lad\u0259 vacib v\u0259 \u00e7ox \u0259h\u0259miyy\u0259tlidir:<\/p>\n<p>&#8220;M\u00fcharib\u0259 h\u0259r zaman ist\u0259nil\u0259n \u00f6lk\u0259nin, onun ordusunun v\u0259 liderinin keyfiyy\u0259t yoxlamas\u0131d\u0131r. Qalib g\u0259l\u0259n t\u0259r\u0259f m\u00fcz\u0259ff\u0259rdir. Bu v\u0259ziyy\u0259td\u0259 Az\u0259rbaycan qeyd-\u015f\u0259rtsiz m\u00fcz\u0259ff\u0259r oldu v\u0259 21-ci \u0259srin ordusunun nec\u0259 oldu\u011funu g\u00f6st\u0259rdi. Bu g\u00fcn b\u0259zi d\u00f6vl\u0259tl\u0259rd\u0259 t\u0259liml\u0259r v\u0259 h\u0259rbi quruculuq planlar\u0131 Az\u0259rbaycan t\u0259cr\u00fcb\u0259sind\u0259n ir\u0259li g\u0259l\u0259r\u0259k t\u0259kmill\u0259\u015fdirilir&#8221;.<\/p>\n<p>\u0130.Korot\u00e7enko qeyd edib ki, Az\u0259rbaycan bu g\u00fcn t\u0259kc\u0259 C\u0259nubi Qafqazda deyil, h\u0259m d\u0259 \u00fcmumilikd\u0259 d\u00fcnya arenas\u0131nda ba\u015fl\u0131ca geosiyasi i\u015ftirak\u00e7\u0131d\u0131r:<\/p>\n<p>&#8220;Bu, ilk n\u00f6vb\u0259d\u0259 Az\u0259rbaycan\u0131n potensial\u0131 v\u0259 daha sonra \u0130kinci Qaraba\u011f m\u00fcharib\u0259sind\u0259ki q\u0259l\u0259b\u0259 say\u0259sind\u0259 \u0259ld\u0259 olunub. Bu q\u0259l\u0259b\u0259 \u00f6lk\u0259ni obyektiv olaraq d\u00fcnyan\u0131n apar\u0131c\u0131 d\u00f6vl\u0259tl\u0259ri s\u0131ras\u0131na \u00e7\u0131xard\u0131. Eyni zamanda Az\u0259rbaycan\u0131n irimiqyasl\u0131 enerji layih\u0259l\u0259rinin realla\u015fd\u0131r\u0131lmas\u0131na t\u00f6hf\u0259si d\u0259 bu m\u0259s\u0259l\u0259d\u0259 rol oynay\u0131b. B\u00fct\u00fcn bu amill\u0259r Az\u0259rbaycan\u0131n m\u00fcasir beyn\u0259lxalq m\u00fcnasib\u0259tl\u0259r sistemind\u0259 rolunu v\u0259 n\u00fcfuzunu m\u00f6hk\u0259ml\u0259ndirib.<\/p>\n<p>\u018flb\u0259tt\u0259, lider \u00e7ox vacibdir. Az\u0259rbaycan\u0131n ba\u015f\u0131nda Prezident \u0130lham \u018fliyev kimi g\u00fccl\u00fc, effektiv v\u0259 m\u0259suliyy\u0259tli r\u0259hb\u0259rin dayanmas\u0131 s\u00f6zs\u00fcz h\u00f6rm\u0259t do\u011furur. O, onillikl\u0259rl\u0259 h\u0259ll olunmayan m\u0259s\u0259l\u0259ni 44 g\u00fcn\u0259 h\u0259ll ed\u0259 bildi v\u0259 bununla da g\u00f6st\u0259rdi ki, beyn\u0259lxalq h\u00fcquq normalar\u0131, \u0259razi b\u00fct\u00f6vl\u00fcy\u00fc prinsipl\u0259rinin z\u0259f\u0259r \u00e7almas\u0131 \u00fc\u00e7\u00fcn real irad\u0259 v\u0259 potensial, el\u0259c\u0259 d\u0259 siyasi v\u0259 h\u0259rbi imkanlar var&#8221;.<\/p>\n<p>Ekspert \u0259lav\u0259 edib ki, \u0130kinci Qaraba\u011f m\u00fcharib\u0259sinin yekunlar\u0131n\u0131n siyasi bax\u0131mdan m\u00f6hk\u0259ml\u0259ndirilm\u0259si, o c\u00fcml\u0259d\u0259n regionun dinc, intensiv v\u0259 dinamik inki\u015faf\u0131n\u0131 t\u0259min ed\u0259c\u0259k 3+3 format\u0131n\u0131n realla\u015fd\u0131r\u0131lmas\u0131 vacibdir:<\/p>\n<p>&#8220;Bu g\u00fcn X\u0259z\u0259r regionunda apar\u0131c\u0131 rollardan birini, \u015f\u00fcbh\u0259siz ki, Az\u0259rbaycan oynay\u0131r. \u00d6lk\u0259 b\u00fct\u00fcn d\u00fcnya ictimaiyy\u0259tinin qar\u015f\u0131s\u0131nda dayanan beyn\u0259lxalq sabitlik v\u0259 dayan\u0131ql\u0131 inki\u015faf m\u0259qs\u0259dl\u0259rinin t\u0259min olunmas\u0131na t\u00f6hf\u0259si bax\u0131m\u0131ndan \u00f6z m\u00f6vqel\u0259rini g\u00fccl\u0259ndirm\u0259y\u0259 v\u0259 potensial\u0131n\u0131 art\u0131rma\u011fa davam ed\u0259c\u0259k&#8221;.<\/p>\n","protected":false},"excerpt":{"rendered":"<p>\u0130kinci Qaraba\u011f m\u00fcharib\u0259sind\u0259 q\u0259l\u0259b\u0259 Az\u0259rbaycan\u0131 d\u00fcnyan\u0131n apar\u0131c\u0131 d\u00f6vl\u0259tl\u0259ri s\u0131ras\u0131na \u00e7\u0131xard\u0131. ARANTV.AZ bildirir ki, bunu Trend-\u0259 Rusiyan\u0131n n\u00fcfuzlu &#8220;Nasionalnaya oborona&#8221; jurnal\u0131n\u0131n ba\u015f redaktoru, tan\u0131nm\u0131\u015f h\u0259rbi ekspert \u0130qor Korot\u00e7enko deyib. Onun s\u00f6zl\u0259rin\u0259 g\u00f6r\u0259, bug\u00fcn\u0259d\u0259k apar\u0131c\u0131 d\u00f6vl\u0259tl\u0259rd\u0259n he\u00e7 biri Az\u0259rbaycan\u0131n etdiyini n\u00fcmayi\u015f etdirm\u0259yib: &#8220;M\u0259hz buna g\u00f6r\u0259 d\u0259 \u0130kinci Qaraba\u011f m\u00fcharib\u0259sinin AB\u015e, B\u00f6y\u00fck Britaniya, Rusiya, Fransa, \u0130sraild\u0259, h\u0259rbi g\u00fcc amilinin \u0259h\u0259miyy\u0259t da\u015f\u0131d\u0131\u011f\u0131 h\u0259r yerd\u0259 diqq\u0259tl\u0259 t\u0259hlili v\u0259 \u00f6yr\u0259nilm\u0259si davam edir. Bu, yeni strateji fikirl\u0259r v\u0259 m\u00fcasir texnologiyalar\u0131n istifad\u0259si il\u0259 apar\u0131lan m\u00fcharib\u0259nin n\u00fcmun\u0259sidir. H\u0259rb tarixind\u0259 misli g\u00f6r\u00fcnm\u0259mi\u015f, geni\u015f \u00e7e\u015fidd\u0259 k\u0259\u015ffiyyat v\u0259 z\u0259rb\u0259 pilotsuz u\u00e7u\u015f aparatlar\u0131n\u0131n&hellip;<\/p>\n","protected":false},"author":2,"featured_media":382863,"comment_status":"closed","ping_status":"closed","sticky":false,"template":"","format":"standard","meta":{"om_disable_all_campaigns":false,"_monsterinsights_skip_tracking":false,"_monsterinsights_sitenote_active":false,"_monsterinsights_sitenote_note":"","_monsterinsights_sitenote_category":0},"categories":[4],"tags":[],"aioseo_notices":[],"gutentor_comment":0,"rttpg_featured_image_url":{"full":["https:\/\/arantv.az\/wp-content\/uploads\/2021\/09\/982821.jpg",542,440,false],"landscape":["https:\/\/arantv.az\/wp-content\/uploads\/2021\/09\/982821.jpg",542,440,false],"portraits":["https:\/\/arantv.az\/wp-content\/uploads\/2021\/09\/982821.jpg",542,440,false],"thumbnail":["https:\/\/arantv.az\/wp-content\/uploads\/2021\/09\/982821-500x280.jpg",500,280,true],"medium":["https:\/\/arantv.az\/wp-content\/uploads\/2021\/09\/982821-450x365.jpg",450,365,true],"large":["https:\/\/arantv.az\/wp-content\/uploads\/2021\/09\/982821.jpg",542,440,false],"1536x1536":["https:\/\/arantv.az\/wp-content\/uploads\/2021\/09\/982821.jpg",542,440,false],"2048x2048":["https:\/\/arantv.az\/wp-content\/uploads\/2021\/09\/982821.jpg",542,440,false],"post-thumbnail":["https:\/\/arantv.az\/wp-content\/uploads\/2021\/09\/982821-240x172.jpg",240,172,true],"advps-thumb-one":["https:\/\/arantv.az\/wp-content\/uploads\/2021\/09\/982821.jpg",542,440,false]},"rttpg_author":{"display_name":"V\u00fcsal Rafiqo\u011flu","author_link":"https:\/\/arantv.az\/?author=2"},"rttpg_comment":0,"rttpg_category":"<a href=\"https:\/\/arantv.az\/?cat=4\" rel=\"category\">Siyas\u0259t<\/a>","rttpg_excerpt":"\u0130kinci Qaraba\u011f m\u00fcharib\u0259sind\u0259 q\u0259l\u0259b\u0259 Az\u0259rbaycan\u0131 d\u00fcnyan\u0131n apar\u0131c\u0131 d\u00f6vl\u0259tl\u0259ri s\u0131ras\u0131na \u00e7\u0131xard\u0131. ARANTV.AZ bildirir ki, bunu Trend-\u0259 Rusiyan\u0131n n\u00fcfuzlu &#8220;Nasionalnaya oborona&#8221; jurnal\u0131n\u0131n ba\u015f redaktoru, tan\u0131nm\u0131\u015f h\u0259rbi ekspert \u0130qor Korot\u00e7enko deyib. Onun s\u00f6zl\u0259rin\u0259 g\u00f6r\u0259, bug\u00fcn\u0259d\u0259k apar\u0131c\u0131 d\u00f6vl\u0259tl\u0259rd\u0259n he\u00e7 biri Az\u0259rbaycan\u0131n etdiyini n\u00fcmayi\u015f etdirm\u0259yib: &#8220;M\u0259hz buna g\u00f6r\u0259 d\u0259 \u0130kinci Qaraba\u011f m\u00fcharib\u0259sinin AB\u015e, B\u00f6y\u00fck Britaniya, Rusiya, Fransa, \u0130sraild\u0259, h\u0259rbi g\u00fcc&hellip;","_links":{"self":[{"href":"https:\/\/arantv.az\/index.php?rest_route=\/wp\/v2\/posts\/382862"}],"collection":[{"href":"https:\/\/arantv.az\/index.php?rest_route=\/wp\/v2\/posts"}],"about":[{"href":"https:\/\/arantv.az\/index.php?rest_route=\/wp\/v2\/types\/post"}],"author":[{"embeddable":true,"href":"https:\/\/arantv.az\/index.php?rest_route=\/wp\/v2\/users\/2"}],"replies":[{"embeddable":true,"href":"https:\/\/arantv.az\/index.php?rest_route=%2Fwp%2Fv2%2Fcomments&post=382862"}],"version-history":[{"count":0,"href":"https:\/\/arantv.az\/index.php?rest_route=\/wp\/v2\/posts\/382862\/revisions"}],"wp:featuredmedia":[{"embeddable":true,"href":"https:\/\/arantv.az\/index.php?rest_route=\/wp\/v2\/media\/382863"}],"wp:attachment":[{"href":"https:\/\/arantv.az\/index.php?rest_route=%2Fwp%2Fv2%2Fmedia&parent=382862"}],"wp:term":[{"taxonomy":"category","embeddable":true,"href":"https:\/\/arantv.az\/index.php?rest_route=%2Fwp%2Fv2%2Fcategories&post=382862"},{"taxonomy":"post_tag","embeddable":true,"href":"https:\/\/arantv.az\/index.php?rest_route=%2Fwp%2Fv2%2Ftags&post=382862"}],"curies":[{"name":"wp","href":"https:\/\/api.w.org\/{rel}","templated":true}]}}