{"id":382865,"date":"2021-09-27T08:05:45","date_gmt":"2021-09-27T05:05:45","guid":{"rendered":"http:\/\/arantv.az\/?p=382865"},"modified":"2021-09-27T08:05:45","modified_gmt":"2021-09-27T05:05:45","slug":"az%c9%99rbaycan-xin-anim-gunu-il%c9%99-bagli-b%c9%99yanat-yayib","status":"publish","type":"post","link":"https:\/\/arantv.az\/?p=382865","title":{"rendered":"Az\u0259rbaycan X\u0130N An\u0131m G\u00fcn\u00fc il\u0259 ba\u011fl\u0131 b\u0259yanat yay\u0131b"},"content":{"rendered":"<p>Az\u0259rbaycan\u0131n Xarici \u0130\u015fl\u0259r Nazirliyi 27 sentyabr &#8211; Az\u0259rbaycan Respublikas\u0131nda An\u0131m G\u00fcn\u00fc il\u0259 ba\u011fl\u0131 b\u0259yanat yay\u0131b.<\/p>\n<p>B\u0259yanatda deyilir:<\/p>\n<p>\u201cBir il bundan \u00f6nc\u0259 bu g\u00fcn, Az\u0259rbaycan Respublikas\u0131n\u0131n Silahl\u0131 Q\u00fcvv\u0259l\u0259ri Erm\u0259nistan Respublikas\u0131n\u0131n silahl\u0131 q\u00fcvv\u0259l\u0259rinin n\u00f6vb\u0259ti h\u0259rbi t\u0259xribat\u0131n\u0131n qar\u015f\u0131s\u0131n\u0131 almaq \u00fc\u00e7\u00fcn cavab t\u0259dbirl\u0259rin\u0259 ba\u015flad\u0131.<\/p>\n<p>Bu t\u0259dbirl\u0259r Erm\u0259nistan\u0131n n\u00f6vb\u0259ti h\u0259rbi t\u0259cav\u00fcz\u00fcn\u00fcn qar\u015f\u0131s\u0131n\u0131 almaq v\u0259 m\u00fclki \u0259halinin t\u0259hl\u00fck\u0259sizliyini t\u0259min etm\u0259k m\u0259qs\u0259dil\u0259 \u00f6z\u00fcn\u00fc m\u00fcdafi\u0259 h\u00fcququ \u00e7\u0259r\u00e7iv\u0259sind\u0259 v\u0259 beyn\u0259lxalq humanitar h\u00fcquqa tam riay\u0259t etm\u0259kl\u0259 h\u0259yata ke\u00e7irildi. Bu, 44 g\u00fcnl\u00fck V\u0259t\u0259n m\u00fcharib\u0259sinin ba\u015flan\u011f\u0131c\u0131n\u0131 qoydu.<\/p>\n<p>V\u0259t\u0259n m\u00fcharib\u0259si Erm\u0259nistan\u0131n 30 il\u0259 yax\u0131n davam ed\u0259n t\u0259cav\u00fcz siyas\u0259tin\u0259 son qoydu, Az\u0259rbaycan \u0259razi b\u00fct\u00f6vl\u00fcy\u00fcn\u00fc t\u0259min etdi, bir milyona yax\u0131n az\u0259rbaycanl\u0131n\u0131n fundamental h\u00fcquqlar\u0131 b\u0259rpa edildi. Az\u0259rbaycan t\u0259kba\u015f\u0131na BMT T\u0259hl\u00fck\u0259sizlik \u015euras\u0131n\u0131n 1993-c\u00fc il tarixli m\u00fcvafiq q\u0259tnam\u0259l\u0259rinin icras\u0131n\u0131 t\u0259min etdi.<\/p>\n<p>Az\u0259rbaycan\u0131n \u0259razil\u0259rinin i\u015f\u011fal\u0131na son qoyulmas\u0131 bu torpaqlarda Erm\u0259nistan t\u0259r\u0259find\u0259n onillikl\u0259r \u0259rzind\u0259 h\u0259yata ke\u00e7iril\u0259n qeyri-qanuni f\u0259aliyy\u0259ti geni\u015f \u015f\u0259kild\u0259 \u00fcz\u0259 \u00e7\u0131xard\u0131. Buraya k\u00fctl\u0259vi \u015f\u0259kild\u0259 minalar\u0131n basd\u0131r\u0131lmas\u0131, Az\u0259rbaycan\u0131n tarixi, m\u0259d\u0259ni, dini irsinin m\u0259qs\u0259dli \u015f\u0259kild\u0259 m\u0259hv edilm\u0259si, m\u0259nims\u0259nilm\u0259si, t\u0259bii ehtiyatlar\u0131n talan edilm\u0259si, infrastrukturun darmada\u011f\u0131n edilm\u0259si v\u0259 dig\u0259r beyn\u0259lxalq h\u00fcquq pozuntular\u0131 daxildir. H\u0259m\u00e7inin Erm\u0259nistan\u0131n \u00e7oxsayl\u0131 m\u00fcharib\u0259 cinay\u0259tl\u0259rin\u0259 dair d\u0259lill\u0259r a\u015fkar edildi. Erm\u0259nistan\u0131 beyn\u0259lxalq humanitar h\u00fcquq v\u0259 insan h\u00fcquqlar\u0131 pozuntular\u0131na g\u00f6r\u0259 m\u0259suliyy\u0259t\u0259 c\u0259lb edilm\u0259k \u00fc\u00e7\u00fcn Az\u0259rbaycan \u0130nsan H\u00fcquqlar\u0131 \u00fczr\u0259 Avropa M\u0259hk\u0259m\u0259si v\u0259 Beyn\u0259lxalq \u018fdal\u0259t M\u0259hk\u0259m\u0259sin\u0259 m\u00fcraci\u0259tl\u0259r etdi.<\/p>\n<p>Haz\u0131rda azad olunmu\u015f \u0259razil\u0259rd\u0259 b\u0259rpa v\u0259 yenid\u0259nqurma i\u015fl\u0259rini h\u0259yata ke\u00e7ir\u0259n, bir milyona yax\u0131n az\u0259rbaycanl\u0131 m\u0259cburi k\u00f6\u00e7k\u00fcn\u00fcn \u00f6z evl\u0259rin\u0259 t\u0259hl\u00fck\u0259siz v\u0259 l\u0259yaq\u0259tli d\u00f6n\u00fc\u015f\u00fcn\u00fc, bu torpaqlar\u0131n reinteqrasiyas\u0131n\u0131 t\u0259min etm\u0259k \u00fc\u00e7\u00fcn ard\u0131c\u0131l add\u0131mlar atan Az\u0259rbaycan H\u00f6kum\u0259ti, 10 noyabr 2020-ci il tarixli \u00fc\u00e7t\u0259r\u0259fli b\u0259yanata uy\u011fun olaraq, b\u00f6lg\u0259d\u0259 dayan\u0131ql\u0131 s\u00fclh, t\u0259hl\u00fck\u0259sizlik v\u0259 rifah\u0131n t\u0259min olunmas\u0131 istiqam\u0259tind\u0259 t\u0259dbirl\u0259r g\u00f6r\u00fcr.<\/p>\n<p>Az\u0259rbaycan Respublikas\u0131n\u0131n Prezidenti, Silahl\u0131 Q\u00fcvv\u0259l\u0259rinin Ali Ba\u015f Komandan\u0131 \u0130lham \u018fliyevin r\u0259hb\u0259rliyi alt\u0131nda Az\u0259rbaycan Respublikas\u0131n\u0131n Ordusunun \u015f\u00fcca\u0259ti n\u0259tic\u0259sind\u0259 \u0259ld\u0259 etdiyimiz Q\u0259l\u0259b\u0259 Az\u0259rbaycan Respublikas\u0131 tarixinin yeni d\u00f6vr\u00fcn\u00fc a\u00e7d\u0131, b\u00f6lg\u0259d\u0259ki reall\u0131qlar\u0131 d\u0259yi\u015fdi v\u0259 beyn\u0259lxalq \u0259dal\u0259ti b\u0259rq\u0259rar etdi.<\/p>\n<p>Az\u0259rbaycan beyn\u0259lxalq h\u00fcququn prinsipl\u0259ri, x\u00fcsusil\u0259 d\u0259 suverenlik, \u0259razi b\u00fct\u00f6vl\u00fcy\u00fc, v\u0259 beyn\u0259lxalq s\u0259rh\u0259dl\u0259rin toxunulmazl\u0131\u011f\u0131na ciddi riay\u0259t olunmas\u0131 \u0259sas\u0131nda Erm\u0259nistan il\u0259 m\u00fcnasib\u0259tl\u0259rin normalla\u015fd\u0131r\u0131lmas\u0131na haz\u0131rd\u0131r. Biz Erm\u0259nistan\u0131 b\u00f6lg\u0259d\u0259 s\u00fclh, t\u0259hl\u00fck\u0259sizlik v\u0259 rifah\u0131n t\u0259min olunmas\u0131 namin\u0259 bu fundamental prinsipl\u0259r\u0259 h\u00f6rm\u0259t etm\u0259y\u0259, beyn\u0259lxalq \u00f6hd\u0259likl\u0259rin\u0259 \u0259m\u0259l etm\u0259y\u0259 \u00e7a\u011f\u0131r\u0131r\u0131q.<\/p>\n<p>Az\u0259rbaycan Respublikas\u0131 Prezidentinin S\u0259r\u0259ncam\u0131 il\u0259 \u00f6lk\u0259mizd\u0259 An\u0131m G\u00fcn\u00fc kimi qeyd edil\u0259n 27 sentyabr tarixind\u0259 Az\u0259rbaycan\u0131n m\u00fcst\u0259qilliyi, suverenliyi v\u0259 \u0259razi b\u00fct\u00f6vl\u00fcy\u00fc u\u011frunda canlar\u0131ndan ke\u00e7\u0259n b\u00fct\u00fcn \u015e\u0259hidl\u0259rimizin \u0259ziz xatir\u0259sini d\u0259rin h\u00f6rm\u0259t v\u0259 ehtiramla yad edirik\u201d.<\/p>\n","protected":false},"excerpt":{"rendered":"<p>Az\u0259rbaycan\u0131n Xarici \u0130\u015fl\u0259r Nazirliyi 27 sentyabr &#8211; Az\u0259rbaycan Respublikas\u0131nda An\u0131m G\u00fcn\u00fc il\u0259 ba\u011fl\u0131 b\u0259yanat yay\u0131b. B\u0259yanatda deyilir: \u201cBir il bundan \u00f6nc\u0259 bu g\u00fcn, Az\u0259rbaycan Respublikas\u0131n\u0131n Silahl\u0131 Q\u00fcvv\u0259l\u0259ri Erm\u0259nistan Respublikas\u0131n\u0131n silahl\u0131 q\u00fcvv\u0259l\u0259rinin n\u00f6vb\u0259ti h\u0259rbi t\u0259xribat\u0131n\u0131n qar\u015f\u0131s\u0131n\u0131 almaq \u00fc\u00e7\u00fcn cavab t\u0259dbirl\u0259rin\u0259 ba\u015flad\u0131. Bu t\u0259dbirl\u0259r Erm\u0259nistan\u0131n n\u00f6vb\u0259ti h\u0259rbi t\u0259cav\u00fcz\u00fcn\u00fcn qar\u015f\u0131s\u0131n\u0131 almaq v\u0259 m\u00fclki \u0259halinin t\u0259hl\u00fck\u0259sizliyini t\u0259min etm\u0259k m\u0259qs\u0259dil\u0259 \u00f6z\u00fcn\u00fc m\u00fcdafi\u0259 h\u00fcququ \u00e7\u0259r\u00e7iv\u0259sind\u0259 v\u0259 beyn\u0259lxalq humanitar h\u00fcquqa tam riay\u0259t etm\u0259kl\u0259 h\u0259yata ke\u00e7irildi. Bu, 44 g\u00fcnl\u00fck V\u0259t\u0259n m\u00fcharib\u0259sinin ba\u015flan\u011f\u0131c\u0131n\u0131 qoydu. V\u0259t\u0259n m\u00fcharib\u0259si Erm\u0259nistan\u0131n 30 il\u0259 yax\u0131n davam ed\u0259n t\u0259cav\u00fcz siyas\u0259tin\u0259 son qoydu, Az\u0259rbaycan \u0259razi b\u00fct\u00f6vl\u00fcy\u00fcn\u00fc&hellip;<\/p>\n","protected":false},"author":2,"featured_media":373729,"comment_status":"closed","ping_status":"closed","sticky":false,"template":"","format":"standard","meta":{"om_disable_all_campaigns":false,"_monsterinsights_skip_tracking":false,"_monsterinsights_sitenote_active":false,"_monsterinsights_sitenote_note":"","_monsterinsights_sitenote_category":0},"categories":[4],"tags":[],"aioseo_notices":[],"gutentor_comment":0,"rttpg_featured_image_url":{"full":["https:\/\/arantv.az\/wp-content\/uploads\/2021\/09\/xin_28384586.jpg",800,600,false],"landscape":["https:\/\/arantv.az\/wp-content\/uploads\/2021\/09\/xin_28384586.jpg",800,600,false],"portraits":["https:\/\/arantv.az\/wp-content\/uploads\/2021\/09\/xin_28384586.jpg",800,600,false],"thumbnail":["https:\/\/arantv.az\/wp-content\/uploads\/2021\/09\/xin_28384586-500x280.jpg",500,280,true],"medium":["https:\/\/arantv.az\/wp-content\/uploads\/2021\/09\/xin_28384586-487x365.jpg",487,365,true],"large":["https:\/\/arantv.az\/wp-content\/uploads\/2021\/09\/xin_28384586.jpg",640,480,false],"1536x1536":["https:\/\/arantv.az\/wp-content\/uploads\/2021\/09\/xin_28384586.jpg",800,600,false],"2048x2048":["https:\/\/arantv.az\/wp-content\/uploads\/2021\/09\/xin_28384586.jpg",800,600,false],"post-thumbnail":["https:\/\/arantv.az\/wp-content\/uploads\/2021\/09\/xin_28384586-240x172.jpg",240,172,true],"advps-thumb-one":["https:\/\/arantv.az\/wp-content\/uploads\/2021\/09\/xin_28384586.jpg",800,600,false]},"rttpg_author":{"display_name":"V\u00fcsal Rafiqo\u011flu","author_link":"https:\/\/arantv.az\/?author=2"},"rttpg_comment":0,"rttpg_category":"<a href=\"https:\/\/arantv.az\/?cat=4\" rel=\"category\">Siyas\u0259t<\/a>","rttpg_excerpt":"Az\u0259rbaycan\u0131n Xarici \u0130\u015fl\u0259r Nazirliyi 27 sentyabr &#8211; Az\u0259rbaycan Respublikas\u0131nda An\u0131m G\u00fcn\u00fc il\u0259 ba\u011fl\u0131 b\u0259yanat yay\u0131b. B\u0259yanatda deyilir: \u201cBir il bundan \u00f6nc\u0259 bu g\u00fcn, Az\u0259rbaycan Respublikas\u0131n\u0131n Silahl\u0131 Q\u00fcvv\u0259l\u0259ri Erm\u0259nistan Respublikas\u0131n\u0131n silahl\u0131 q\u00fcvv\u0259l\u0259rinin n\u00f6vb\u0259ti h\u0259rbi t\u0259xribat\u0131n\u0131n qar\u015f\u0131s\u0131n\u0131 almaq \u00fc\u00e7\u00fcn cavab t\u0259dbirl\u0259rin\u0259 ba\u015flad\u0131. Bu t\u0259dbirl\u0259r Erm\u0259nistan\u0131n n\u00f6vb\u0259ti h\u0259rbi t\u0259cav\u00fcz\u00fcn\u00fcn qar\u015f\u0131s\u0131n\u0131 almaq v\u0259 m\u00fclki \u0259halinin t\u0259hl\u00fck\u0259sizliyini t\u0259min etm\u0259k m\u0259qs\u0259dil\u0259&hellip;","_links":{"self":[{"href":"https:\/\/arantv.az\/index.php?rest_route=\/wp\/v2\/posts\/382865"}],"collection":[{"href":"https:\/\/arantv.az\/index.php?rest_route=\/wp\/v2\/posts"}],"about":[{"href":"https:\/\/arantv.az\/index.php?rest_route=\/wp\/v2\/types\/post"}],"author":[{"embeddable":true,"href":"https:\/\/arantv.az\/index.php?rest_route=\/wp\/v2\/users\/2"}],"replies":[{"embeddable":true,"href":"https:\/\/arantv.az\/index.php?rest_route=%2Fwp%2Fv2%2Fcomments&post=382865"}],"version-history":[{"count":0,"href":"https:\/\/arantv.az\/index.php?rest_route=\/wp\/v2\/posts\/382865\/revisions"}],"wp:featuredmedia":[{"embeddable":true,"href":"https:\/\/arantv.az\/index.php?rest_route=\/wp\/v2\/media\/373729"}],"wp:attachment":[{"href":"https:\/\/arantv.az\/index.php?rest_route=%2Fwp%2Fv2%2Fmedia&parent=382865"}],"wp:term":[{"taxonomy":"category","embeddable":true,"href":"https:\/\/arantv.az\/index.php?rest_route=%2Fwp%2Fv2%2Fcategories&post=382865"},{"taxonomy":"post_tag","embeddable":true,"href":"https:\/\/arantv.az\/index.php?rest_route=%2Fwp%2Fv2%2Ftags&post=382865"}],"curies":[{"name":"wp","href":"https:\/\/api.w.org\/{rel}","templated":true}]}}