{"id":382867,"date":"2021-09-27T08:15:15","date_gmt":"2021-09-27T05:15:15","guid":{"rendered":"http:\/\/arantv.az\/?p=382867"},"modified":"2021-09-27T08:15:15","modified_gmt":"2021-09-27T05:15:15","slug":"t%c9%99z%c9%99-pir-m%c9%99scidind%c9%99-s%c9%99hidl%c9%99rimizin-ruhuna-dualar-oxunur-canli-yayim","status":"publish","type":"post","link":"https:\/\/arantv.az\/?p=382867","title":{"rendered":"T\u0259z\u0259 Pir m\u0259scidind\u0259 \u015f\u0259hidl\u0259rimizin ruhuna dualar oxunur &#8211; CANLI YAYIM"},"content":{"rendered":"<article class=\"news\">\n<div class=\"news-inner\">\n<p>27 sentyabr &#8211; An\u0131m G\u00fcn\u00fc m\u00fcnasib\u0259til\u0259 Az\u0259rbaycanda f\u0259aliyy\u0259t g\u00f6st\u0259r\u0259n dini m\u0259b\u0259dl\u0259rd\u0259, el\u0259c\u0259 d\u0259 T\u0259z\u0259 Pir\u00a0m\u0259scidind\u0259 \u015f\u0259hidl\u0259rimizin xatir\u0259si d\u0259rin ehtiramla yad olunur.<\/p>\n<div id=\"AdviadNativeVideo0\" class=\"AdviadNativeVideo\"><\/div>\n<p>M\u0259scidd\u0259 namaz q\u0131l\u0131n\u0131r, Az\u0259rbaycan\u0131n \u0259razi b\u00fct\u00f6vl\u00fcy\u00fc u\u011frunda can\u0131ndan ke\u00e7mi\u015f V\u0259t\u0259n \u00f6vladlar\u0131n\u0131n ruhuna dualar oxunur.<\/p>\n<p>\u018ftrafl\u0131 Baku TV-nin s\u00fcjetini t\u0259qdim edirik:<\/p>\n<div><iframe loading=\"lazy\" title=\"YouTube video player\" src=\"https:\/\/www.youtube.com\/embed\/mAiLDo1oF28\" width=\"560\" height=\"315\" frameborder=\"0\" allowfullscreen=\"allowfullscreen\" data-mce-fragment=\"1\"><\/iframe><\/div>\n<\/div>\n<\/article>\n<h2 class=\"news-share-title\"><\/h2>\n","protected":false},"excerpt":{"rendered":"<p>27 sentyabr &#8211; An\u0131m G\u00fcn\u00fc m\u00fcnasib\u0259til\u0259 Az\u0259rbaycanda f\u0259aliyy\u0259t g\u00f6st\u0259r\u0259n dini m\u0259b\u0259dl\u0259rd\u0259, el\u0259c\u0259 d\u0259 T\u0259z\u0259 Pir\u00a0m\u0259scidind\u0259 \u015f\u0259hidl\u0259rimizin xatir\u0259si d\u0259rin ehtiramla yad olunur. M\u0259scidd\u0259 namaz q\u0131l\u0131n\u0131r, Az\u0259rbaycan\u0131n \u0259razi b\u00fct\u00f6vl\u00fcy\u00fc u\u011frunda can\u0131ndan ke\u00e7mi\u015f V\u0259t\u0259n \u00f6vladlar\u0131n\u0131n ruhuna dualar oxunur. \u018ftrafl\u0131 Baku TV-nin s\u00fcjetini t\u0259qdim edirik:<\/p>\n","protected":false},"author":2,"featured_media":325165,"comment_status":"closed","ping_status":"closed","sticky":false,"template":"","format":"standard","meta":{"om_disable_all_campaigns":false,"_monsterinsights_skip_tracking":false,"_monsterinsights_sitenote_active":false,"_monsterinsights_sitenote_note":"","_monsterinsights_sitenote_category":0},"categories":[26],"tags":[],"aioseo_notices":[],"gutentor_comment":0,"rttpg_featured_image_url":{"full":["https:\/\/arantv.az\/wp-content\/uploads\/2021\/04\/mecid-2.jpg",620,413,false],"landscape":["https:\/\/arantv.az\/wp-content\/uploads\/2021\/04\/mecid-2.jpg",620,413,false],"portraits":["https:\/\/arantv.az\/wp-content\/uploads\/2021\/04\/mecid-2.jpg",620,413,false],"thumbnail":["https:\/\/arantv.az\/wp-content\/uploads\/2021\/04\/mecid-2-500x280.jpg",500,280,true],"medium":["https:\/\/arantv.az\/wp-content\/uploads\/2021\/04\/mecid-2-548x365.jpg",548,365,true],"large":["https:\/\/arantv.az\/wp-content\/uploads\/2021\/04\/mecid-2.jpg",620,413,false],"1536x1536":["https:\/\/arantv.az\/wp-content\/uploads\/2021\/04\/mecid-2.jpg",620,413,false],"2048x2048":["https:\/\/arantv.az\/wp-content\/uploads\/2021\/04\/mecid-2.jpg",620,413,false],"post-thumbnail":["https:\/\/arantv.az\/wp-content\/uploads\/2021\/04\/mecid-2-240x172.jpg",240,172,true],"advps-thumb-one":["https:\/\/arantv.az\/wp-content\/uploads\/2021\/04\/mecid-2.jpg",620,413,false]},"rttpg_author":{"display_name":"V\u00fcsal Rafiqo\u011flu","author_link":"https:\/\/arantv.az\/?author=2"},"rttpg_comment":0,"rttpg_category":"<a href=\"https:\/\/arantv.az\/?cat=26\" rel=\"category\">Sosial<\/a>","rttpg_excerpt":"27 sentyabr &#8211; An\u0131m G\u00fcn\u00fc m\u00fcnasib\u0259til\u0259 Az\u0259rbaycanda f\u0259aliyy\u0259t g\u00f6st\u0259r\u0259n dini m\u0259b\u0259dl\u0259rd\u0259, el\u0259c\u0259 d\u0259 T\u0259z\u0259 Pir\u00a0m\u0259scidind\u0259 \u015f\u0259hidl\u0259rimizin xatir\u0259si d\u0259rin ehtiramla yad olunur. M\u0259scidd\u0259 namaz q\u0131l\u0131n\u0131r, Az\u0259rbaycan\u0131n \u0259razi b\u00fct\u00f6vl\u00fcy\u00fc u\u011frunda can\u0131ndan ke\u00e7mi\u015f V\u0259t\u0259n \u00f6vladlar\u0131n\u0131n ruhuna dualar oxunur. \u018ftrafl\u0131 Baku TV-nin s\u00fcjetini t\u0259qdim edirik:","_links":{"self":[{"href":"https:\/\/arantv.az\/index.php?rest_route=\/wp\/v2\/posts\/382867"}],"collection":[{"href":"https:\/\/arantv.az\/index.php?rest_route=\/wp\/v2\/posts"}],"about":[{"href":"https:\/\/arantv.az\/index.php?rest_route=\/wp\/v2\/types\/post"}],"author":[{"embeddable":true,"href":"https:\/\/arantv.az\/index.php?rest_route=\/wp\/v2\/users\/2"}],"replies":[{"embeddable":true,"href":"https:\/\/arantv.az\/index.php?rest_route=%2Fwp%2Fv2%2Fcomments&post=382867"}],"version-history":[{"count":0,"href":"https:\/\/arantv.az\/index.php?rest_route=\/wp\/v2\/posts\/382867\/revisions"}],"wp:featuredmedia":[{"embeddable":true,"href":"https:\/\/arantv.az\/index.php?rest_route=\/wp\/v2\/media\/325165"}],"wp:attachment":[{"href":"https:\/\/arantv.az\/index.php?rest_route=%2Fwp%2Fv2%2Fmedia&parent=382867"}],"wp:term":[{"taxonomy":"category","embeddable":true,"href":"https:\/\/arantv.az\/index.php?rest_route=%2Fwp%2Fv2%2Fcategories&post=382867"},{"taxonomy":"post_tag","embeddable":true,"href":"https:\/\/arantv.az\/index.php?rest_route=%2Fwp%2Fv2%2Ftags&post=382867"}],"curies":[{"name":"wp","href":"https:\/\/api.w.org\/{rel}","templated":true}]}}