{"id":382890,"date":"2021-09-27T08:23:21","date_gmt":"2021-09-27T05:23:21","guid":{"rendered":"http:\/\/arantv.az\/?p=382890"},"modified":"2021-09-27T08:23:21","modified_gmt":"2021-09-27T05:23:21","slug":"masadan-c%c9%99bh%c9%99y%c9%99-muq%c9%99dd%c9%99s-gun%c9%99-hazirliq-v%c9%99-%c9%99liyevin-d%c9%99mir-yumrugu-t%c9%99hlil","status":"publish","type":"post","link":"https:\/\/arantv.az\/?p=382890","title":{"rendered":"Masadan c\u0259bh\u0259y\u0259: M\u00fcq\u0259dd\u0259s g\u00fcn\u0259 haz\u0131rl\u0131q v\u0259 \u018fliyevin d\u0259mir yumru\u011fu &#8211; T\u018fHL\u0130L"},"content":{"rendered":"<p><strong>2018-ci il, 26 iyun: Az\u0259rbaycan Silahl\u0131 Q\u00fcvv\u0259l\u0259r G\u00fcn\u00fc m\u00fcnasib\u0259til\u0259 Azadl\u0131q meydan\u0131nda h\u0259rbi parad ke\u00e7irilir.<\/strong><\/p>\n<p>Paradda \u00e7\u0131x\u0131\u015f ed\u0259n Ali Ba\u015f Komandan, Prezident \u0130lham \u018fliyev b\u0259yan etdi: \u201cG\u00fcn g\u0259l\u0259c\u0259k v\u0259 bu g\u00fcn i\u015f\u011fal alt\u0131ndak\u0131 torpaqlar azad olunandan sonra orada qald\u0131r\u0131lacaq Az\u0259rbaycan bayra\u011f\u0131 Azadl\u0131q meydan\u0131na g\u0259tiril\u0259c\u0259k v\u0259 h\u0259rbi paradda g\u00f6st\u0259ril\u0259c\u0259k. Biz bu m\u00fcq\u0259dd\u0259s g\u00fcn\u00fc yax\u0131nla\u015fd\u0131rmal\u0131y\u0131q v\u0259 yax\u0131nla\u015fd\u0131r\u0131r\u0131q\u201d.<\/p>\n<p>Ali Ba\u015f Komandan\u0131n bu s\u00f6zl\u0259rind\u0259n c\u0259mi iki il sonra \u2013 27 sentyabr 2020-ci il tarixind\u0259 V\u0259t\u0259n m\u00fcharib\u0259si ba\u015fland\u0131 v\u0259 44 g\u00fcn davam ed\u0259n d\u00f6y\u00fc\u015fl\u0259r Az\u0259rbaycan\u0131n tam q\u0259l\u0259b\u0259si il\u0259 ba\u015fa \u00e7atd\u0131: \u015eu\u015fada ucald\u0131lan \u00fc\u00e7r\u0259ngli bayraq Azadl\u0131q meydan\u0131na g\u0259tirildi v\u0259 h\u0259rbi paradda g\u00f6st\u0259rildi.<\/p>\n<p>H\u0259r \u015fey d\u0259qiqliyi il\u0259 Prezident \u0130lham \u018fliyevin dediyi kimi oldu. Bu t\u0259sad\u00fcf idimi? Xeyr, Az\u0259rbaycan lideri uzun ill\u0259r \u00f6lk\u0259ni V\u0259t\u0259n m\u00fcharib\u0259sin\u0259 haz\u0131rlay\u0131r, torpaqlar\u0131m\u0131z\u0131n azad olunmas\u0131 \u00fc\u00e7\u00fcn diplomatik c\u0259bh\u0259d\u0259 f\u0259aliyy\u0259tini davam etdirm\u0259kl\u0259 yana\u015f\u0131, h\u0259rbi c\u0259bh\u0259d\u0259 ordunu g\u00fccl\u0259ndirirdi.<\/p>\n<p>2016-c\u0131 ilin \u201caprel m\u00fcharib\u0259sin\u201dd\u0259 a\u011f\u0131r z\u0259rb\u0259 alan Erm\u0259nistan dan\u0131\u015f\u0131qlar masas\u0131na g\u0259lm\u0259y\u0259 v\u0259 i\u015f\u011fal alt\u0131ndak\u0131 torpaqlar\u0131n t\u0259klif olunan s\u00fclh plan\u0131na uy\u011fun bo\u015fald\u0131lmas\u0131 il\u0259 ba\u011fl\u0131 \u00f6hd\u0259lik g\u00f6t\u00fcrm\u0259y\u0259 m\u0259cbur oldu. Lakin xunta rejiminin r\u0259hb\u0259ri Serj Sarkisyan \u00f6hd\u0259liyini yerin\u0259 yetirm\u0259di v\u0259 AT\u018fT-in Minsk qrupu ba\u015fda olmaqla beyn\u0259lxalq ictimaiyy\u0259tin laqeyd m\u00fcnasib\u0259ti Erm\u0259nistan\u0131n i\u015f\u011fal siyas\u0259tini davam etdirm\u0259si \u00fc\u00e7\u00fcn imkanlar\u0131n\u0131 geni\u015fl\u0259ndirdi. Aprel m\u00fcharib\u0259sinin ard\u0131nca Az\u0259rbaycan v\u0259 Erm\u0259nistan prezidentl\u0259rinin ke\u00e7irdiyi Vyana v\u0259 Sankt-Peterburq g\u00f6r\u00fc\u015f\u00fcnd\u0259n sonra proses dalana dir\u0259ndi. Bir il sonra \u2013 2017-ci ilin oktyabr ay\u0131nda Cenevr\u0259d\u0259 ke\u00e7iril\u0259n g\u00f6r\u00fc\u015f m\u00fcnaqi\u015f\u0259nin h\u0259llin\u0259 nail olmaqdan daha \u00e7ox, Minsk qrupu h\u0259ms\u0259drl\u0259rinin hesabat xarakterli add\u0131m\u0131ndan ba\u015fqa bir \u015fey deyildi.<\/p>\n<p>B\u00fct\u00fcn yollar m\u00fcharib\u0259y\u0259 apar\u0131rd\u0131: dan\u0131\u015f\u0131qlar faktiki dayanm\u0131\u015fd\u0131, i\u015f\u011fal\u00e7\u0131 \u00f6lk\u0259 t\u0259xribatlar\u0131na ara vermir, x\u00fcsusil\u0259 m\u00fclki \u0259haliy\u0259 qar\u015f\u0131 terror h\u00fccumlar\u0131 t\u00f6r\u0259dirdi; 2017-ci ild\u0259 2 ya\u015fl\u0131 k\u00f6r\u0259 Z\u0259hra Quliyev\u0259 v\u0259 n\u0259n\u0259si, 1967-ci il t\u0259v\u0259ll\u00fcdl\u00fc Sahib\u0259 Quliyevan\u0131n q\u0259tl\u0259 yetirilm\u0259si erm\u0259ni terrorunun \u0259n qanl\u0131 s\u0259hif\u0259l\u0259rind\u0259n biridir;<\/p>\n<p>2018-ci il Azadl\u0131q meydan\u0131nda ke\u00e7iril\u0259n h\u0259rbi paradda Ali Ba\u015f Komandan \u0130lham \u018fliyev G\u00fcn g\u0259l\u0259c\u0259k v\u0259 bu g\u00fcn i\u015f\u011fal alt\u0131ndak\u0131 torpaqlar azad olunandan sonra orada qald\u0131r\u0131lacaq Az\u0259rbaycan bayra\u011f\u0131 Azadl\u0131q meydan\u0131na g\u0259tiril\u0259c\u0259k v\u0259 h\u0259rbi paradda g\u00f6st\u0259ril\u0259c\u0259k\u201d dey\u0259nd\u0259 art\u0131q Serj Sarkisyan devrilmi\u015f, Erm\u0259nistanda hakimiyy\u0259t k\u00fc\u00e7\u0259d\u0259n g\u0259l\u0259n Nikol Pa\u015finyana ke\u00e7mi\u015fdi. Dan\u0131\u015f\u0131qlarla ba\u011fl\u0131 yeni \u00fcmidl\u0259r yaranm\u0131\u015fd\u0131, h\u0259m Pa\u015finyan\u0131n ke\u00e7mi\u015fi, h\u0259m beyn\u0259lxalq oyun\u00e7ular\u0131n \u201ch\u0259ll\u201d m\u0259s\u0259l\u0259sind\u0259 maraql\u0131 olmas\u0131 v\u0259 s.<\/p>\n<p>Erm\u0259nistan faktiki olaraq xaos ya\u015fay\u0131rd\u0131 v\u0259 ba\u015f ver\u0259nl\u0259r \u0259razil\u0259rin azad olunmas\u0131 \u00fc\u00e7\u00fcn h\u0259rbi z\u0259rb\u0259 vurmaq \u00fc\u00e7\u00fcn unikla \u015f\u0259rait kimi g\u00f6r\u00fcn\u00fcrd\u00fc. Lakin \u0130lham \u018fliyev uzla\u015fma yolunu se\u00e7di: s\u0259b\u0259bini \u00e7ox sonralar anlayacaqd\u0131q&#8230;<\/p>\n<p>2018-ci ilin 28 sentyabr\u0131: \u0130lham \u018fliyev v\u0259 Nikol Pa\u015finyan MDB D\u00f6vl\u0259t Ba\u015f\u00e7\u0131lar\u0131 \u015euras\u0131n\u0131n D\u00fc\u015f\u0259nb\u0259d\u0259 ke\u00e7iril\u0259n iclas\u0131 zaman\u0131 ilk d\u0259f\u0259 g\u00f6r\u00fc\u015fd\u00fc. \u201cLift diplomatiyas\u0131\u201d olaraq t\u0259qvim\u0259 d\u00fc\u015f\u0259n bu g\u00f6r\u00fc\u015fd\u0259 c\u0259bh\u0259d\u0259 \u201cat\u0259\u015fk\u0259s rejimi\u201dn\u0259 \u0259m\u0259l edilm\u0259si il\u0259 ba\u011fl\u0131 raz\u0131l\u0131q \u0259ld\u0259 olundu. Sonrak\u0131 aylarda t\u0259mas x\u0259ttind\u0259 itkil\u0259rin say\u0131 dem\u0259k olar ki, s\u0131f\u0131rland\u0131.<\/p>\n<p><strong>Sual a\u00e7\u0131q qal\u0131rd\u0131: Az\u0259rbaycan Erm\u0259nistandak\u0131 xaos v\u0259ziyy\u0259tind\u0259n niy\u0259 istifad\u0259 etm\u0259di?<\/strong><\/p>\n<p>\u018fliyev \u201cQambit gedi\u015fi\u201d (\u015fahmatda t\u0259r\u0259fl\u0259rd\u0259n birinin oyunu inki\u015faf etdirm\u0259k, daha s\u0259m\u0259r\u0259li m\u00f6vqe \u0259ld\u0259 etm\u0259k m\u0259qs\u0259dil\u0259 maddi \u00fcst\u00fcnl\u00fcy\u00fc qurban verm\u0259si) edir, h\u0259lledici z\u0259rb\u0259ni m\u00fcv\u0259qq\u0259ti t\u0259xir\u0259 sal\u0131rd\u0131 v\u0259 bu s\u0259b\u0259bsiz deyildi:<\/p>\n<p><strong>Birincisi,<\/strong>\u00a0getdikc\u0259 dalana dir\u0259n\u0259n dan\u0131\u015f\u0131qlar\u0131n d\u00fcz yola \u00e7\u0131xmas\u0131 \u00fc\u00e7\u00fcn \u201cn\u0259f\u0259slik a\u00e7\u0131r\u201d: ordunun h\u0259r\u0259k\u0259tini m\u00fcv\u0259qq\u0259ti t\u0259xir\u0259 sal\u0131r v\u0259 Moskvan\u0131n qar\u015f\u0131s\u0131nda alternativ qoyurdu.<\/p>\n<p>D\u00fc\u015f\u0259nb\u0259 g\u00f6r\u00fc\u015f\u00fc n\u0259 q\u0259d\u0259r Moskvan\u0131n plan\u0131 kimi g\u00f6r\u00fcns\u0259 d\u0259, Q\u0259rb layih\u0259si il\u0259 siyasi Olimp\u0259 y\u00fcks\u0259l\u0259n Pa\u015finyan hakimiyy\u0259tinin m\u00f6hk\u0259ml\u0259nm\u0259sin\u0259 hesablanm\u0131\u015f \u201cat\u0259\u015fk\u0259sin davam etdirilm\u0259si\u201d v\u0259 \u00fc\u00e7\u00fcnc\u00fc t\u0259r\u0259fi oyundan k\u0259narla\u015fd\u0131ran \u201ct\u0259r\u0259fl\u0259r aras\u0131nda operativ \u0259laq\u0259nin qurulmas\u0131\u201d raz\u0131la\u015fmas\u0131 ruslar\u0131n mara\u011f\u0131nda deyildi. Bu bax\u0131mdan, Bak\u0131 \u0130r\u0259vanla birba\u015fa raz\u0131la\u015fma il\u0259 AB\u015e-a \u00f6t\u00fcrm\u0259 verir, m\u00fcnaqi\u015f\u0259nin h\u0259llini inhisarda saxlayan Rusiyaya alternativin oldu\u011funu n\u00fcmayi\u015f etdirirdi. Bu, iki t\u0259r\u0259fin d\u0259 &#8211; AB\u015e v\u0259 Rusiyan\u0131n h\u0259ll variantlar\u0131 t\u0259klif etm\u0259sini aktivl\u0259\u015fdir\u0259c\u0259k v\u0259 Az\u0259rbaycan\u0131n imkanlar\u0131n\u0131 geni\u015fl\u0259ndir\u0259c\u0259kdi. Sonrak\u0131 prosesl\u0259r \u2013 AB\u015e v\u0259 Rusiyan\u0131n g\u00f6r\u00fc\u015fl\u0259rin t\u0259\u015fkili \u00fc\u00e7\u00fcn yar\u0131\u015fa girm\u0259si, bir s\u0131ra raz\u0131la\u015fmalar\u0131n olmas\u0131 da Bak\u0131n\u0131n atd\u0131\u011f\u0131 topun qap\u0131dan ke\u00e7diyini g\u00f6st\u0259rirdi.<\/p>\n<p><strong>\u0130kincisi,<\/strong>\u00a0Bak\u0131n\u0131n \u201cdaha s\u0259m\u0259r\u0259li m\u00f6vqe \u0259ld\u0259 etm\u0259k m\u0259qs\u0259dil\u0259 maddi \u00fcst\u00fcnl\u00fcy\u00fc qurban verm\u0259si\u201d c\u0259bh\u0259d\u0259 ordumuzun m\u00f6vqel\u0259rinin m\u00f6hk\u0259ml\u0259ndirilm\u0259sin\u0259, g\u00f6zl\u0259nil\u0259n real dan\u0131\u015f\u0131qlar\u0131n olmayaca\u011f\u0131 t\u0259qdird\u0259, ba\u015flaya bil\u0259c\u0259k m\u00fcharib\u0259d\u0259 maddi \u00fcst\u00fcnl\u00fcy\u00fcn\u00fcn t\u0259min edilm\u0259sin\u0259 hesablanm\u0131\u015fd\u0131.<\/p>\n<p>Az\u0259rbaycan ordunun c\u0259bh\u0259d\u0259 m\u00f6vqel\u0259rini h\u0259qiq\u0259t\u0259n d\u0259 g\u00fccl\u0259ndirirdi. Erm\u0259ni ekspertl\u0259r m\u00fcharib\u0259d\u0259n sonra yaz\u0131rd\u0131lar: \u201c\u018fliyev b\u00f6y\u00fck oynad\u0131, Pa\u015finyana vaxt verdi v\u0259 ordusunu d\u00f6y\u00fc\u015f\u0259 haz\u0131rlad\u0131\u201d.<\/p>\n<p>Prezident \u0130lham \u018fliyevin bu g\u00fcnl\u0259rd\u0259 Rusiyan\u0131n \u201cNasionalnaya oborona\u201d deyir: \u201c<strong>Dondurulmu\u015f m\u00fcnaqi\u015f\u0259 v\u0259ziyy\u0259tind\u0259 olsa da, m\u00fcharib\u0259 \u015f\u0259raitind\u0259ki \u00f6lk\u0259d\u0259 h\u0259yat\u0131n b\u00fct\u00fcn hallar\u0131 \u00fc\u00e7\u00fcn d\u00f6y\u00fc\u015f \u0259m\u0259liyyatlar\u0131n\u0131n apar\u0131lmas\u0131 plan\u0131, t\u0259bii ki, \u00e7oxdan i\u015fl\u0259nib haz\u0131rlan\u0131rd\u0131. \u018flb\u0259tt\u0259, yeni reall\u0131qlar, Az\u0259rbaycan\u0131n yeni imkanlar\u0131, o c\u00fcml\u0259d\u0259n texnoloji imkanlar\u0131 n\u0259z\u0259r\u0259 al\u0131nmaqla bu plana vaxta\u015f\u0131r\u0131 d\u0259yi\u015fiklikl\u0259r edilirdi v\u0259 h\u0259r d\u0259f\u0259 h\u0259min d\u0259yi\u015fiklikl\u0259r m\u0259nim t\u0259r\u0259fimd\u0259n t\u0259sdiq olunurdu<\/strong>\u201d.<\/p>\n<p>Ali Ba\u015f Komandan torpaqlar\u0131m\u0131zda i\u015f\u011fala son qoymaq \u00fc\u00e7\u00fcn \u0259m\u0259liyyat plan\u0131n\u0131n h\u0259mi\u015f\u0259 m\u00f6vcud oldu\u011funu, daim yenil\u0259ndiyini a\u00e7\u0131qlay\u0131r v\u0259 bu, Az\u0259rbaycan\u0131n \u00f6z torpaqlar\u0131n\u0131 i\u015f\u011faldan azad etm\u0259y\u0259 h\u0259mi\u015f\u0259 haz\u0131r oldu\u011funun s\u00fcbutudur.<\/p>\n<p>Sonralar \u2013 m\u00fcharib\u0259y\u0259 say\u0131l\u0131 g\u00fcnl\u0259r qalm\u0131\u015f \u0130lham \u018fliyev Pa\u015finyan\u0131n D\u00fc\u015f\u0259nb\u0259d\u0259 ondan hakimiyy\u0259tini m\u00f6hk\u0259ml\u0259ndirm\u0259k \u00fc\u00e7\u00fcn vaxt ist\u0259diyini a\u00e7\u0131qlayacaqd\u0131 v\u0259 bu da Az\u0259rbaycan liderinin strateji manevrl\u0259rind\u0259n biri idi.<\/p>\n<p>D\u00fc\u015f\u0259nb\u0259 g\u00f6r\u00fc\u015f\u00fcnd\u0259n sonra Nikol Pa\u015finyan hakimiyy\u0259tini m\u00f6hk\u0259ml\u0259ndirm\u0259k, \u0130lham \u018fliyev m\u00fcmk\u00fcn h\u0259rbi \u0259m\u0259liyyat\u0131n \u00fcz\u0259rind\u0259n bir daha ke\u00e7m\u0259k, ordunun m\u00f6vqel\u0259rini g\u00fccl\u0259ndirm\u0259k \u00fc\u00e7\u00fcn vaxt qazand\u0131. \u018fliyev Pa\u015finyana h\u0259m d\u0259 ona g\u00f6r\u0259 vaxt vermi\u015fdi ki:<\/p>\n<p><strong>&#8211; h\u0259min d\u00f6vrd\u0259 geosiyasi v\u0259 regional \u015f\u0259rtl\u0259r h\u0259rbi h\u0259ll variant\u0131 \u00fc\u00e7\u00fcn unikal deyildi;<br \/>\n&#8211; m\u00fcnaqi\u015f\u0259nin dan\u0131\u015f\u0131qlar masas\u0131nda h\u0259lli \u00fcmidl\u0259ri yaranm\u0131\u015fd\u0131, x\u00fcsusil\u0259 beyn\u0259lxalq oyun\u00e7ular\u0131n ist\u0259kl\u0259ri fonunda;<\/strong><\/p>\n<p>Dekabr ay\u0131nda \u2013 Erm\u0259nistanda se\u00e7kil\u0259rd\u0259n \u00f6nc\u0259 AB\u015e prezidentinin m\u00fc\u015faviri Con Boltonun regiona s\u0259f\u0259ri v\u0259 \u0130r\u0259vanda dedikl\u0259ri s\u00f6zl\u0259r d\u0259 m\u00fcnaqi\u015f\u0259nin h\u0259lli il\u0259 ba\u011fl\u0131 \u201cyol x\u0259rit\u0259sinin\u201d m\u00f6vcudlu\u011fu haqq\u0131nda t\u0259s\u0259vv\u00fcrl\u0259ri formala\u015fd\u0131r\u0131rd\u0131.<\/p>\n<p>\u201c\u0130nan\u0131r\u0131q ki, Nikol Pa\u015finyan\u0131n komandas\u0131 se\u00e7kid\u0259 (parlament se\u00e7kil\u0259ri \u2013 red.) qalib g\u0259l\u0259c\u0259ks\u0259, Da\u011fl\u0131q Qaraba\u011f m\u00fcnaqi\u015f\u0259sinin nizamlanmas\u0131 il\u0259 ba\u011fl\u0131 ciddi ir\u0259lil\u0259yi\u015fl\u0259r olacaq\u201d, \u2013 Bolton bel\u0259 deyirdi.<\/p>\n<p>2019-cu ilin yanvar\u0131nda Az\u0259rbaycan v\u0259 Erm\u0259nistan X\u0130N r\u0259hb\u0259rl\u0259ri Parisd\u0259 \u00fc\u00e7 saatl\u0131q m\u00fczakir\u0259 apard\u0131, \u201cxalqlar\u0131 s\u00fclh\u0259 haz\u0131rlamaq\u201d \u00fcz\u0259rind\u0259 raz\u0131l\u0131q \u0259ld\u0259 olundu. 23 yanvar tarixind\u0259 is\u0259 Prezident \u0130lham \u018fliyevl\u0259 Nikol Pa\u015finyan\u0131n Davosda g\u00f6r\u00fc\u015f\u00fc ke\u00e7irildi.<\/p>\n<p>Prosesl\u0259r pozitiv istiqam\u0259td\u0259 inki\u015faf edirdi, lakin hakimiyy\u0259tini m\u00f6hk\u0259ml\u0259ndirm\u0259k \u00fc\u00e7\u00fcn D\u00fc\u015f\u0259nb\u0259d\u0259 \u018fliyevd\u0259n vaxt ist\u0259y\u0259n Pa\u015finyan buna nail olan kimi t\u0259xribatlara ba\u015flad\u0131.<\/p>\n<p>2019-cu ilin 26 fevral\u0131nda &#8211; Xocal\u0131 soyq\u0131r\u0131m\u0131n\u0131n 27-ci ild\u00f6n\u00fcm\u00fc g\u00fcn\u00fc soyq\u0131r\u0131m\u0131n m\u00fc\u0259llifi olan Erm\u0259nistan\u0131n m\u00fcdafi\u0259 naziri Davod Tonoyan \u201cyeni m\u00fcharib\u0259 yeni \u0259razil\u0259r\u201d iddias\u0131 il\u0259 ger\u00e7\u0259k niyy\u0259tl\u0259rini ortaya qoydu.<\/p>\n<p>Mart\u0131n \u0259vv\u0259lind\u0259 Nikol Pa\u015finyan dan\u0131\u015f\u0131qlar masas\u0131nda \u201cformat d\u0259yi\u015fikliyi\u201d iddias\u0131n\u0131 ir\u0259li s\u00fcrd\u00fc: Qaraba\u011fdak\u0131 separat\u00e7\u0131-terror\u00e7ular\u0131 m\u00fcnaqi\u015f\u0259nin \u201ct\u0259r\u0259fi\u201d olaraq q\u0259bul etdirm\u0259k ist\u0259yirdi.<\/p>\n<p>Mart\u0131n 12-d\u0259 Erm\u0259nistan T\u0259hl\u00fck\u0259sizlik \u015euras\u0131n\u0131n iclas\u0131 tarixd\u0259 ilk d\u0259f\u0259 olaraq, Az\u0259rbaycan\u0131n i\u015f\u011fal edilmi\u015f \u0259razil\u0259rind\u0259 \u2013 Xank\u0259ndid\u0259 separat\u00e7\u0131lar\u0131n i\u015ftirak\u0131 il\u0259 ke\u00e7irildi v\u0259 iclasda \u201cQaraba\u011f\u0131n t\u0259r\u0259f olmas\u0131\u201d tezisi yenid\u0259n g\u00fcnd\u0259m\u0259 g\u0259tirdi.<\/p>\n<p>Mart\u0131n 26-da erm\u0259ni h\u0259rbi birl\u0259\u015fm\u0259l\u0259ri Az\u0259rbaycan \u0259sg\u0259rini \u015f\u0259hid etdi. Bu, D\u00fc\u015f\u0259nb\u0259d\u0259 \u201clift diplomatiyas\u0131\u201dnan sonra c\u0259bh\u0259d\u0259 veril\u0259n ilk \u015f\u0259hid idi.<\/p>\n<p>Mart\u0131n 29-da Az\u0259rbaycan Prezidenti il\u0259 erm\u0259ni ba\u015f nazir Vyanada bir araya g\u0259ldi. \u018fslind\u0259 Tonoyan\u0131n h\u0259rbi ritorikaya m\u00fcraci\u0259t etm\u0259si v\u0259 Az\u0259rbaycan \u0259sg\u0259rinin \u015f\u0259hid edilm\u0259si bu g\u00f6r\u00fc\u015f\u00fcn d\u0259 dig\u0259rl\u0259ri kimi n\u0259tic\u0259siz olmas\u0131na hesablanm\u0131\u015fd\u0131.<\/p>\n<p>Vyana g\u00f6r\u00fc\u015f\u00fcnd\u0259 Erm\u0259nistan\u0131n separat\u00e7\u0131lar\u0131 dan\u0131\u015f\u0131qlara \u201ct\u0259r\u0259f\u201d kimi daxil etm\u0259k iddias\u0131 alt-\u00fcst edildi, lakin bu, h\u0259ms\u0259drl\u0259rin yox, Az\u0259rbaycan liderinin siyasi irad\u0259sinin n\u0259tic\u0259si idi. Minsk qrupu sad\u0259c\u0259 n\u0259tic\u0259siz b\u0259yanatlar verm\u0259k v\u0259rdi\u015fini davam etdir\u0259rk\u0259n, Nikol Pa\u015finyan Vyanadan qay\u0131dandan sonra da s\u00fclh dan\u0131\u015f\u0131qlar\u0131n\u0131 baltalama\u011fa ba\u015flad\u0131.<\/p>\n<p>May\u0131n 30-da c\u0259bh\u0259nin A\u011fdam rayonu istiqam\u0259tind\u0259 d\u00fc\u015fm\u0259n t\u0259r\u0259find\u0259n a\u00e7\u0131lan snayper at\u0259\u015fi n\u0259tic\u0259sind\u0259 Az\u0259rbaycan Ordusunun mayoru \u015f\u0259hid edildi. Bu, at\u0259\u015fk\u0259sin pozulmas\u0131 n\u0259tic\u0259sind\u0259 h\u0259rbi qulluq\u00e7unun d\u00fc\u015fm\u0259n g\u00fcll\u0259sin\u0259 tu\u015f g\u0259lm\u0259si kimi i\u015f\u011fal\u00e7\u0131n\u0131n adi hala \u00e7evrilmi\u015f t\u0259xribat\u0131 deyildi, snayperl\u0259 Az\u0259rbaycan Ordusunun zabiti, batalyon komandirinin \u015f\u0259hid edilm\u0259si g\u0259rginliyin yarad\u0131lmas\u0131na, dan\u0131\u015f\u0131qlar\u0131 pozma\u011fa hesablanm\u0131\u015fd\u0131.<\/p>\n<p>\u0130yul ay\u0131ndan ba\u015flayaraq, i\u015f\u011fal\u00e7\u0131 \u00f6lk\u0259 t\u0259xribat h\u00fccumlar\u0131n\u0131 t\u0259mas x\u0259ttind\u0259n d\u00f6vl\u0259t s\u0259rh\u0259din\u0259 &#8211; Qazax istiqam\u0259tin\u0259 ke\u00e7irdi.<\/p>\n<p>Avqustun 5-d\u0259 Pa\u015finyan i\u015f\u011fal alt\u0131ndak\u0131 torpaqlarda \u201cMiatsum\u201d (Az\u0259rbaycan torpaqlar\u0131 hesab\u0131na \u201cbirl\u0259\u015fmi\u015f\u201d erm\u0259ni d\u00f6vl\u0259tinin yarad\u0131lmas\u0131 ideyas\u0131 \u2013 red.) iddias\u0131n\u0131 g\u00fcnd\u0259m\u0259 g\u0259tirdi v\u0259 iddia etdi ki, \u201cQaraba\u011f Erm\u0259nistand\u0131r v\u0259 n\u00f6qt\u0259\u201d.<\/p>\n<p>Prezident \u0130lham \u018fliyev i\u015f\u011fal\u00e7\u0131 \u00f6lk\u0259nin r\u0259hb\u0259rinin cavab\u0131n\u0131 tarixi \u201cQaraba\u011f Az\u0259rbaycan\u0131nd\u0131r v\u0259 Nida\u201d b\u0259yanat\u0131 il\u0259 verdi.<\/p>\n<p><strong>Az\u0259rbaycan lideri bu iddiaya cavab verm\u0259k \u00fc\u00e7\u00fcn iki ay g\u00f6zl\u0259di. Niy\u0259?<\/strong><\/p>\n<p>H\u0259min vaxt iki m\u00fch\u00fcm hadis\u0259 g\u00f6zl\u0259nilirdi: biri, BMT Ba\u015f Assambleyas\u0131n\u0131n 74-c\u00fc sessiyas\u0131, dig\u0259ri Avrasiya \u0130qtisadi \u0130ttifaq\u0131n\u0131n \u0130r\u0259vanda ke\u00e7iril\u0259c\u0259k zirv\u0259 toplant\u0131s\u0131. Bu, iki q\u00fctb\u00fcn \u2013 \u015e\u0259rql\u0259 Q\u0259rbin Erm\u0259nistana m\u00fcnasib\u0259tini ortaya qoyacaqd\u0131 v\u0259 Az\u0259rbaycan lideri siyasi \u015fahmat taxtas\u0131nda gedi\u015fl\u0259rini buna g\u00f6r\u0259 m\u00fc\u0259yy\u0259nl\u0259\u015fdir\u0259c\u0259kdi. Erm\u0259nistan\u0131n ba\u015f nazirinin \u201cAmerika arzular\u0131\u201d \u00e7in olmad\u0131, Avrasiya \u0130qtisadi \u0130ttifaq\u0131n\u0131n (A\u0130\u0130) iclas\u0131, daha do\u011frusu, Putinin \u0130r\u0259vana g\u0259li\u015fi d\u0259 Erm\u0259nistan \u00fc\u00e7\u00fcn he\u00e7 n\u0259 qazand\u0131rmad\u0131.<\/p>\n<p>Az\u0259rbaycan lideri m\u0259hz siyasi prosesl\u0259ri analiz ed\u0259r\u0259k, cavab \u00fc\u00e7\u00fcn vaxt\u0131 v\u0259 m\u0259kan\u0131 d\u0259qiq se\u00e7di: \u201cValday\u201d Beyn\u0259lxalq Diskussiya Klubunun So\u00e7id\u0259 ke\u00e7iril\u0259n iclas\u0131.<\/p>\n<p><strong>\u201cQaraba\u011f Az\u0259rbaycand\u0131r v\u0259 N\u0130DA\u201d. \u0130lham \u018fliyevin cavab\u0131 prosesl\u0259rin inki\u015faf\u0131n\u0131 da m\u00fc\u0259yy\u0259nl\u0259\u015fdirirdi.<\/strong><\/p>\n<p>2020-ci ilin ilk ay\u0131ndan etibar\u0259n Erm\u0259nistan separat\u00e7\u0131 rejimi dan\u0131\u015f\u0131qlarda \u201ct\u0259r\u0259f\u201d kimi i\u015ftirak etm\u0259k iddias\u0131n\u0131 daha da geni\u015fl\u0259ndirdi v\u0259 s\u00fclh prosesini pozmaq \u00fc\u00e7\u00fcn t\u0259xribatlar\u0131n\u0131 davam etdirdi.<\/p>\n<p>15 fevralda \u0130lham \u018fliyev v\u0259 Nikol Pa\u015finyan M\u00fcnhen T\u0259hl\u00fck\u0259sizlik Konfrans\u0131nda canl\u0131 debata \u00e7\u0131xd\u0131: bu, m\u00fcnaqi\u015f\u0259 tarixind\u0259 ilk idi v\u0259 Az\u0259rbaycan lideri tarixi faktlarla erm\u0259ni ba\u015f naziri d\u00fcnyan\u0131n g\u00f6z\u00fc \u00f6n\u00fcnd\u0259 alt-\u00fcst etdi, bununla h\u0259m d\u0259 beyn\u0259lxalq ictimaiyy\u0259t\u0259 haql\u0131n\u0131n kim, haqs\u0131z\u0131n kim oldu\u011funu, i\u015f\u011falla m\u0259ruz qalanla i\u015f\u011fal\u00e7\u0131 aras\u0131ndak\u0131 f\u0259rqi n\u00fcmayi\u015f etdirdi.<\/p>\n<p>Masada m\u0259\u011flub olan Erm\u0259nistan t\u0259xribatlar\u0131n\u0131 genni\u015fl\u0259ndirirdi. May\u0131n 22-d\u0259 i\u015f\u011fal alt\u0131ndak\u0131 \u0259razil\u0259rd\u0259 separat\u00e7\u0131 rejimin yeni \u201cr\u0259hb\u0259ri\u201dnin qondarma \u201candi\u00e7m\u0259\u201d m\u0259rasimi \u015eu\u015fada ke\u00e7irildi. M\u0259rasimin ba\u015f qona\u011f\u0131 Erm\u0259nistan\u0131n ba\u015f naziri Nikol Pa\u015finyan idi.<\/p>\n<p>\u0130yulun 12-d\u0259 Erm\u0259nistan Tovuz istiqam\u0259tind\u0259 &#8211; d\u00f6vl\u0259t s\u0259rh\u0259dind\u0259 t\u0259xrubat h\u00fccumuna ke\u00e7di: i\u015f\u011fal\u00e7\u0131 \u00f6lk\u0259 \u201cyeni m\u00fcharib\u0259, yeni \u0259razil\u0259r\u201d prinsipini praktiki m\u00fcst\u0259viy\u0259 ke\u00e7irm\u0259y\u0259 c\u0259hd etdi. Az\u0259rbaycan Ordusu d\u00fc\u015fm\u0259nin layiqli cavab\u0131n\u0131 verdi. Art\u0131q ox yaydan \u00e7\u0131xm\u0131\u015fd\u0131 v\u0259 b\u00fct\u00fcn yollar m\u00fcharib\u0259y\u0259 apar\u0131rd\u0131.<\/p>\n<p>Erm\u0259nistan\u0131n bu q\u0259d\u0259r rahatl\u0131qla t\u0259xribat t\u00f6r\u0259tm\u0259sinin \u0259sas s\u0259b\u0259bl\u0259rind\u0259n biri d\u0259 c\u0259zas\u0131zl\u0131q m\u00fchiti idi: n\u0259 Minsk qrupu, n\u0259 d\u0259 beyn\u0259lxalq ictimaiyy\u0259t i\u015f\u011flal\u00e7\u0131n\u0131n aqressiyas\u0131n\u0131n \u00f6n\u00fcn\u0259 ke\u00e7mir, ke\u00e7m\u0259k ist\u0259mirdi.<\/p>\n<p><strong>2020-ci ilin sentyabr ay\u0131: Az\u0259rbaycan lideri iki strateji gedi\u015f etdi.<\/strong><\/p>\n<p><strong>Birincisi,<\/strong>\u00a0D\u00fc\u015f\u0259nb\u0259 g\u00f6r\u00fc\u015f\u00fcn\u00fcn b\u00fct\u00fcn detallar\u0131n\u0131 itimaiyy\u0259t\u0259 a\u00e7\u0131qlad\u0131. Bu, Erm\u0259nistan\u0131n daxili siyas\u0259tind\u0259 partlay\u0131\u015f\u0131n yarad\u0131lmas\u0131 m\u0259qs\u0259di \u201cminalar\u0131n d\u00f6\u015f\u0259nm\u0259si\u201d gedi\u015fi idi:<\/p>\n<p>&#8211; Bununla Nikolun Az\u0259rbaycanla raz\u0131la\u015fmaqda ittiham etdiyi r\u0259qibl\u0259ri ona qar\u015f\u0131 eyni ittiham\u0131 ir\u0259li s\u00fcrm\u0259k imkan\u0131 qazand\u0131;<\/p>\n<p>&#8211; M\u00fcxalif\u0259t \u201cPa\u015finyan \u0130r\u0259vanda hakimiyy\u0259tini quranda, \u018fliyev Qaraba\u011fda g\u00fccl\u0259nirdi\u201d ittihamlar\u0131n\u0131 ir\u0259li s\u00fcrm\u0259y\u0259, onu Bak\u0131 il\u0259 gizli raz\u0131la\u015fmada g\u00fcnahland\u0131rma\u011fa ba\u015flad\u0131;<\/p>\n<p>&#8211; Erm\u0259nistan daxilind\u0259 siyasi qar\u015f\u0131durman\u0131n g\u00fccl\u0259n\u0259c\u0259yi, atmosferin daha da pisl\u0259\u015f\u0259c\u0259yi \u015f\u00fcbh\u0259sizdir v\u0259 bu, m\u00fcmk\u00fcn m\u00fcharib\u0259d\u0259 Az\u0259rbaycan\u0131n ist\u0259yin\u0259 uy\u011fun idi;<\/p>\n<p>M\u00fcharib\u0259 \u00fcst\u00fcnl\u00fcy\u00fc \u0259l\u0259 alma\u011f\u0131n yollar\u0131ndan biri d\u00fc\u015fm\u0259nin i\u00e7ind\u0259 inams\u0131zl\u0131q, qar\u0131\u015f\u0131ql\u0131q yaratmaqd\u0131r. Bak\u0131dan \u0130r\u0259vana at\u0131lan \u201cg\u00fcll\u0259\u201d h\u0259d\u0259f\u0259 d\u0259ymi\u015fdi.<\/p>\n<p><strong>\u0130kincisi,<\/strong>\u00a0beyn\u0259lxalq ictimaiyy\u0259t\u0259 sonuncu x\u0259b\u0259rdarl\u0131\u011f\u0131 etdi: Az\u0259rbaycan Prezidenti 2020-ci ilin 24 sentyabr\u0131nda BMT Ba\u015f Assambleyas\u0131nda sonuncu \u00e7\u0131x\u0131\u015f\u0131 zaman\u0131 BMT T\u0259hl\u00fck\u0259sizlik \u015euras\u0131n\u0131n q\u0259tnam\u0259l\u0259rinin icra edilm\u0259diyind\u0259n, Erm\u0259nistan\u0131n t\u0259xribatlar\u0131ndan, m\u00fclki \u0259halini h\u0259d\u0259f\u0259 almas\u0131ndan, silahlanmas\u0131ndan b\u0259hs etdi v\u0259 ba\u015f ver\u0259 bil\u0259c\u0259k h\u0259rbi toqqu\u015fman\u0131n m\u0259suliyy\u0259tinin Erm\u0259nistan\u0131n \u00fcz\u0259rin\u0259 d\u00fc\u015fd\u00fcy\u00fcn\u00fc bildirdi;<\/p>\n<p>Az\u0259rbaycan b\u00fct\u00fcn d\u00fcnyaya m\u00fcmk\u00fcn m\u00fcharib\u0259nin s\u0259b\u0259bkar\u0131n\u0131 v\u0259 s\u0259b\u0259bl\u0259rini g\u00f6st\u0259rmi\u015fdi.<\/p>\n<p>Bu x\u0259b\u0259rdarl\u0131qdan \u00fc\u00e7 g\u00fcn sonra Erm\u0259nistan Az\u0259rbaycan\u0131n m\u00fclki \u0259halisin\u0259 qar\u015f\u0131 terror h\u00fccumlar\u0131na geni\u015fmiqyasl\u0131 \u015f\u0259kild\u0259 start verdi. V\u0259 ill\u0259rdir m\u00fcq\u0259dd\u0259s g\u00fcn\u00fc yax\u0131nla\u015fmaq istiqam\u0259tind\u0259 f\u0259aliyy\u0259t g\u00f6st\u0259r\u0259n Ali Ba\u015f Komandan \u0130lham \u018fliyev Orduya \u0259ks-h\u00fccum \u0259mri verdi.<\/p>\n<p><strong>27 sentyabr: Az\u0259rbaycan\u0131n son 250 illik tarixind\u0259 m\u0259\u011flubiyy\u0259t sindromunun q\u0131r\u0131ld\u0131\u011f\u0131, 30 il sonra torpaqlar\u0131m\u0131zdak\u0131 i\u015f\u011fala son qoyuldu\u011fu m\u00fcq\u0259dd\u0259s g\u00fcn<\/strong>.<\/p>\n<p>Az\u0259rbaycan Ordusu d\u00fc\u015fm\u0259nin 4 il\u0259 i\u015f\u011fal etdiyi torpaqlar\u0131 c\u0259mi 44 g\u00fcn\u0259 azad etdi. C\u0259mi 44 g\u00fcn\u0259 Erm\u0259nistan darmada\u011f\u0131n edildi, 300-d\u0259n art\u0131q ya\u015fay\u0131\u015f m\u0259nt\u0259q\u0259si azad olundu, \u015eu\u015faya \u00fc\u00e7r\u0259ngli bayra\u011f\u0131m\u0131z sanc\u0131ld\u0131 v\u0259 i\u015f\u011fal\u00e7\u0131 \u00f6lk\u0259 kapitulyasiyaya m\u0259cbur oldu: i\u015f\u011fal alt\u0131ndak\u0131 \u0259razil\u0259rin dig\u0259r qismi \u2013 La\u00e7\u0131n, K\u0259lb\u0259c\u0259r, A\u011fdam bir g\u00fcll\u0259 at\u0131lmadan, bir \u015f\u0259hid verilm\u0259d\u0259n azad olundu.<\/p>\n<p>Bu Az\u0259rbaycan\u0131n tarixi Q\u0259l\u0259b\u0259si, milli oyan\u0131\u015f\u0131, m\u0259\u011flubiyy\u0259t sindromundn xilas\u0131 v\u0259 Erm\u0259nistan\u0131n i\u015f\u011fal d\u00f6vr\u00fcnd\u0259 uydurdu\u011fu mifl\u0259rinin darmada\u011f\u0131n edilm\u0259si idi. Az\u0259rbaycan\u0131n \u201cD\u0259mir Yumru\u011fu\u201d i\u015f\u011fal\u00e7\u0131n\u0131n ba\u015f\u0131na endirilmi\u015fdi.<\/p>\n<p>V\u0259 Ali Ba\u015f Komandan V\u0259t\u0259n m\u00fcharib\u0259sinin ild\u00f6n\u00fcm\u00fc \u0259r\u0259f\u0259sind\u0259 d\u00f6y\u00fc\u015f \u0259m\u0259liyyat\u0131n\u0131n niy\u0259 \u201cD\u0259mir Yumruq\u201d ad\u0131n\u0131n verilm\u0259sinin s\u0259b\u0259bini bel\u0259 izah edir.<\/p>\n<p>\u201cH\u0259rbi \u0259m\u0259liyyatlar\u0131n ba\u015flan\u011f\u0131c\u0131nda bizim \u0259m\u0259liyyat\u0131n he\u00e7 bir ad\u0131 yox idi. M\u0259n Az\u0259rbaycan xalq\u0131na m\u00fcraci\u0259tl\u0259rim zaman\u0131 azad edilmi\u015f \u015f\u0259h\u0259rl\u0259r v\u0259 k\u0259ndl\u0259r bar\u0259d\u0259 m\u0259lumat ver\u0259rk\u0259n bir ne\u00e7\u0259 d\u0259f\u0259 \u201cd\u0259mir yumruq\u201d ifad\u0259sind\u0259n istifad\u0259 etmi\u015f\u0259m. M\u0259n bu termind\u0259n bir ne\u00e7\u0259 d\u0259f\u0259 istifad\u0259 edir v\u0259 deyirdim ki, \u0259g\u0259r d\u00fc\u015fm\u0259n i\u015f\u011fal edilmi\u015f b\u00fct\u00fcn \u0259razil\u0259rd\u0259n xo\u015fluqla \u00e7\u0131x\u0131b getm\u0259s\u0259, bizim \u201cd\u0259mir yumruq\u201d onun ba\u015f\u0131n\u0131 \u0259z\u0259c\u0259k. Bu termin Az\u0259rbaycan c\u0259miyy\u0259ti t\u0259r\u0259find\u0259n q\u0259bul edildi v\u0259 sonra m\u0259n q\u0259rara ald\u0131m ki, h\u0259min termin, nec\u0259 dey\u0259rl\u0259r, formalla\u015fd\u0131r\u0131ls\u0131n v\u0259 \u0259m\u0259liyyat\u0131n ad\u0131 olsun. Lakin bir daha deyir\u0259m, bu, h\u0259rbi \u0259m\u0259liyyatlar\u0131n gedi\u015find\u0259 olub\u201d, &#8211; \u018fliyev bildirir.<\/p>\n<p>Az\u0259rbaycan art\u0131q \u0259razi b\u00fct\u00f6vl\u00fcy\u00fcn\u00fc b\u0259rpa edib, \u00fc\u00e7 onillikd\u0259n sonra b\u00f6y\u00fck z\u0259f\u0259rl\u0259 torpaqlar\u0131n\u0131 i\u015f\u011faldan azad edib v\u0259 post-m\u00fcnaqi\u015f\u0259 d\u00f6vr\u00fc il\u0259 ba\u011fl\u0131 geni\u015fmiqyasl\u0131 layih\u0259l\u0259r h\u0259yata ke\u00e7irir. Lakin Az\u0259rbaycan\u0131n \u201cD\u0259mir Yumru\u011fu\u201d h\u0259l\u0259 d\u0259 yerind\u0259dir v\u0259 \u00f6lk\u0259miz\u0259 qar\u015f\u0131 ist\u0259nil\u0259n t\u0259hdid\u0259 qar\u015f\u0131 yenid\u0259n i\u015f\u0259 d\u00fc\u015f\u0259 bil\u0259r.<\/p>\n","protected":false},"excerpt":{"rendered":"<p>2018-ci il, 26 iyun: Az\u0259rbaycan Silahl\u0131 Q\u00fcvv\u0259l\u0259r G\u00fcn\u00fc m\u00fcnasib\u0259til\u0259 Azadl\u0131q meydan\u0131nda h\u0259rbi parad ke\u00e7irilir. Paradda \u00e7\u0131x\u0131\u015f ed\u0259n Ali Ba\u015f Komandan, Prezident \u0130lham \u018fliyev b\u0259yan etdi: \u201cG\u00fcn g\u0259l\u0259c\u0259k v\u0259 bu g\u00fcn i\u015f\u011fal alt\u0131ndak\u0131 torpaqlar azad olunandan sonra orada qald\u0131r\u0131lacaq Az\u0259rbaycan bayra\u011f\u0131 Azadl\u0131q meydan\u0131na g\u0259tiril\u0259c\u0259k v\u0259 h\u0259rbi paradda g\u00f6st\u0259ril\u0259c\u0259k. Biz bu m\u00fcq\u0259dd\u0259s g\u00fcn\u00fc yax\u0131nla\u015fd\u0131rmal\u0131y\u0131q v\u0259 yax\u0131nla\u015fd\u0131r\u0131r\u0131q\u201d. Ali Ba\u015f Komandan\u0131n bu s\u00f6zl\u0259rind\u0259n c\u0259mi iki il sonra \u2013 27 sentyabr 2020-ci il tarixind\u0259 V\u0259t\u0259n m\u00fcharib\u0259si ba\u015fland\u0131 v\u0259 44 g\u00fcn davam ed\u0259n d\u00f6y\u00fc\u015fl\u0259r Az\u0259rbaycan\u0131n tam q\u0259l\u0259b\u0259si il\u0259 ba\u015fa \u00e7atd\u0131: \u015eu\u015fada ucald\u0131lan \u00fc\u00e7r\u0259ngli bayraq Azadl\u0131q meydan\u0131na&hellip;<\/p>\n","protected":false},"author":2,"featured_media":382891,"comment_status":"closed","ping_status":"closed","sticky":false,"template":"","format":"standard","meta":{"om_disable_all_campaigns":false,"_monsterinsights_skip_tracking":false,"_monsterinsights_sitenote_active":false,"_monsterinsights_sitenote_note":"","_monsterinsights_sitenote_category":0},"categories":[8],"tags":[],"aioseo_notices":[],"gutentor_comment":0,"rttpg_featured_image_url":{"full":["https:\/\/arantv.az\/wp-content\/uploads\/2021\/09\/demir-yumruq.jpg",800,450,false],"landscape":["https:\/\/arantv.az\/wp-content\/uploads\/2021\/09\/demir-yumruq.jpg",800,450,false],"portraits":["https:\/\/arantv.az\/wp-content\/uploads\/2021\/09\/demir-yumruq.jpg",800,450,false],"thumbnail":["https:\/\/arantv.az\/wp-content\/uploads\/2021\/09\/demir-yumruq-500x280.jpg",500,280,true],"medium":["https:\/\/arantv.az\/wp-content\/uploads\/2021\/09\/demir-yumruq-649x365.jpg",649,365,true],"large":["https:\/\/arantv.az\/wp-content\/uploads\/2021\/09\/demir-yumruq.jpg",640,360,false],"1536x1536":["https:\/\/arantv.az\/wp-content\/uploads\/2021\/09\/demir-yumruq.jpg",800,450,false],"2048x2048":["https:\/\/arantv.az\/wp-content\/uploads\/2021\/09\/demir-yumruq.jpg",800,450,false],"post-thumbnail":["https:\/\/arantv.az\/wp-content\/uploads\/2021\/09\/demir-yumruq-240x172.jpg",240,172,true],"advps-thumb-one":["https:\/\/arantv.az\/wp-content\/uploads\/2021\/09\/demir-yumruq.jpg",800,450,false]},"rttpg_author":{"display_name":"V\u00fcsal Rafiqo\u011flu","author_link":"https:\/\/arantv.az\/?author=2"},"rttpg_comment":0,"rttpg_category":"<a href=\"https:\/\/arantv.az\/?cat=8\" rel=\"category\">\u018fsas s\u0259hif\u0259<\/a>","rttpg_excerpt":"2018-ci il, 26 iyun: Az\u0259rbaycan Silahl\u0131 Q\u00fcvv\u0259l\u0259r G\u00fcn\u00fc m\u00fcnasib\u0259til\u0259 Azadl\u0131q meydan\u0131nda h\u0259rbi parad ke\u00e7irilir. Paradda \u00e7\u0131x\u0131\u015f ed\u0259n Ali Ba\u015f Komandan, Prezident \u0130lham \u018fliyev b\u0259yan etdi: \u201cG\u00fcn g\u0259l\u0259c\u0259k v\u0259 bu g\u00fcn i\u015f\u011fal alt\u0131ndak\u0131 torpaqlar azad olunandan sonra orada qald\u0131r\u0131lacaq Az\u0259rbaycan bayra\u011f\u0131 Azadl\u0131q meydan\u0131na g\u0259tiril\u0259c\u0259k v\u0259 h\u0259rbi paradda g\u00f6st\u0259ril\u0259c\u0259k. Biz bu m\u00fcq\u0259dd\u0259s g\u00fcn\u00fc yax\u0131nla\u015fd\u0131rmal\u0131y\u0131q v\u0259 yax\u0131nla\u015fd\u0131r\u0131r\u0131q\u201d. Ali&hellip;","_links":{"self":[{"href":"https:\/\/arantv.az\/index.php?rest_route=\/wp\/v2\/posts\/382890"}],"collection":[{"href":"https:\/\/arantv.az\/index.php?rest_route=\/wp\/v2\/posts"}],"about":[{"href":"https:\/\/arantv.az\/index.php?rest_route=\/wp\/v2\/types\/post"}],"author":[{"embeddable":true,"href":"https:\/\/arantv.az\/index.php?rest_route=\/wp\/v2\/users\/2"}],"replies":[{"embeddable":true,"href":"https:\/\/arantv.az\/index.php?rest_route=%2Fwp%2Fv2%2Fcomments&post=382890"}],"version-history":[{"count":0,"href":"https:\/\/arantv.az\/index.php?rest_route=\/wp\/v2\/posts\/382890\/revisions"}],"wp:featuredmedia":[{"embeddable":true,"href":"https:\/\/arantv.az\/index.php?rest_route=\/wp\/v2\/media\/382891"}],"wp:attachment":[{"href":"https:\/\/arantv.az\/index.php?rest_route=%2Fwp%2Fv2%2Fmedia&parent=382890"}],"wp:term":[{"taxonomy":"category","embeddable":true,"href":"https:\/\/arantv.az\/index.php?rest_route=%2Fwp%2Fv2%2Fcategories&post=382890"},{"taxonomy":"post_tag","embeddable":true,"href":"https:\/\/arantv.az\/index.php?rest_route=%2Fwp%2Fv2%2Ftags&post=382890"}],"curies":[{"name":"wp","href":"https:\/\/api.w.org\/{rel}","templated":true}]}}