{"id":382893,"date":"2021-09-27T08:24:02","date_gmt":"2021-09-27T05:24:02","guid":{"rendered":"http:\/\/arantv.az\/?p=382893"},"modified":"2021-09-27T08:24:02","modified_gmt":"2021-09-27T05:24:02","slug":"onda-bildim-ki-%c9%99liyev-sona-q%c9%99d%c9%99r-ged%c9%99c%c9%99k-hakan-kilic","status":"publish","type":"post","link":"https:\/\/arantv.az\/?p=382893","title":{"rendered":"Onda bildim ki, \u018fliyev sona q\u0259d\u0259r ged\u0259c\u0259k \u2013 Hakan K\u0131l\u0131\u00e7"},"content":{"rendered":"<p><strong>M\u00fcharib\u0259 x\u0259b\u0259rini e\u015fitdikd\u0259 onun 44 g\u00fcn \u00e7\u0259k\u0259c\u0259yini d\u00fc\u015f\u00fcnm\u00fcrd\u00fcm. Qar\u015f\u0131durman\u0131n status-kvonu d\u0259yi\u015fm\u0259d\u0259n, bir ne\u00e7\u0259 g\u00fcn v\u0259 ya bir ne\u00e7\u0259 h\u0259ft\u0259 davam ed\u0259c\u0259k bir s\u0259rh\u0259d m\u00fcnaqi\u015f\u0259si olaca\u011f\u0131n\u0131 d\u00fc\u015f\u00fcn\u00fcrd\u00fcm.<\/strong><\/p>\n<p><strong>ARANTV.AZ\u00a0 <\/strong>x\u0259b\u0259r verir ki, bu s\u00f6zl\u0259ri\u00a0<a href=\"http:\/\/axar.az\/\" target=\"_blank\" rel=\"noopener\">Axar.az<\/a>-a t\u00fcrk h\u0259rbi ekspert\u00a0<strong>Hakan K\u0131l\u0131\u00e7\u00a0<\/strong>44 g\u00fcnl\u00fck m\u00fcharib\u0259nin ild\u00f6n\u00fcm\u00fc haqda dan\u0131\u015fark\u0259n deyib.<\/p>\n<p>Ekspert Az\u0259rbaycan\u0131n bu q\u0259d\u0259r ir\u0259lil\u0259y\u0259r\u0259k \u015eu\u015fan\u0131 azad ed\u0259c\u0259yini g\u00f6zl\u0259m\u0259diyini etiraf edib: \u201cLakin m\u00fcharib\u0259nin ba\u015flamas\u0131ndan bir h\u0259ft\u0259 sonra r\u0259smi Bak\u0131n\u0131n n\u0259 q\u0259d\u0259r ciddi v\u0259 iddial\u0131 oldu\u011funu g\u00f6rd\u00fcm. O zaman say\u0131n \u0130lham \u018fliyevin sona q\u0259d\u0259r ged\u0259c\u0259yini v\u0259 planla\u015fd\u0131r\u0131lm\u0131\u015f bir m\u00fcharib\u0259 aparaca\u011f\u0131n\u0131 anlad\u0131m. Lakin Erm\u0259nistan t\u0259r\u0259finin bu q\u0259d\u0259r tez t\u0259slim olaca\u011f\u0131n\u0131 g\u00f6zl\u0259mirdim\u201d, \u2013 dey\u0259 ekspert bildirib.<\/p>\n","protected":false},"excerpt":{"rendered":"<p>M\u00fcharib\u0259 x\u0259b\u0259rini e\u015fitdikd\u0259 onun 44 g\u00fcn \u00e7\u0259k\u0259c\u0259yini d\u00fc\u015f\u00fcnm\u00fcrd\u00fcm. Qar\u015f\u0131durman\u0131n status-kvonu d\u0259yi\u015fm\u0259d\u0259n, bir ne\u00e7\u0259 g\u00fcn v\u0259 ya bir ne\u00e7\u0259 h\u0259ft\u0259 davam ed\u0259c\u0259k bir s\u0259rh\u0259d m\u00fcnaqi\u015f\u0259si olaca\u011f\u0131n\u0131 d\u00fc\u015f\u00fcn\u00fcrd\u00fcm. ARANTV.AZ\u00a0 x\u0259b\u0259r verir ki, bu s\u00f6zl\u0259ri\u00a0Axar.az-a t\u00fcrk h\u0259rbi ekspert\u00a0Hakan K\u0131l\u0131\u00e7\u00a044 g\u00fcnl\u00fck m\u00fcharib\u0259nin ild\u00f6n\u00fcm\u00fc haqda dan\u0131\u015fark\u0259n deyib. Ekspert Az\u0259rbaycan\u0131n bu q\u0259d\u0259r ir\u0259lil\u0259y\u0259r\u0259k \u015eu\u015fan\u0131 azad ed\u0259c\u0259yini g\u00f6zl\u0259m\u0259diyini etiraf edib: \u201cLakin m\u00fcharib\u0259nin ba\u015flamas\u0131ndan bir h\u0259ft\u0259 sonra r\u0259smi Bak\u0131n\u0131n n\u0259 q\u0259d\u0259r ciddi v\u0259 iddial\u0131 oldu\u011funu g\u00f6rd\u00fcm. O zaman say\u0131n \u0130lham \u018fliyevin sona q\u0259d\u0259r ged\u0259c\u0259yini v\u0259 planla\u015fd\u0131r\u0131lm\u0131\u015f bir m\u00fcharib\u0259 aparaca\u011f\u0131n\u0131 anlad\u0131m. Lakin Erm\u0259nistan t\u0259r\u0259finin bu q\u0259d\u0259r tez t\u0259slim olaca\u011f\u0131n\u0131&hellip;<\/p>\n","protected":false},"author":2,"featured_media":382894,"comment_status":"closed","ping_status":"closed","sticky":false,"template":"","format":"standard","meta":{"om_disable_all_campaigns":false,"_monsterinsights_skip_tracking":false,"_monsterinsights_sitenote_active":false,"_monsterinsights_sitenote_note":"","_monsterinsights_sitenote_category":0},"categories":[4],"tags":[],"aioseo_notices":[],"gutentor_comment":0,"rttpg_featured_image_url":{"full":["https:\/\/arantv.az\/wp-content\/uploads\/2021\/09\/prezident-herbi.jpg",800,450,false],"landscape":["https:\/\/arantv.az\/wp-content\/uploads\/2021\/09\/prezident-herbi.jpg",800,450,false],"portraits":["https:\/\/arantv.az\/wp-content\/uploads\/2021\/09\/prezident-herbi.jpg",800,450,false],"thumbnail":["https:\/\/arantv.az\/wp-content\/uploads\/2021\/09\/prezident-herbi-500x280.jpg",500,280,true],"medium":["https:\/\/arantv.az\/wp-content\/uploads\/2021\/09\/prezident-herbi-649x365.jpg",649,365,true],"large":["https:\/\/arantv.az\/wp-content\/uploads\/2021\/09\/prezident-herbi.jpg",640,360,false],"1536x1536":["https:\/\/arantv.az\/wp-content\/uploads\/2021\/09\/prezident-herbi.jpg",800,450,false],"2048x2048":["https:\/\/arantv.az\/wp-content\/uploads\/2021\/09\/prezident-herbi.jpg",800,450,false],"post-thumbnail":["https:\/\/arantv.az\/wp-content\/uploads\/2021\/09\/prezident-herbi-240x172.jpg",240,172,true],"advps-thumb-one":["https:\/\/arantv.az\/wp-content\/uploads\/2021\/09\/prezident-herbi.jpg",800,450,false]},"rttpg_author":{"display_name":"V\u00fcsal Rafiqo\u011flu","author_link":"https:\/\/arantv.az\/?author=2"},"rttpg_comment":0,"rttpg_category":"<a href=\"https:\/\/arantv.az\/?cat=4\" rel=\"category\">Siyas\u0259t<\/a>","rttpg_excerpt":"M\u00fcharib\u0259 x\u0259b\u0259rini e\u015fitdikd\u0259 onun 44 g\u00fcn \u00e7\u0259k\u0259c\u0259yini d\u00fc\u015f\u00fcnm\u00fcrd\u00fcm. Qar\u015f\u0131durman\u0131n status-kvonu d\u0259yi\u015fm\u0259d\u0259n, bir ne\u00e7\u0259 g\u00fcn v\u0259 ya bir ne\u00e7\u0259 h\u0259ft\u0259 davam ed\u0259c\u0259k bir s\u0259rh\u0259d m\u00fcnaqi\u015f\u0259si olaca\u011f\u0131n\u0131 d\u00fc\u015f\u00fcn\u00fcrd\u00fcm. ARANTV.AZ\u00a0 x\u0259b\u0259r verir ki, bu s\u00f6zl\u0259ri\u00a0Axar.az-a t\u00fcrk h\u0259rbi ekspert\u00a0Hakan K\u0131l\u0131\u00e7\u00a044 g\u00fcnl\u00fck m\u00fcharib\u0259nin ild\u00f6n\u00fcm\u00fc haqda dan\u0131\u015fark\u0259n deyib. Ekspert Az\u0259rbaycan\u0131n bu q\u0259d\u0259r ir\u0259lil\u0259y\u0259r\u0259k \u015eu\u015fan\u0131 azad ed\u0259c\u0259yini g\u00f6zl\u0259m\u0259diyini etiraf edib: \u201cLakin m\u00fcharib\u0259nin&hellip;","_links":{"self":[{"href":"https:\/\/arantv.az\/index.php?rest_route=\/wp\/v2\/posts\/382893"}],"collection":[{"href":"https:\/\/arantv.az\/index.php?rest_route=\/wp\/v2\/posts"}],"about":[{"href":"https:\/\/arantv.az\/index.php?rest_route=\/wp\/v2\/types\/post"}],"author":[{"embeddable":true,"href":"https:\/\/arantv.az\/index.php?rest_route=\/wp\/v2\/users\/2"}],"replies":[{"embeddable":true,"href":"https:\/\/arantv.az\/index.php?rest_route=%2Fwp%2Fv2%2Fcomments&post=382893"}],"version-history":[{"count":0,"href":"https:\/\/arantv.az\/index.php?rest_route=\/wp\/v2\/posts\/382893\/revisions"}],"wp:featuredmedia":[{"embeddable":true,"href":"https:\/\/arantv.az\/index.php?rest_route=\/wp\/v2\/media\/382894"}],"wp:attachment":[{"href":"https:\/\/arantv.az\/index.php?rest_route=%2Fwp%2Fv2%2Fmedia&parent=382893"}],"wp:term":[{"taxonomy":"category","embeddable":true,"href":"https:\/\/arantv.az\/index.php?rest_route=%2Fwp%2Fv2%2Fcategories&post=382893"},{"taxonomy":"post_tag","embeddable":true,"href":"https:\/\/arantv.az\/index.php?rest_route=%2Fwp%2Fv2%2Ftags&post=382893"}],"curies":[{"name":"wp","href":"https:\/\/api.w.org\/{rel}","templated":true}]}}