{"id":382896,"date":"2021-09-27T08:25:46","date_gmt":"2021-09-27T05:25:46","guid":{"rendered":"http:\/\/arantv.az\/?p=382896"},"modified":"2021-09-27T08:25:46","modified_gmt":"2021-09-27T05:25:46","slug":"v%c9%99t%c9%99n-muharib%c9%99sinin-baslanmasina-r%c9%99vac-ver%c9%99n-s%c9%99b%c9%99bl%c9%99r-t%c9%99hlil","status":"publish","type":"post","link":"https:\/\/arantv.az\/?p=382896","title":{"rendered":"V\u0259t\u0259n m\u00fcharib\u0259sinin ba\u015flanmas\u0131na r\u0259vac ver\u0259n s\u0259b\u0259bl\u0259r \u2013 T\u018fHL\u0130L"},"content":{"rendered":"<p>Az\u0259rbaycanla Erm\u0259nistan aras\u0131nda m\u00fcharib\u0259 niy\u0259 ba\u015flad\u0131 v\u0259 Bak\u0131 prosesd\u0259 q\u0259tiyy\u0259t s\u0259rgil\u0259m\u0259s\u0259ydi regional konfiqurasiyada h\u00f6km s\u00fcr\u0259n status-kvo hans\u0131 neqativ tendensiyalar\u0131n inki\u015faf\u0131na z\u0259min yaradard\u0131?<\/p>\n<p>\u0130ndi b\u0259zi dair\u0259l\u0259r Az\u0259rbaycana qar\u015f\u0131 h\u0259dyan dolu a\u00e7\u0131qlamalarla \u00e7\u0131x\u0131\u015f etm\u0259kl\u0259, k\u00f6hn\u0259, tarixin arxivind\u0259 ad kimi qalm\u0131\u015f inzibati \u0259razi vahidind\u0259ki hans\u0131sa etnik statusu (Da\u011fl\u0131q Qaraba\u011f) \u0259sas g\u0259tirib bundan Bak\u0131ya qar\u015f\u0131 t\u0259zyiq elementi kimi yararlanmaqdansa, yax\u015f\u0131 olar ki, d\u00fczg\u00fcn n\u0259tic\u0259 \u00e7\u0131xars\u0131nlar.<\/p>\n<p>\u00dcmumiyy\u0259tl\u0259 sual\u0131 bel\u0259 qoya bil\u0259rik: Bu m\u00fcharib\u0259 Az\u0259rbaycana v\u0259 regiona laz\u0131m idimi?<\/p>\n<div id=\"AdviadNativeVideo0\" class=\"AdviadNativeVideo\"><\/div>\n<p>Suala cavab verm\u0259zd\u0259n \u00f6nc\u0259 m\u00fcharib\u0259 \u015f\u0259raitini yeti\u015fdir\u0259n \u015f\u0259rtl\u0259r\u0259 n\u0259z\u0259r yetirm\u0259k laz\u0131md\u0131r.<\/p>\n<p>Erm\u0259nistan 1994-c\u00fc ilin may at\u0259\u015fk\u0259sind\u0259n sonra da \u00f6z ambisiya v\u0259 x\u0259yal qurdu\u011fu hans\u0131sa imperiya h\u0259d\u0259fl\u0259rind\u0259n \u0259l \u00e7\u0259km\u0259di, \u0259ksin\u0259, h\u0259r ke\u00e7\u0259n g\u00fcn \u00f6z\u00fcn\u00fcn aqressiyas\u0131n\u0131 g\u00fccl\u0259ndirdi.<\/p>\n<p>At\u0259\u015fk\u0259s d\u00f6vr\u00fcnd\u0259 Erm\u0259nistan c\u0259bh\u0259boyu v\u0259 d\u00f6vl\u0259t s\u0259rh\u0259dind\u0259 t\u0259xribatlar\u0131na ara vermirdi, beyn\u0259lxalq birliyin s\u00f6zd\u0259 Az\u0259rbaycan\u0131 d\u0259st\u0259kl\u0259s\u0259 d\u0259, arxada \u0130r\u0259vana arxa-dayaq durmas\u0131 is\u0259 Bak\u0131n\u0131 t\u0259kl\u0259nmi\u015f duruma sal\u0131rd\u0131.<\/p>\n<p>Bu period Az\u0259rbaycan xarici siyas\u0259tind\u0259n x\u00fcsusi h\u0259ssasl\u0131q v\u0259 balansla\u015fm\u0131\u015f strateji bax\u0131\u015f\u0131n s\u0259rgil\u0259nm\u0259sini t\u0259l\u0259b edirdi. Bak\u0131 bel\u0259 k\u00f6vr\u0259k b\u00fcn\u00f6vr\u0259 \u00fcz\u0259rind\u0259 el\u0259 h\u0259r\u0259k\u0259t etm\u0259li idi ki, dayaqlardan biri d\u0259 t\u0259rp\u0259nm\u0259sin.<\/p>\n<p>1994-c\u00fc ilin at\u0259\u015fk\u0259s sazi\u015finin (tarix\u0259 Bi\u015fkek protokolu ad\u0131 il\u0259 d\u00fc\u015f\u00fcb) imzalanandan sonra h\u0259min siyasi x\u0259ttin y\u00fcr\u00fcd\u00fclm\u0259sin\u0259 start verildi, o zamank\u0131 prezident Heyd\u0259r \u018fliyevin diplomatik d\u00fchas\u0131 il\u0259 Az\u0259rbaycan\u0131n t\u0259hl\u00fck\u0259sizliyin\u0259 beyn\u0259xalq qarantiyan\u0131n yaranmas\u0131 \u00fc\u00e7\u00fcn add\u0131mlar at\u0131ld\u0131. Qar\u015f\u0131da, el\u0259 h\u0259min il \u201c\u018fsrin m\u00fcqavil\u0259si\u201dnin imzalanmas\u0131 dururdu, beyn\u0259lxalq enerji v\u0259 neft \u015firk\u0259tl\u0259rinin investisiyas\u0131 il\u0259 Bak\u0131 toparlanma\u011fa ba\u015flad\u0131.<\/p>\n<p>Proses davaml\u0131 gedirdi, lakin paralel olaraq Erm\u0259nistan da h\u0259rbi d\u0259st\u0259k almaqda davam edirdi v\u0259 beyn\u0259lxalq platformada lobbinin h\u0259lledici d\u0259st\u0259yi il\u0259 diplomatik c\u0259bh\u0259 a\u00e7a bilmi\u015fdi. Dan\u0131\u015f\u0131qlarda is\u0259 Az\u0259rbaycana qar\u015f\u0131 \u015f\u0259rtl\u0259rin ir\u0259li s\u00fcr\u00fclm\u0259si, m\u0259s\u0259l\u0259nin Az\u0259rbaycan\u0131n \u0259razi b\u00fct\u00f6vl\u00fcy\u00fcn\u0259 t\u0259hdid formas\u0131nda qoyulu\u015fu h\u00f6km s\u00fcr\u00fcrd\u00fc, Bak\u0131 g\u00fcn ke\u00e7dikc\u0259 dan\u0131\u015f\u0131qlar\u0131n \u0259dal\u0259tli n\u0259tic\u0259y\u0259 g\u0259lm\u0259k yolunda m\u0259nas\u0131z oldu\u011funu d\u0259rk edirdi.<\/p>\n<p>B\u0259s Az\u0259rbaycan n\u0259 etdi? Bak\u0131 balansl\u0131 xarici siyas\u0259t yeritm\u0259kl\u0259 qlobal g\u00fccl\u0259rin toqqu\u015fan maraqlar\u0131nda bel\u0259 t\u0259r\u0259fl\u0259ri b\u0259rab\u0259rh\u00fcquqlu t\u0259r\u0259fda\u015f kimi n\u0259z\u0259rd\u0259n ke\u00e7irirdi.<\/p>\n<p>Bu, Bak\u0131ya f\u00f6vq\u0259lad\u0259 \u00fcst\u00fcnl\u00fck qazand\u0131r\u0131rd\u0131, lakin prosesin dayan\u0131ql\u0131l\u0131\u011f\u0131n\u0131 t\u0259min etm\u0259k \u00fc\u00e7\u00fcn \u0259lav\u0259 imkanlar i\u015f\u0259 sal\u0131n\u0131rd\u0131 ki, bunun da ba\u015f\u0131nda b\u00f6y\u00fck iqtisadi g\u00fcc toplamaq dayan\u0131rd\u0131.<\/p>\n<p>B\u0259li, bu zaman k\u0259siyind\u0259 Az\u0259rbaycan beyn\u0259lxalq v\u0259 regional layih\u0259l\u0259ri ba\u015flatd\u0131, \u00f6z\u00fcn\u0259 \u0259lav\u0259 d\u0259st\u0259k qazand\u0131, paralel olaraq iqtisadi imkanlardan \u0259ld\u0259 olunan g\u0259lirl\u0259rl\u0259 ordunun modernl\u0259\u015fdirilm\u0259sin\u0259 diqq\u0259t ay\u0131rd\u0131.<\/p>\n<p>Az\u0259rbaycanda m\u00fcharib\u0259 \u00fc\u00e7\u00fcn siyasi irad\u0259 m\u00f6vcud idi, lakin m\u00fcharib\u0259ni g\u00fccl\u00fc m\u00fctt\u0259fiqsiz t\u0259s\u0259vv\u00fcr etm\u0259k olmur, buna g\u00f6r\u0259, Bak\u0131 balansl\u0131 strateji x\u0259tti v\u0259 layih\u0259l\u0259rd\u0259 t\u0259\u015f\u0259bb\u00fcskarl\u0131\u011f\u0131 \u00f6n plana \u00e7\u0131xarmaqla \u00f6z\u00fcn\u0259 strateji partnyorlar qazan\u0131rd\u0131.<\/p>\n<p>Erm\u0259nistanda is\u0259 getdikc\u0259 iqtisadi b\u00f6hran d\u0259rinl\u0259\u015fir v\u0259 \u0130r\u0259van regional v\u0259 beyn\u0259lxalq layih\u0259l\u0259rd\u0259n k\u0259narda qal\u0131rd\u0131. Onun izolyasiyas\u0131 m\u0259hz Az\u0259rbaycan\u0131n apard\u0131\u011f\u0131 siyas\u0259t n\u0259tic\u0259sind\u0259 h\u0259r ke\u00e7\u0259n g\u00fcn g\u00fccl\u0259nirdi.<\/p>\n<p>Az\u0259rbaycan\u0131n h\u0259rbi g\u00fcc\u00fc art\u0131q i\u015f\u011fal\u00e7\u0131 inzibati vahidd\u0259 d\u0259yi\u015fikliyi lab\u00fcd edirdi, buna g\u00f6r\u0259 d\u0259, 2016-c\u0131 ilin aprel ay\u0131n\u0131n \u0259vv\u0259ll\u0259rind\u0259 at\u0259\u015fk\u0259s d\u00f6vr\u00fcn\u00fcn \u0259n irimiqyasl\u0131 h\u0259rbi toqqu\u015fmas\u0131 ba\u015f verdi, bu, Erm\u0259nistan\u0131n t\u0259xribatlar\u0131na qar\u015f\u0131 ilk bel\u0259 tutarl\u0131 v\u0259 effektiv z\u0259rb\u0259 idi.<\/p>\n<p><strong>Aprel d\u00f6y\u00fc\u015fl\u0259rinin \u0259h\u0259miyy\u0259ti:<\/strong><\/p>\n<p>1. 2000 hektardan \u00e7ox \u0259razi i\u015f\u011faldan t\u0259mizl\u0259ndi,<\/p>\n<p>2. M\u00f6vqel\u0259r yerd\u0259yi\u015fm\u0259si oldu, Az\u0259rbaycan ordusu, i\u015f\u011falda olan bir \u00e7ox \u0259raziy\u0259 \u201cgiri\u015f a\u00e7ar\u0131\u201dn\u0131 t\u0259min ed\u0259n m\u00fch\u00fcm strateji y\u00fcks\u0259klikl\u0259rd\u0259 m\u00f6vqel\u0259ndi,<\/p>\n<p>3. Beyn\u0259lxalq birliyin Qaraba\u011f m\u00fcnaqi\u015f\u0259sin\u0259 diqq\u0259ti artd\u0131,<\/p>\n<p>4. Aprel d\u00f6y\u00fc\u015fl\u0259ri Az\u0259rbaycan ordusunun arsenal\u0131nda olan m\u00fcasir silahlar\u0131n d\u00f6y\u00fc\u015f \u015f\u0259raitind\u0259 t\u0259tbiqi bax\u0131m\u0131ndan orduya \u0259lav\u0259 t\u0259cr\u00fcb\u0259l\u0259r qazand\u0131rd\u0131.<\/p>\n<p>Bununla bel\u0259, Erm\u0259nistan yenid\u0259n vaxt qazand\u0131, \u00f6z\u00fcn\u00fc birt\u0259h\u0259r toparlad\u0131, ard\u0131nca is\u0259 i\u015f\u011fal\u00e7\u0131 ruhunu bir daha qabar\u0131q biruz\u0259 verdi.<\/p>\n<p>Az\u0259rbaycan is\u0259 h\u0259l\u0259 d\u0259 \u0130r\u0259vandan d\u00fczg\u00fcn v\u0259 konstrutkiv m\u00f6vqe g\u00f6zl\u0259m\u0259kd\u0259 davam etdiyi bir zamanda ehtiyat\u0131 da \u0259ld\u0259n vermir v\u0259 h\u0259rbi q\u00fcdr\u0259tini art\u0131r\u0131rd\u0131.<\/p>\n<p>Aprel d\u00f6y\u00fc\u015fl\u0259rind\u0259n iki il sonra, 2018-ci ilin may\u0131nda Az\u0259rbaycan ordusu Nax\u00e7\u0131vanda da h\u0259rbi \u0259m\u0259liyyat ke\u00e7irdi v\u0259 11 min hektar \u0259razi v\u0259 \u015e\u0259rurun G\u00fcnn\u00fct k\u0259ndi i\u015f\u011faldan azad edildi.<\/p>\n<p>Erm\u0259nistanda is\u0259 h\u0259min zamanlar hakimiyy\u0259t davas\u0131 il\u0259 iqtidara yiy\u0259l\u0259n\u0259n Nikol Pa\u015finyana \u00f6z hakimiyy\u0259tini m\u00f6hk\u0259ml\u0259ndirm\u0259k v\u0259 m\u00f6vqel\u0259rini g\u00fccl\u0259ndirm\u0259k \u00fc\u00e7\u00fcn vaxt laz\u0131m idi.<\/p>\n<p>Ax\u0131 Erm\u0259nistanda ayd\u0131n d\u0259rk edirdil\u0259r ki, Az\u0259rbaycandan veril\u0259n siyasi b\u0259yanatlar\u0131n, Prezident \u0130lham \u018fliyevin x\u0259b\u0259rdarl\u0131qlar\u0131n\u0131n arxas\u0131nda b\u00f6y\u00fck h\u0259rbi q\u00fcdr\u0259t dayan\u0131r.<\/p>\n<p>Pa\u015finyan \u0259n\u0259n\u0259vi erm\u0259ni bicliyini i\u015f\u0259 sal\u0131r, 2018-ci ilin sentyabr\u0131n 28-d\u0259 D\u00fc\u015f\u0259nb\u0259d\u0259 MDB d\u00f6vl\u0259t ba\u015f\u00e7\u0131lar\u0131n\u0131n sammitind\u0259 \u0130lham \u018fliyevl\u0259 qeyri-formal t\u0259masa ke\u00e7ir v\u0259 ona minn\u0259t\u00e7i d\u00fc\u015f\u00fcr.<\/p>\n<p>\u0130lham \u018fliyev\u0259 m\u00fcnaqi\u015f\u0259nin h\u0259llin\u0259 dair yeni ideyalar\u0131n\u0131n oldu\u011funu, Erm\u0259nistanda b\u0259zi d\u0259yi\u015fiklikl\u0259r etm\u0259k, parlament se\u00e7kil\u0259rin\u0259 haz\u0131rla\u015fmaq v\u0259 sair i\u015fl\u0259r \u00fc\u00e7\u00fcn vaxt verm\u0259sini xahi\u015f edir.<\/p>\n<p>2018-2019-cu ill\u0259r t\u0259mas x\u0259ttind\u0259 nisbi sakitlik h\u00f6km s\u00fcr\u00fcr, at\u0259\u015fk\u0259sin pozulmas\u0131 hallar\u0131 azal\u0131r, ancaq s\u0259n dem\u0259 Pa\u015finyan daha b\u00f6y\u00fck v\u0259 t\u0259cav\u00fczkar t\u0259xribatlara haz\u0131rla\u015f\u0131rm\u0131\u015f.<\/p>\n<p>\u0130qtidarda yerini b\u0259rkid\u0259n Pa\u015finyan hakimiyy\u0259ti m\u00fcdafi\u0259 naziri David Tonoyan vasit\u0259sil\u0259 \u201cyeni \u0259razil\u0259r \u00fc\u00e7\u00fcn yeni m\u00fcharib\u0259\u201d doktrinas\u0131n\u0131 b\u0259yan edir, Pa\u015finyan \u00f6z\u00fc is\u0259 2019-cu ilin avqustunda Xank\u0259ndid\u0259 \u201cQaraba\u011f Erm\u0259nistand\u0131r v\u0259 n\u00f6qt\u0259\u201d dem\u0259kl\u0259 dan\u0131\u015f\u0131qlar prosesin\u0259 olan b\u00fct\u00fcn \u00fcmidl\u0259ri \u00f6ld\u00fcr\u00fcr v\u0259 bu zaman Az\u0259rbaycan b\u00fct\u00fcn g\u00fcc\u00fc il\u0259 h\u0259r\u0259k\u0259t\u0259 ke\u00e7ib m\u00fcharib\u0259y\u0259 haz\u0131rla\u015f\u0131r.<\/p>\n<p>Erm\u0259nistanda Az\u0259rbaycan ordusunun g\u00fccl\u0259ndiyi v\u0259 Erm\u0259nistan\u0131 gerid\u0259 qoydu\u011funa dair ayd\u0131n t\u0259s\u0259vv\u00fcrl\u0259r yaran\u0131r, buna g\u00f6r\u0259 diqq\u0259ti Qaraba\u011fdan ba\u015fqa bir s\u0259mt\u0259 y\u00f6n\u0259ldib t\u0259xribata ba\u015flay\u0131rlar.<\/p>\n<p>Tarix at\u0259\u015fk\u0259s d\u00f6vr\u00fcn\u00fcn ikinci b\u00f6y\u00fck d\u00f6y\u00fc\u015fl\u0259rin\u0259 \u015fahidlik edir, \u00a02020-ci ilin iyulunda d\u00f6vl\u0259t s\u0259rh\u0259dinin Tovuz rayonu istiqam\u0259tind\u0259 h\u0259rbi \u0259m\u0259liyyatlar ba\u015flay\u0131r v\u0259 Erm\u0259nistan geri oturdulur.<\/p>\n<p>Tovuz d\u00f6y\u00fc\u015fl\u0259ri diplomatik v\u0259 siyasi t\u0259maslarda q\u0131r\u0131lma n\u00f6qt\u0259si olur, art\u0131q Az\u0259rbaycan m\u00fcharib\u0259 \u00fc\u00e7\u00fcn q\u0259ti q\u0259rar verir, haz\u0131rl\u0131qlar g\u00f6r\u00fcl\u00fcr, c\u0259bh\u0259 k\u0259ndl\u0259rind\u0259 s\u0131\u011f\u0131nacaqlar qaz\u0131l\u0131r, h\u0259r ke\u00e7\u0259n g\u00fcn m\u00fcharib\u0259 ruhlu b\u0259yanatlar verilir, erm\u0259nil\u0259r is\u0259 t\u0259xribatlar\u0131na ara verm\u0259d\u0259n i\u015f\u011fal\u00e7\u0131l\u0131qlar\u0131 il\u0259 f\u0259xr ed\u0259r\u0259k hidd\u0259tl\u0259ndirici h\u0259r\u0259k\u0259tl\u0259r\u0259 imza at\u0131rlar.<\/p>\n<p>C\u0259bh\u0259 x\u0259ttin\u0259 q\u00fcvv\u0259 c\u0259ml\u0259yirl\u0259r, avqust ay\u0131nda Goranboy istiqam\u0259tind\u0259 diversiyaya c\u0259hd ed\u0259rk\u0259n erm\u0259ni h\u0259rb\u00e7il\u0259r yaxalan\u0131r.<\/p>\n<p>Prosesl\u0259r sentyabr\u0131n 27-d\u0259 Az\u0259rbaycan\u0131n beyn\u0259lxalq h\u00fcququn tan\u0131d\u0131\u011f\u0131 imkanlardan istifad\u0259 ed\u0259r\u0259k erm\u0259ni t\u0259xribatlar\u0131n\u0131n qar\u015f\u0131s\u0131n\u0131 almaq m\u0259qs\u0259dil\u0259 s\u00fcr\u0259tli \u0259ks-h\u00fccum \u0259m\u0259liyyatlar\u0131na start verm\u0259sin\u0259 g\u0259tirib \u00e7\u0131xar\u0131r, V\u0259t\u0259n m\u00fcharib\u0259si ba\u015flay\u0131r, 44 g\u00fcn \u0259rzind\u0259 Erm\u0259nistan diz \u00e7\u00f6kd\u00fcr\u00fcl\u00fcr.<\/p>\n<p>M\u00fcharib\u0259 biz\u0259 laz\u0131m idi, o dem\u0259k deyil ki, Az\u0259rbaycan m\u00fcharib\u0259 t\u0259r\u0259fdar\u0131d\u0131r, ancaq \u00f6z \u0259razi b\u00fct\u00f6vl\u00fcy\u00fcn\u00fcn t\u0259mini \u00fc\u00e7\u00fcn ba\u015fqa yol da qalm\u0131rd\u0131.<\/p>\n<p>\u018fg\u0259r bu m\u00fcharib\u0259 olmasayd\u0131, perspektiv neqativ tendensiyalara dair ssenaril\u0259ri g\u00f6z \u00f6n\u00fcn\u0259 g\u0259tirm\u0259yin \u00f6z\u00fc bel\u0259 t\u0259hl\u00fck\u0259lidir:<\/p>\n<p>1. M\u00fcharib\u0259 olmasayd\u0131, dan\u0131\u015f\u0131qlar uzanacaqd\u0131 v\u0259 getdikc\u0259 m\u0259nas\u0131zl\u0131q y\u00fck\u00fc \u00e7oxalacaqd\u0131,<\/p>\n<p>2. Erm\u0259nistan vaxt qazanaraq i\u015f\u011fal\u00e7\u0131 ambisiyalar\u0131n\u0131n miqyas\u0131n\u0131 geni\u015fl\u0259d\u0259c\u0259kdi,<\/p>\n<p>3. Regionda qon\u015fuluq m\u00fcnasib\u0259tl\u0259rind\u0259 g\u0259rginlik davam ed\u0259c\u0259kdi, regional layih\u0259l\u0259r\u0259 t\u0259hl\u00fck\u0259l\u0259r davam ed\u0259c\u0259kdi (Tovuz m\u00fcharib\u0259si bunu g\u00f6st\u0259rdi).<\/p>\n<p>Az\u0259rbaycan\u0131n m\u00fcharib\u0259d\u0259ki q\u0259l\u0259b\u0259si is\u0259 konfiqurasiyan\u0131 d\u0259yi\u015f\u0259r\u0259k yeni reall\u0131qlar yaratd\u0131, bu reall\u0131q \u0259m\u0259kda\u015fl\u0131q, iqtisadi-ticari m\u00fcnasib\u0259tl\u0259rin inki\u015faf\u0131n\u0131 \u015f\u0259rtl\u0259ndirir.<\/p>\n<p>M\u00fcharib\u0259ni \u015f\u0259rtl\u0259ndir\u0259n dig\u0259r amil qlobal g\u00fccl\u0259rl\u0259 ba\u011fl\u0131d\u0131r.<\/p>\n<p>1. Rusiya art\u0131q Nikol Pa\u015finyan\u0131n ikiba\u015fl\u0131 siyas\u0259tind\u0259n t\u0259ng\u0259 g\u0259lmi\u015fdi,<\/p>\n<p>2. T\u00fcrkiy\u0259 regional g\u00fcc kimi yeni corafiyaya giri\u015fi t\u0259min etm\u0259k ist\u0259yirdi,<\/p>\n<p>3. \u0130srail v\u0259 Britaniya Qaraba\u011fda layih\u0259 h\u0259yata ke\u00e7ir\u0259 bilmirdi, m\u00fcharib\u0259d\u0259ki q\u0259l\u0259b\u0259 is\u0259 onlara yeni f\u00fcrs\u0259tl\u0259r t\u0259qdim etdi.<\/p>\n<p>V\u0259t\u0259n m\u00fcharib\u0259si Az\u0259rbaycan xalq\u0131n\u0131n d\u00fc\u015f\u00fcnc\u0259l\u0259rind\u0259 v\u0259 milli heysiyyat\u0131nda d\u00f6n\u00fc\u015f n\u00f6qt\u0259si yaratd\u0131, pessimizm v\u0259 nisgil, g\u0259l\u0259c\u0259y\u0259 b\u00f6y\u00fck \u00fcmidl\u0259rl\u0259 \u0259v\u0259zl\u0259ndi, itirilmi\u015f q\u00fcrur is\u0259 b\u0259rpa edildi\u2026<\/p>\n","protected":false},"excerpt":{"rendered":"<p>Az\u0259rbaycanla Erm\u0259nistan aras\u0131nda m\u00fcharib\u0259 niy\u0259 ba\u015flad\u0131 v\u0259 Bak\u0131 prosesd\u0259 q\u0259tiyy\u0259t s\u0259rgil\u0259m\u0259s\u0259ydi regional konfiqurasiyada h\u00f6km s\u00fcr\u0259n status-kvo hans\u0131 neqativ tendensiyalar\u0131n inki\u015faf\u0131na z\u0259min yaradard\u0131? \u0130ndi b\u0259zi dair\u0259l\u0259r Az\u0259rbaycana qar\u015f\u0131 h\u0259dyan dolu a\u00e7\u0131qlamalarla \u00e7\u0131x\u0131\u015f etm\u0259kl\u0259, k\u00f6hn\u0259, tarixin arxivind\u0259 ad kimi qalm\u0131\u015f inzibati \u0259razi vahidind\u0259ki hans\u0131sa etnik statusu (Da\u011fl\u0131q Qaraba\u011f) \u0259sas g\u0259tirib bundan Bak\u0131ya qar\u015f\u0131 t\u0259zyiq elementi kimi yararlanmaqdansa, yax\u015f\u0131 olar ki, d\u00fczg\u00fcn n\u0259tic\u0259 \u00e7\u0131xars\u0131nlar. \u00dcmumiyy\u0259tl\u0259 sual\u0131 bel\u0259 qoya bil\u0259rik: Bu m\u00fcharib\u0259 Az\u0259rbaycana v\u0259 regiona laz\u0131m idimi? Suala cavab verm\u0259zd\u0259n \u00f6nc\u0259 m\u00fcharib\u0259 \u015f\u0259raitini yeti\u015fdir\u0259n \u015f\u0259rtl\u0259r\u0259 n\u0259z\u0259r yetirm\u0259k laz\u0131md\u0131r. Erm\u0259nistan 1994-c\u00fc ilin may at\u0259\u015fk\u0259sind\u0259n sonra&hellip;<\/p>\n","protected":false},"author":2,"featured_media":382897,"comment_status":"closed","ping_status":"closed","sticky":false,"template":"","format":"standard","meta":{"om_disable_all_campaigns":false,"_monsterinsights_skip_tracking":false,"_monsterinsights_sitenote_active":false,"_monsterinsights_sitenote_note":"","_monsterinsights_sitenote_category":0},"categories":[4],"tags":[],"aioseo_notices":[],"gutentor_comment":0,"rttpg_featured_image_url":{"full":["https:\/\/arantv.az\/wp-content\/uploads\/2021\/09\/IMG_0072.jpg",620,425,false],"landscape":["https:\/\/arantv.az\/wp-content\/uploads\/2021\/09\/IMG_0072.jpg",620,425,false],"portraits":["https:\/\/arantv.az\/wp-content\/uploads\/2021\/09\/IMG_0072.jpg",620,425,false],"thumbnail":["https:\/\/arantv.az\/wp-content\/uploads\/2021\/09\/IMG_0072-500x280.jpg",500,280,true],"medium":["https:\/\/arantv.az\/wp-content\/uploads\/2021\/09\/IMG_0072-532x365.jpg",532,365,true],"large":["https:\/\/arantv.az\/wp-content\/uploads\/2021\/09\/IMG_0072.jpg",620,425,false],"1536x1536":["https:\/\/arantv.az\/wp-content\/uploads\/2021\/09\/IMG_0072.jpg",620,425,false],"2048x2048":["https:\/\/arantv.az\/wp-content\/uploads\/2021\/09\/IMG_0072.jpg",620,425,false],"post-thumbnail":["https:\/\/arantv.az\/wp-content\/uploads\/2021\/09\/IMG_0072-240x172.jpg",240,172,true],"advps-thumb-one":["https:\/\/arantv.az\/wp-content\/uploads\/2021\/09\/IMG_0072.jpg",620,425,false]},"rttpg_author":{"display_name":"V\u00fcsal Rafiqo\u011flu","author_link":"https:\/\/arantv.az\/?author=2"},"rttpg_comment":0,"rttpg_category":"<a href=\"https:\/\/arantv.az\/?cat=4\" rel=\"category\">Siyas\u0259t<\/a>","rttpg_excerpt":"Az\u0259rbaycanla Erm\u0259nistan aras\u0131nda m\u00fcharib\u0259 niy\u0259 ba\u015flad\u0131 v\u0259 Bak\u0131 prosesd\u0259 q\u0259tiyy\u0259t s\u0259rgil\u0259m\u0259s\u0259ydi regional konfiqurasiyada h\u00f6km s\u00fcr\u0259n status-kvo hans\u0131 neqativ tendensiyalar\u0131n inki\u015faf\u0131na z\u0259min yaradard\u0131? \u0130ndi b\u0259zi dair\u0259l\u0259r Az\u0259rbaycana qar\u015f\u0131 h\u0259dyan dolu a\u00e7\u0131qlamalarla \u00e7\u0131x\u0131\u015f etm\u0259kl\u0259, k\u00f6hn\u0259, tarixin arxivind\u0259 ad kimi qalm\u0131\u015f inzibati \u0259razi vahidind\u0259ki hans\u0131sa etnik statusu (Da\u011fl\u0131q Qaraba\u011f) \u0259sas g\u0259tirib bundan Bak\u0131ya qar\u015f\u0131 t\u0259zyiq elementi kimi yararlanmaqdansa,&hellip;","_links":{"self":[{"href":"https:\/\/arantv.az\/index.php?rest_route=\/wp\/v2\/posts\/382896"}],"collection":[{"href":"https:\/\/arantv.az\/index.php?rest_route=\/wp\/v2\/posts"}],"about":[{"href":"https:\/\/arantv.az\/index.php?rest_route=\/wp\/v2\/types\/post"}],"author":[{"embeddable":true,"href":"https:\/\/arantv.az\/index.php?rest_route=\/wp\/v2\/users\/2"}],"replies":[{"embeddable":true,"href":"https:\/\/arantv.az\/index.php?rest_route=%2Fwp%2Fv2%2Fcomments&post=382896"}],"version-history":[{"count":0,"href":"https:\/\/arantv.az\/index.php?rest_route=\/wp\/v2\/posts\/382896\/revisions"}],"wp:featuredmedia":[{"embeddable":true,"href":"https:\/\/arantv.az\/index.php?rest_route=\/wp\/v2\/media\/382897"}],"wp:attachment":[{"href":"https:\/\/arantv.az\/index.php?rest_route=%2Fwp%2Fv2%2Fmedia&parent=382896"}],"wp:term":[{"taxonomy":"category","embeddable":true,"href":"https:\/\/arantv.az\/index.php?rest_route=%2Fwp%2Fv2%2Fcategories&post=382896"},{"taxonomy":"post_tag","embeddable":true,"href":"https:\/\/arantv.az\/index.php?rest_route=%2Fwp%2Fv2%2Ftags&post=382896"}],"curies":[{"name":"wp","href":"https:\/\/api.w.org\/{rel}","templated":true}]}}