{"id":382899,"date":"2021-09-27T08:44:22","date_gmt":"2021-09-27T05:44:22","guid":{"rendered":"http:\/\/arantv.az\/?p=382899"},"modified":"2021-09-27T08:44:22","modified_gmt":"2021-09-27T05:44:22","slug":"sentyabrin-27-d%c9%99-azad-olunan-%c9%99razil%c9%99r-siyahi","status":"publish","type":"post","link":"https:\/\/arantv.az\/?p=382899","title":{"rendered":"Sentyabr\u0131n 27-d\u0259 azad olunan \u0259razil\u0259r &#8211; S\u0130YAHI"},"content":{"rendered":"<p>Bir il \u0259vv\u0259l Az\u0259rbaycan Ordusu d\u00fc\u015fm\u0259n tapda\u011f\u0131nda olan torpaqlar\u0131m\u0131z\u0131n azad olunmas\u0131 \u00fc\u00e7\u00fcn \u0259ks-h\u00fccum \u0259m\u0259liyyatlar\u0131na ba\u015flad\u0131.<\/p>\n<p>H\u00fccum \u0259m\u0259liyyatlar\u0131n\u0131n ba\u015fland\u0131\u011f\u0131 ilk g\u00fcnd\u0259n M\u00fcz\u0259ff\u0259r Ordumuz bir ne\u00e7\u0259 ya\u015fay\u0131\u015f m\u0259nt\u0259q\u0259sini v\u0259 strateji y\u00fcks\u0259klikl\u0259ri azad etdi.<\/p>\n<p>Sentyabr\u0131n 27-d\u0259\u00a0azad olunan \u0259razil\u0259ri t\u0259qdim edirik:<\/p>\n<div id=\"AdviadNativeVideo0\" class=\"AdviadNativeVideo\"><\/div>\n<p>&#8211; F\u00fczuli rayonunun Qaraxanb\u0259yli, Q\u0259rv\u0259nd, K\u0259nd Horadiz, Yuxar\u0131 \u018fbd\u00fcrr\u0259hmanl\u0131 k\u0259ndl\u0259ri;<\/p>\n<p>&#8211; C\u0259bray\u0131l rayonunun B\u00f6y\u00fck M\u0259rcanl\u0131, N\u00fczgar k\u0259ndl\u0259ri;<\/p>\n<p>&#8211; A\u011fd\u0259r\u0259 v\u0259 Murovda\u011f istiqam\u0259tl\u0259rind\u0259ki y\u00fcks\u0259klikl\u0259r.<\/p>\n","protected":false},"excerpt":{"rendered":"<p>Bir il \u0259vv\u0259l Az\u0259rbaycan Ordusu d\u00fc\u015fm\u0259n tapda\u011f\u0131nda olan torpaqlar\u0131m\u0131z\u0131n azad olunmas\u0131 \u00fc\u00e7\u00fcn \u0259ks-h\u00fccum \u0259m\u0259liyyatlar\u0131na ba\u015flad\u0131. H\u00fccum \u0259m\u0259liyyatlar\u0131n\u0131n ba\u015fland\u0131\u011f\u0131 ilk g\u00fcnd\u0259n M\u00fcz\u0259ff\u0259r Ordumuz bir ne\u00e7\u0259 ya\u015fay\u0131\u015f m\u0259nt\u0259q\u0259sini v\u0259 strateji y\u00fcks\u0259klikl\u0259ri azad etdi. Sentyabr\u0131n 27-d\u0259\u00a0azad olunan \u0259razil\u0259ri t\u0259qdim edirik: &#8211; F\u00fczuli rayonunun Qaraxanb\u0259yli, Q\u0259rv\u0259nd, K\u0259nd Horadiz, Yuxar\u0131 \u018fbd\u00fcrr\u0259hmanl\u0131 k\u0259ndl\u0259ri; &#8211; C\u0259bray\u0131l rayonunun B\u00f6y\u00fck M\u0259rcanl\u0131, N\u00fczgar k\u0259ndl\u0259ri; &#8211; A\u011fd\u0259r\u0259 v\u0259 Murovda\u011f istiqam\u0259tl\u0259rind\u0259ki y\u00fcks\u0259klikl\u0259r.<\/p>\n","protected":false},"author":2,"featured_media":382901,"comment_status":"closed","ping_status":"closed","sticky":false,"template":"","format":"standard","meta":{"om_disable_all_campaigns":false,"_monsterinsights_skip_tracking":false,"_monsterinsights_sitenote_active":false,"_monsterinsights_sitenote_note":"","_monsterinsights_sitenote_category":0},"categories":[19],"tags":[],"aioseo_notices":[],"gutentor_comment":0,"rttpg_featured_image_url":{"full":["https:\/\/arantv.az\/wp-content\/uploads\/2021\/09\/14d9678b-6135-4552-9853-0be58928f093.jpg",620,400,false],"landscape":["https:\/\/arantv.az\/wp-content\/uploads\/2021\/09\/14d9678b-6135-4552-9853-0be58928f093.jpg",620,400,false],"portraits":["https:\/\/arantv.az\/wp-content\/uploads\/2021\/09\/14d9678b-6135-4552-9853-0be58928f093.jpg",620,400,false],"thumbnail":["https:\/\/arantv.az\/wp-content\/uploads\/2021\/09\/14d9678b-6135-4552-9853-0be58928f093-500x280.jpg",500,280,true],"medium":["https:\/\/arantv.az\/wp-content\/uploads\/2021\/09\/14d9678b-6135-4552-9853-0be58928f093-566x365.jpg",566,365,true],"large":["https:\/\/arantv.az\/wp-content\/uploads\/2021\/09\/14d9678b-6135-4552-9853-0be58928f093.jpg",620,400,false],"1536x1536":["https:\/\/arantv.az\/wp-content\/uploads\/2021\/09\/14d9678b-6135-4552-9853-0be58928f093.jpg",620,400,false],"2048x2048":["https:\/\/arantv.az\/wp-content\/uploads\/2021\/09\/14d9678b-6135-4552-9853-0be58928f093.jpg",620,400,false],"post-thumbnail":["https:\/\/arantv.az\/wp-content\/uploads\/2021\/09\/14d9678b-6135-4552-9853-0be58928f093-240x172.jpg",240,172,true],"advps-thumb-one":["https:\/\/arantv.az\/wp-content\/uploads\/2021\/09\/14d9678b-6135-4552-9853-0be58928f093.jpg",620,400,false]},"rttpg_author":{"display_name":"V\u00fcsal Rafiqo\u011flu","author_link":"https:\/\/arantv.az\/?author=2"},"rttpg_comment":0,"rttpg_category":"<a href=\"https:\/\/arantv.az\/?cat=19\" rel=\"category\">G\u00fcnd\u0259m<\/a>","rttpg_excerpt":"Bir il \u0259vv\u0259l Az\u0259rbaycan Ordusu d\u00fc\u015fm\u0259n tapda\u011f\u0131nda olan torpaqlar\u0131m\u0131z\u0131n azad olunmas\u0131 \u00fc\u00e7\u00fcn \u0259ks-h\u00fccum \u0259m\u0259liyyatlar\u0131na ba\u015flad\u0131. H\u00fccum \u0259m\u0259liyyatlar\u0131n\u0131n ba\u015fland\u0131\u011f\u0131 ilk g\u00fcnd\u0259n M\u00fcz\u0259ff\u0259r Ordumuz bir ne\u00e7\u0259 ya\u015fay\u0131\u015f m\u0259nt\u0259q\u0259sini v\u0259 strateji y\u00fcks\u0259klikl\u0259ri azad etdi. Sentyabr\u0131n 27-d\u0259\u00a0azad olunan \u0259razil\u0259ri t\u0259qdim edirik: &#8211; F\u00fczuli rayonunun Qaraxanb\u0259yli, Q\u0259rv\u0259nd, K\u0259nd Horadiz, Yuxar\u0131 \u018fbd\u00fcrr\u0259hmanl\u0131 k\u0259ndl\u0259ri; &#8211; C\u0259bray\u0131l rayonunun B\u00f6y\u00fck M\u0259rcanl\u0131, N\u00fczgar k\u0259ndl\u0259ri; &#8211;&hellip;","_links":{"self":[{"href":"https:\/\/arantv.az\/index.php?rest_route=\/wp\/v2\/posts\/382899"}],"collection":[{"href":"https:\/\/arantv.az\/index.php?rest_route=\/wp\/v2\/posts"}],"about":[{"href":"https:\/\/arantv.az\/index.php?rest_route=\/wp\/v2\/types\/post"}],"author":[{"embeddable":true,"href":"https:\/\/arantv.az\/index.php?rest_route=\/wp\/v2\/users\/2"}],"replies":[{"embeddable":true,"href":"https:\/\/arantv.az\/index.php?rest_route=%2Fwp%2Fv2%2Fcomments&post=382899"}],"version-history":[{"count":0,"href":"https:\/\/arantv.az\/index.php?rest_route=\/wp\/v2\/posts\/382899\/revisions"}],"wp:featuredmedia":[{"embeddable":true,"href":"https:\/\/arantv.az\/index.php?rest_route=\/wp\/v2\/media\/382901"}],"wp:attachment":[{"href":"https:\/\/arantv.az\/index.php?rest_route=%2Fwp%2Fv2%2Fmedia&parent=382899"}],"wp:term":[{"taxonomy":"category","embeddable":true,"href":"https:\/\/arantv.az\/index.php?rest_route=%2Fwp%2Fv2%2Fcategories&post=382899"},{"taxonomy":"post_tag","embeddable":true,"href":"https:\/\/arantv.az\/index.php?rest_route=%2Fwp%2Fv2%2Ftags&post=382899"}],"curies":[{"name":"wp","href":"https:\/\/api.w.org\/{rel}","templated":true}]}}