{"id":382903,"date":"2021-09-27T08:45:26","date_gmt":"2021-09-27T05:45:26","guid":{"rendered":"http:\/\/arantv.az\/?p=382903"},"modified":"2021-09-27T08:45:26","modified_gmt":"2021-09-27T05:45:26","slug":"az%c9%99rbaycanda-professor-v%c9%99fat-etdi","status":"publish","type":"post","link":"https:\/\/arantv.az\/?p=382903","title":{"rendered":"Az\u0259rbaycanda professor v\u0259fat etdi"},"content":{"rendered":"<p>Az\u0259rbaycanda tan\u0131nm\u0131\u015f professor v\u0259fat edib.<\/p>\n<p><strong>ARANTV.AZ<\/strong>-\u0131n m\u0259lumat\u0131na g\u00f6r\u0259, Az\u0259rbaycan D\u00f6vl\u0259t Pedaqoji Universitetinin kafedra m\u00fcdiri, D\u00f6vl\u0259t Dil Komissiyas\u0131n\u0131n \u00fczv\u00fc, professor Buludxan X\u0259lilov \u00f6t\u0259n gec\u0259 d\u00fcnyas\u0131n\u0131 d\u0259yi\u015fib.<\/p>\n<div id=\"AdviadNativeVideo0\" class=\"AdviadNativeVideo\"><\/div>\n<p>O, uzun m\u00fcdd\u0259t onkoloji x\u0259st\u0259likd\u0259n \u0259ziyy\u0259t \u00e7\u0259kib.<\/p>\n<p>Qeyd ed\u0259k ki, X\u0259lilov Buludxan \u018fziz o\u011flu 1966-c\u0131 il iyulun 25-d\u0259 Q\u0259rbi Az\u0259rbaycanda Amasiya rayonunun Ell\u0259rk\u0259nd k\u0259ndind\u0259 anadan olub. Publisist, dil\u015f\u00fcnas, 2001-ci ild\u0259n Az\u0259rbaycan Yaz\u0131\u00e7\u0131lar Birliyinin \u00fczv\u00fcd\u00fcr.<\/p>\n","protected":false},"excerpt":{"rendered":"<p>Az\u0259rbaycanda tan\u0131nm\u0131\u015f professor v\u0259fat edib. ARANTV.AZ-\u0131n m\u0259lumat\u0131na g\u00f6r\u0259, Az\u0259rbaycan D\u00f6vl\u0259t Pedaqoji Universitetinin kafedra m\u00fcdiri, D\u00f6vl\u0259t Dil Komissiyas\u0131n\u0131n \u00fczv\u00fc, professor Buludxan X\u0259lilov \u00f6t\u0259n gec\u0259 d\u00fcnyas\u0131n\u0131 d\u0259yi\u015fib. O, uzun m\u00fcdd\u0259t onkoloji x\u0259st\u0259likd\u0259n \u0259ziyy\u0259t \u00e7\u0259kib. Qeyd ed\u0259k ki, X\u0259lilov Buludxan \u018fziz o\u011flu 1966-c\u0131 il iyulun 25-d\u0259 Q\u0259rbi Az\u0259rbaycanda Amasiya rayonunun Ell\u0259rk\u0259nd k\u0259ndind\u0259 anadan olub. Publisist, dil\u015f\u00fcnas, 2001-ci ild\u0259n Az\u0259rbaycan Yaz\u0131\u00e7\u0131lar Birliyinin \u00fczv\u00fcd\u00fcr.<\/p>\n","protected":false},"author":2,"featured_media":382904,"comment_status":"closed","ping_status":"closed","sticky":false,"template":"","format":"standard","meta":{"om_disable_all_campaigns":false,"_monsterinsights_skip_tracking":false,"_monsterinsights_sitenote_active":false,"_monsterinsights_sitenote_note":"","_monsterinsights_sitenote_category":0},"categories":[5],"tags":[],"aioseo_notices":[],"gutentor_comment":0,"rttpg_featured_image_url":{"full":["https:\/\/arantv.az\/wp-content\/uploads\/2021\/09\/FotoJet-2021-09-24T223810.455.jpg",620,413,false],"landscape":["https:\/\/arantv.az\/wp-content\/uploads\/2021\/09\/FotoJet-2021-09-24T223810.455.jpg",620,413,false],"portraits":["https:\/\/arantv.az\/wp-content\/uploads\/2021\/09\/FotoJet-2021-09-24T223810.455.jpg",620,413,false],"thumbnail":["https:\/\/arantv.az\/wp-content\/uploads\/2021\/09\/FotoJet-2021-09-24T223810.455-500x280.jpg",500,280,true],"medium":["https:\/\/arantv.az\/wp-content\/uploads\/2021\/09\/FotoJet-2021-09-24T223810.455-548x365.jpg",548,365,true],"large":["https:\/\/arantv.az\/wp-content\/uploads\/2021\/09\/FotoJet-2021-09-24T223810.455.jpg",620,413,false],"1536x1536":["https:\/\/arantv.az\/wp-content\/uploads\/2021\/09\/FotoJet-2021-09-24T223810.455.jpg",620,413,false],"2048x2048":["https:\/\/arantv.az\/wp-content\/uploads\/2021\/09\/FotoJet-2021-09-24T223810.455.jpg",620,413,false],"post-thumbnail":["https:\/\/arantv.az\/wp-content\/uploads\/2021\/09\/FotoJet-2021-09-24T223810.455-240x172.jpg",240,172,true],"advps-thumb-one":["https:\/\/arantv.az\/wp-content\/uploads\/2021\/09\/FotoJet-2021-09-24T223810.455.jpg",620,413,false]},"rttpg_author":{"display_name":"V\u00fcsal Rafiqo\u011flu","author_link":"https:\/\/arantv.az\/?author=2"},"rttpg_comment":0,"rttpg_category":"<a href=\"https:\/\/arantv.az\/?cat=5\" rel=\"category\">Hadis\u0259<\/a>","rttpg_excerpt":"Az\u0259rbaycanda tan\u0131nm\u0131\u015f professor v\u0259fat edib. ARANTV.AZ-\u0131n m\u0259lumat\u0131na g\u00f6r\u0259, Az\u0259rbaycan D\u00f6vl\u0259t Pedaqoji Universitetinin kafedra m\u00fcdiri, D\u00f6vl\u0259t Dil Komissiyas\u0131n\u0131n \u00fczv\u00fc, professor Buludxan X\u0259lilov \u00f6t\u0259n gec\u0259 d\u00fcnyas\u0131n\u0131 d\u0259yi\u015fib. O, uzun m\u00fcdd\u0259t onkoloji x\u0259st\u0259likd\u0259n \u0259ziyy\u0259t \u00e7\u0259kib. Qeyd ed\u0259k ki, X\u0259lilov Buludxan \u018fziz o\u011flu 1966-c\u0131 il iyulun 25-d\u0259 Q\u0259rbi Az\u0259rbaycanda Amasiya rayonunun Ell\u0259rk\u0259nd k\u0259ndind\u0259 anadan olub. Publisist, dil\u015f\u00fcnas, 2001-ci ild\u0259n&hellip;","_links":{"self":[{"href":"https:\/\/arantv.az\/index.php?rest_route=\/wp\/v2\/posts\/382903"}],"collection":[{"href":"https:\/\/arantv.az\/index.php?rest_route=\/wp\/v2\/posts"}],"about":[{"href":"https:\/\/arantv.az\/index.php?rest_route=\/wp\/v2\/types\/post"}],"author":[{"embeddable":true,"href":"https:\/\/arantv.az\/index.php?rest_route=\/wp\/v2\/users\/2"}],"replies":[{"embeddable":true,"href":"https:\/\/arantv.az\/index.php?rest_route=%2Fwp%2Fv2%2Fcomments&post=382903"}],"version-history":[{"count":0,"href":"https:\/\/arantv.az\/index.php?rest_route=\/wp\/v2\/posts\/382903\/revisions"}],"wp:featuredmedia":[{"embeddable":true,"href":"https:\/\/arantv.az\/index.php?rest_route=\/wp\/v2\/media\/382904"}],"wp:attachment":[{"href":"https:\/\/arantv.az\/index.php?rest_route=%2Fwp%2Fv2%2Fmedia&parent=382903"}],"wp:term":[{"taxonomy":"category","embeddable":true,"href":"https:\/\/arantv.az\/index.php?rest_route=%2Fwp%2Fv2%2Fcategories&post=382903"},{"taxonomy":"post_tag","embeddable":true,"href":"https:\/\/arantv.az\/index.php?rest_route=%2Fwp%2Fv2%2Ftags&post=382903"}],"curies":[{"name":"wp","href":"https:\/\/api.w.org\/{rel}","templated":true}]}}