{"id":382909,"date":"2021-09-27T08:48:52","date_gmt":"2021-09-27T05:48:52","guid":{"rendered":"http:\/\/arantv.az\/?p=382909"},"modified":"2021-09-27T08:48:52","modified_gmt":"2021-09-27T05:48:52","slug":"v%c9%99t%c9%99n-muharib%c9%99sind%c9%99ki-q%c9%99l%c9%99b%c9%99-q%c9%99hr%c9%99man-s%c9%99hidl%c9%99rimizin-qani-bahasina-%c9%99ld%c9%99-olundu-qmi-s%c9%99dri","status":"publish","type":"post","link":"https:\/\/arantv.az\/?p=382909","title":{"rendered":"V\u0259t\u0259n m\u00fcharib\u0259sind\u0259ki q\u0259l\u0259b\u0259 q\u0259hr\u0259man \u015f\u0259hidl\u0259rimizin qan\u0131 bahas\u0131na \u0259ld\u0259 olundu &#8211; QM\u0130 s\u0259dri"},"content":{"rendered":"<p><strong>30 illik h\u0259sr\u0259td\u0259n sonra M\u00fcz\u0259ff\u0259r Ali Ba\u015f Komandan \u0130lham \u018fliyevin r\u0259hb\u0259rliyi il\u0259 \u015fanl\u0131 Az\u0259rbaycan Ordusu torpaqlar\u0131m\u0131z\u0131 d\u00fc\u015fm\u0259nd\u0259n azad etdi.<\/strong><\/p>\n<p><strong>ARANTV.AZ\u00a0<\/strong> <a href=\"https:\/\/az.trend.az\/\" target=\"_blank\" rel=\"noopener\">Trend<\/a>-\u0259 istinad\u0259n bildirir ki,\u00a0bunu T\u0259z\u0259pir m\u0259scidind\u0259 ke\u00e7iril\u0259n An\u0131m G\u00fcn\u00fc t\u0259dbirl\u0259rind\u0259 Qafqaz M\u00fcs\u0259lmanlar\u0131 \u0130dar\u0259sinin s\u0259dri, \u015feyx\u00fclislam Allah\u015f\u00fck\u00fcr Pa\u015fazad\u0259 deyib.<\/p>\n<p>A.Pa\u015fazad\u0259 bu tarixi q\u0259l\u0259b\u0259 q\u0259hr\u0259man \u015f\u0259hidl\u0259rimizin qan\u0131 bahas\u0131na \u0259ld\u0259 olundu: &#8220;Az\u0259rbaycan xalq\u0131 daim \u015f\u0259hidl\u0259rin xatir\u0259sini \u0259ziz v\u0259 uca tutur. Biz d\u0259 bu g\u00fcn \u015f\u0259hidl\u0259rimizin xatir\u0259sini and\u0131q, onlar\u0131n ruhuna dualar oxuduq&#8221;.<\/p>\n<p>QM\u0130 s\u0259dri bildirib ki, bu tarix h\u0259r bir az\u0259rbaycanl\u0131n\u0131n \u015f\u0259r\u0259f, q\u00fcrur g\u00fcn\u00fcd\u00fcr: &#8220;Az\u0259rbaycan xalq\u0131 2020-ci il 27 sentyabrda ill\u0259rl\u0259 i\u015f\u011falda olan torpaqlar\u0131n\u0131 azad etm\u0259k, sahib \u00e7\u0131xmaq \u00fc\u00e7\u00fcn haqq m\u00fcbariz\u0259sin\u0259 ba\u015flad\u0131. Az\u0259rbaycan v\u0259t\u0259nda\u015flar\u0131 dinind\u0259n as\u0131l\u0131 olmayaraq canlar\u0131n\u0131 f\u0259da etdil\u0259r, bu g\u00fcn onlar\u0131 r\u0259hm\u0259t dualar\u0131 il\u0259 yad edirik, ail\u0259l\u0259rin\u0259, do\u011fmalar\u0131na ba\u015fsa\u011fl\u0131\u011f\u0131 veririk, qazil\u0259r\u0259 \u015f\u0259fa dil\u0259yirik&#8221;.<\/p>\n","protected":false},"excerpt":{"rendered":"<p>30 illik h\u0259sr\u0259td\u0259n sonra M\u00fcz\u0259ff\u0259r Ali Ba\u015f Komandan \u0130lham \u018fliyevin r\u0259hb\u0259rliyi il\u0259 \u015fanl\u0131 Az\u0259rbaycan Ordusu torpaqlar\u0131m\u0131z\u0131 d\u00fc\u015fm\u0259nd\u0259n azad etdi. ARANTV.AZ\u00a0 Trend-\u0259 istinad\u0259n bildirir ki,\u00a0bunu T\u0259z\u0259pir m\u0259scidind\u0259 ke\u00e7iril\u0259n An\u0131m G\u00fcn\u00fc t\u0259dbirl\u0259rind\u0259 Qafqaz M\u00fcs\u0259lmanlar\u0131 \u0130dar\u0259sinin s\u0259dri, \u015feyx\u00fclislam Allah\u015f\u00fck\u00fcr Pa\u015fazad\u0259 deyib. A.Pa\u015fazad\u0259 bu tarixi q\u0259l\u0259b\u0259 q\u0259hr\u0259man \u015f\u0259hidl\u0259rimizin qan\u0131 bahas\u0131na \u0259ld\u0259 olundu: &#8220;Az\u0259rbaycan xalq\u0131 daim \u015f\u0259hidl\u0259rin xatir\u0259sini \u0259ziz v\u0259 uca tutur. Biz d\u0259 bu g\u00fcn \u015f\u0259hidl\u0259rimizin xatir\u0259sini and\u0131q, onlar\u0131n ruhuna dualar oxuduq&#8221;. QM\u0130 s\u0259dri bildirib ki, bu tarix h\u0259r bir az\u0259rbaycanl\u0131n\u0131n \u015f\u0259r\u0259f, q\u00fcrur g\u00fcn\u00fcd\u00fcr: &#8220;Az\u0259rbaycan xalq\u0131 2020-ci il 27 sentyabrda ill\u0259rl\u0259 i\u015f\u011falda olan torpaqlar\u0131n\u0131&hellip;<\/p>\n","protected":false},"author":2,"featured_media":382910,"comment_status":"closed","ping_status":"closed","sticky":false,"template":"","format":"standard","meta":{"om_disable_all_campaigns":false,"_monsterinsights_skip_tracking":false,"_monsterinsights_sitenote_active":false,"_monsterinsights_sitenote_note":"","_monsterinsights_sitenote_category":0},"categories":[26],"tags":[],"aioseo_notices":[],"gutentor_comment":0,"rttpg_featured_image_url":{"full":["https:\/\/arantv.az\/wp-content\/uploads\/2021\/09\/982862.jpg",800,600,false],"landscape":["https:\/\/arantv.az\/wp-content\/uploads\/2021\/09\/982862.jpg",800,600,false],"portraits":["https:\/\/arantv.az\/wp-content\/uploads\/2021\/09\/982862.jpg",800,600,false],"thumbnail":["https:\/\/arantv.az\/wp-content\/uploads\/2021\/09\/982862-500x280.jpg",500,280,true],"medium":["https:\/\/arantv.az\/wp-content\/uploads\/2021\/09\/982862-487x365.jpg",487,365,true],"large":["https:\/\/arantv.az\/wp-content\/uploads\/2021\/09\/982862.jpg",640,480,false],"1536x1536":["https:\/\/arantv.az\/wp-content\/uploads\/2021\/09\/982862.jpg",800,600,false],"2048x2048":["https:\/\/arantv.az\/wp-content\/uploads\/2021\/09\/982862.jpg",800,600,false],"post-thumbnail":["https:\/\/arantv.az\/wp-content\/uploads\/2021\/09\/982862-240x172.jpg",240,172,true],"advps-thumb-one":["https:\/\/arantv.az\/wp-content\/uploads\/2021\/09\/982862.jpg",800,600,false]},"rttpg_author":{"display_name":"V\u00fcsal Rafiqo\u011flu","author_link":"https:\/\/arantv.az\/?author=2"},"rttpg_comment":0,"rttpg_category":"<a href=\"https:\/\/arantv.az\/?cat=26\" rel=\"category\">Sosial<\/a>","rttpg_excerpt":"30 illik h\u0259sr\u0259td\u0259n sonra M\u00fcz\u0259ff\u0259r Ali Ba\u015f Komandan \u0130lham \u018fliyevin r\u0259hb\u0259rliyi il\u0259 \u015fanl\u0131 Az\u0259rbaycan Ordusu torpaqlar\u0131m\u0131z\u0131 d\u00fc\u015fm\u0259nd\u0259n azad etdi. ARANTV.AZ\u00a0 Trend-\u0259 istinad\u0259n bildirir ki,\u00a0bunu T\u0259z\u0259pir m\u0259scidind\u0259 ke\u00e7iril\u0259n An\u0131m G\u00fcn\u00fc t\u0259dbirl\u0259rind\u0259 Qafqaz M\u00fcs\u0259lmanlar\u0131 \u0130dar\u0259sinin s\u0259dri, \u015feyx\u00fclislam Allah\u015f\u00fck\u00fcr Pa\u015fazad\u0259 deyib. A.Pa\u015fazad\u0259 bu tarixi q\u0259l\u0259b\u0259 q\u0259hr\u0259man \u015f\u0259hidl\u0259rimizin qan\u0131 bahas\u0131na \u0259ld\u0259 olundu: &#8220;Az\u0259rbaycan xalq\u0131 daim \u015f\u0259hidl\u0259rin xatir\u0259sini \u0259ziz v\u0259&hellip;","_links":{"self":[{"href":"https:\/\/arantv.az\/index.php?rest_route=\/wp\/v2\/posts\/382909"}],"collection":[{"href":"https:\/\/arantv.az\/index.php?rest_route=\/wp\/v2\/posts"}],"about":[{"href":"https:\/\/arantv.az\/index.php?rest_route=\/wp\/v2\/types\/post"}],"author":[{"embeddable":true,"href":"https:\/\/arantv.az\/index.php?rest_route=\/wp\/v2\/users\/2"}],"replies":[{"embeddable":true,"href":"https:\/\/arantv.az\/index.php?rest_route=%2Fwp%2Fv2%2Fcomments&post=382909"}],"version-history":[{"count":0,"href":"https:\/\/arantv.az\/index.php?rest_route=\/wp\/v2\/posts\/382909\/revisions"}],"wp:featuredmedia":[{"embeddable":true,"href":"https:\/\/arantv.az\/index.php?rest_route=\/wp\/v2\/media\/382910"}],"wp:attachment":[{"href":"https:\/\/arantv.az\/index.php?rest_route=%2Fwp%2Fv2%2Fmedia&parent=382909"}],"wp:term":[{"taxonomy":"category","embeddable":true,"href":"https:\/\/arantv.az\/index.php?rest_route=%2Fwp%2Fv2%2Fcategories&post=382909"},{"taxonomy":"post_tag","embeddable":true,"href":"https:\/\/arantv.az\/index.php?rest_route=%2Fwp%2Fv2%2Ftags&post=382909"}],"curies":[{"name":"wp","href":"https:\/\/api.w.org\/{rel}","templated":true}]}}