{"id":382915,"date":"2021-09-27T08:50:30","date_gmt":"2021-09-27T05:50:30","guid":{"rendered":"http:\/\/arantv.az\/?p=382915"},"modified":"2021-09-27T08:50:30","modified_gmt":"2021-09-27T05:50:30","slug":"h%c9%99r-k%c9%99s-v%c9%99t%c9%99ni-sevm%c9%99s%c9%99-insan-deyil-%c9%99sla","status":"publish","type":"post","link":"https:\/\/arantv.az\/?p=382915","title":{"rendered":"H\u0259r k\u0259s v\u0259t\u0259ni sevm\u0259s\u0259, insan deyil \u0259sla&#8230;"},"content":{"rendered":"<p>H\u0259r mill\u0259tin, etnosun, c\u0259miyy\u0259tin, xalq\u0131n, d\u00f6vl\u0259tin, \u00f6lk\u0259nin \u00f6z elitas\u0131 var.<\/p>\n<p>Onlar\u0131n h\u0259r biri &#8220;elita&#8221; dedikd\u0259 f\u0259rqli insanlar\u0131 n\u0259z\u0259rd\u0259 tuturlar.<\/p>\n<p>AB\u015e v\u0259t\u0259nda\u015flar\u0131 \u00fc\u00e7\u00fcn elita maliyy\u0259\u00e7il\u0259r, \u0130T m\u00fct\u0259x\u0259ssisl\u0259ri, texnogenika insanlar\u0131d\u0131r.<\/p>\n<p>Yaponlar \u00fc\u00e7\u00fcn elita m\u00fch\u0259ndisl\u0259r v\u0259 aliml\u0259rdir.<\/p>\n<p>Ruslar \u00fc\u00e7\u00fcn elita ziyal\u0131lar, aliml\u0259rdir.<\/p>\n<p>Norve\u00e7l\u0259r \u00fc\u00e7\u00fcn elita sad\u0259 fermerl\u0259rdir.<\/p>\n<p>Haitilil\u0259r \u00fc\u00e7\u00fcn elita tez v\u0259 yax\u015f\u0131 pul qazan\u0131b &#8220;h\u0259yat sahibl\u0259ri&#8221; olanlard\u0131r.<\/p>\n<p>\u018ffqanlar \u00fc\u00e7\u00fcn elita din xadiml\u0259ridir.<\/p>\n<p>Bizim \u00fc\u00e7\u00fcns\u0259&#8230;<\/p>\n<p>&#8230; \u00d6t\u0259n il, bu g\u00fcn, sentyabr\u0131n 20-d\u0259, el\u0259 indiki vaxtda, ax\u015fam saatlar\u0131nda Sava\u015f\u0131n ba\u015flayaca\u011f\u0131n\u0131 bilirdim. D\u0259qiq bilirdim.<\/p>\n<p>Sentyabr\u0131n 27-d\u0259 Sava\u015f ba\u015fland\u0131.<\/p>\n<p><img src=\"https:\/\/img.milli.az\/2021\/09\/27\/4bd60c586bb11ca483bb1e8bd115b236.jpg\" alt=\"\" \/><\/p>\n<p>M\u00fcharib\u0259 yox, h\u0259rbi \u0259m\u0259liyyatlar yox, m\u0259hz Sava\u015f.<\/p>\n<p>\u00c7\u00fcnki b\u0131\u00e7aq s\u00fcm\u00fcy\u0259 dir\u0259nmi\u015fdi.<\/p>\n<p>\u00c7\u00fcnki Erm\u0259nistan bu d\u0259f\u0259 n\u0259yin bahas\u0131na olursa-olsun, T\u0259rt\u0259r v\u0259 Goranboy rayonlar\u0131n\u0131 i\u015f\u011fal ed\u0259r\u0259k G\u0259nc\u0259y\u0259 \u00e7\u0131xmaq ist\u0259yirdi.<\/p>\n<p>\u00c7\u00fcnki Erm\u0259nistan kollektiv Q\u0259rbin, \u015e\u0259rqin, C\u0259nubun v\u0259 \u015eimal\u0131n tam 28 il \u0259rzind\u0259 Az\u0259rbaycan \u0259razil\u0259rinin i\u015f\u011fladan t\u0259mizl\u0259nm\u0259si, i\u015f\u011fala son qoyulmas\u0131 \u00fc\u00e7\u00fcn ona faktiki olaraq he\u00e7 n\u0259 etm\u0259m\u0259sind\u0259n ifrat d\u0259r\u0259c\u0259d\u0259, a\u011flas\u0131\u011fmaz d\u0259r\u0259c\u0259d\u0259 qudurmu\u015fdu.<\/p>\n<p>Az\u011f\u0131nla\u015fm\u0131\u015fd\u0131 Erm\u0259nistan.<\/p>\n<p>Sava\u015f ba\u015fland\u0131.<\/p>\n<p>Sentyabr\u0131n 27-d\u0259n ba\u015flayaraq noyabr\u0131n 9-d\u0259k insanlar\u0131m\u0131z qay\u011f\u0131l\u0131 idi.<\/p>\n<p>G\u00f6zl\u0259r x\u0259b\u0259rl\u0259rd\u0259, telekanallarda &#8211; ham\u0131 c\u0259bh\u0259d\u0259n x\u0259b\u0259r g\u00f6zl\u0259yirdi.<\/p>\n<p>Sinirl\u0259r g\u0259rilmi\u015fdi, n\u0259bz uzaqlarda, s\u0259ng\u0259rl\u0259rd\u0259 vururdu &#8211; v\u00fccud \u0259n m\u00fcxt\u0259lif m\u0259kanlarda, \u015f\u0259h\u0259rl\u0259rd\u0259, \u00f6lk\u0259l\u0259rd\u0259 olsa da.<\/p>\n<p>Bir sual mill\u0259ti d\u00fc\u015f\u00fcnd\u00fcr\u00fcrd\u00fc: erm\u0259nil\u0259rin m\u00fcdafi\u0259sini yara bil\u0259c\u0259yikmi, yarsaq, bu, n\u0259yin bahas\u0131na ba\u015fa g\u0259l\u0259c\u0259k, d\u00f6y\u00fc\u015fl\u0259r nec\u0259 ged\u0259c\u0259k.<\/p>\n<p>Sosial \u015f\u0259b\u0259k\u0259l\u0259rd\u0259 V\u0259t\u0259n m\u00f6vzusu h\u0259r \u015feyd\u0259n v\u0259 h\u0259r k\u0259sd\u0259n \u00fcst\u00fcn oldu.<\/p>\n<p>Qay\u011f\u0131l\u0131, fikirli ki\u015fil\u0259r v\u0259 g\u00f6zl\u0259rind\u0259ki ya\u015f bir mikrom\u0259qama b\u0259nd olmu\u015f xan\u0131mlar.<\/p>\n<p>Anlay\u0131rd\u0131lar ki, mill\u0259tin v\u0259 d\u00f6vl\u0259tin g\u0259l\u0259c\u0259yi, h\u0259r birimizin g\u0259l\u0259c\u0259yi orada, Sava\u015fda h\u0259ll olunur.<\/p>\n<p>Bir n\u0259f\u0259rin \u00f6l\u00fcm\u00fc faci\u0259dir. Min n\u0259f\u0259rin \u00f6l\u00fcm\u00fc statistika.<\/p>\n<p>Sava\u015fda minl\u0259rl\u0259 g\u0259ncimizi \u015f\u0259hid verdik, amma bu \u00f6l\u00fcml\u0259r statistika yox, ulusun oyan\u0131\u015f\u0131, dir\u00e7\u0259li\u015fi, q\u00fcruru oldu.<\/p>\n<p>\u0130ndi, o g\u00fcnl\u0259rd\u0259n bir il sonra d\u00fc\u015f\u00fcn\u0259k: kimdir bizim milli elita?<\/p>\n<p>T\u0259bii, aliml\u0259r, h\u0259kiml\u0259r, m\u00fct\u0259x\u0259ssisl\u0259r, pedaqoqlar intellektual elitard\u0131r.<\/p>\n<p>Amma elitan\u0131n f\u0259rqli n\u00f6vl\u0259ri var ki, onlar\u0131n ham\u0131s\u0131n\u0131n m\u0259cmusu v\u0259 m\u00fcnt\u0259xabat\u0131 \u015e\u018fH\u0130DL\u018fR oldular.<\/p>\n<p>B\u0259li, m\u0259hz onlar, yax\u015f\u0131lar\u0131n yax\u015f\u0131lar\u0131.<\/p>\n<p>Ni\u015fanl\u0131 olaca\u011f\u0131 g\u00fcn\u00fc s\u0259birsizlikl\u0259 g\u00f6zl\u0259y\u0259n v\u0259 arzulayan 18 ya\u015fl\u0131 g\u0259nc s\u0259ng\u0259rd\u0259n \u00e7\u0131x\u0131b d\u00fc\u015fm\u0259n \u00fcz\u0259rin\u0259 at\u0131l\u0131rsa, h\u0259yat\u0131n\u0131 aliml\u0259rin, m\u00fc\u0259lliml\u0259rin, m\u00fct\u0259x\u0259ssisl\u0259rin, h\u0259kiml\u0259rin ya\u015famas\u0131 \u00fc\u00e7\u00fcn V\u0259t\u0259n\u0259 qurban etdi.<\/p>\n<p>Ki\u00e7ik q\u0131z\u0131n\u0131n fotosuna smartfonunda bax\u0131b sonra o balaca, g\u00f6z\u0259ll\u0259r g\u00f6z\u0259li yavrunun ya\u015famas\u0131 v\u0259 b\u00f6y\u00fcm\u0259si \u00fc\u00e7\u00fcn q\u0131z\u0131n\u0131 bir daha g\u00f6rm\u0259k imkan\u0131n\u0131 orada on metr ir\u0259lil\u0259m\u0259k imkan\u0131na qurban ver\u0259n zabitdir elita.<\/p>\n<p>Ax\u015fam anas\u0131na &#8220;Narahat olma, h\u0259r \u015fey yax\u015f\u0131d\u0131r, tezlikl\u0259 qay\u0131daca\u011fam&#8221; yaz\u0131b s\u0259h\u0259r saatlar\u0131nda minalanm\u0131\u015f sah\u0259y\u0259 at\u0131lan, oradak\u0131 yaral\u0131 komandirini \u00e7\u0131xarmaq \u00fc\u00e7\u00fcn can\u0131n\u0131 f\u0259da ed\u0259n g\u0259ncdir elita.<\/p>\n<p>&#8220;V\u0259t\u0259n yax\u015f\u0131d\u0131r!&#8221; deyib g\u00fcl\u00fcms\u0259y\u0259n v\u0259 \u00f6l\u00fcm\u0259 g\u00fcl\u00fcms\u0259y\u0259r\u0259k ged\u0259n \u0259sg\u0259rl\u0259rdir elita.<\/p>\n<p>Onlar\u0131n h\u0259r biri elita olduqlar\u0131 \u00fc\u00e7\u00fcn m\u0259cmu elita &#8211; Az\u0259rbaycan Ordusu idil\u0259r.<\/p>\n<p>O ordu ki, baba t\u0259ki biz\u0259 q\u00fcruru, n\u0259n\u0259 t\u0259ki var oldu\u011funun q\u0259drini bilm\u0259yi, ana kimi toxtaql\u0131\u011f\u0131, ata kimi namusla qeyr\u0259ti, V\u0259t\u0259n kimi sadiqliyi dedi h\u0259r g\u00fcn.<\/p>\n<p>H\u0259r g\u00fcn mill\u0259t olaraq Ordumuzun q\u00fcrur, m\u0259ntiq, \u00fcmid v\u0259 inam d\u0259rsini ald\u0131q.<\/p>\n<p>44 g\u00fcn a\u011fr\u0131l\u0131, ac\u0131l\u0131, amma unudulmaz oldu.<\/p>\n<p>Bayraq \u00fc\u00e7\u00fcn g\u00fcll\u0259l\u0259r\u0259 tu\u015f etdiyin, bayra\u011fa d\u00f6n\u0259n aln\u0131ndan \u00f6p\u00fcr\u0259m, \u015f\u0259hidim.<\/p>\n<p>T\u0259\u015f\u0259kk\u00fcr edir\u0259m s\u0259n\u0259, Az\u0259rbaycan \u0259sg\u0259ri&#8230;<\/p>\n","protected":false},"excerpt":{"rendered":"<p>H\u0259r mill\u0259tin, etnosun, c\u0259miyy\u0259tin, xalq\u0131n, d\u00f6vl\u0259tin, \u00f6lk\u0259nin \u00f6z elitas\u0131 var. Onlar\u0131n h\u0259r biri &#8220;elita&#8221; dedikd\u0259 f\u0259rqli insanlar\u0131 n\u0259z\u0259rd\u0259 tuturlar. AB\u015e v\u0259t\u0259nda\u015flar\u0131 \u00fc\u00e7\u00fcn elita maliyy\u0259\u00e7il\u0259r, \u0130T m\u00fct\u0259x\u0259ssisl\u0259ri, texnogenika insanlar\u0131d\u0131r. Yaponlar \u00fc\u00e7\u00fcn elita m\u00fch\u0259ndisl\u0259r v\u0259 aliml\u0259rdir. Ruslar \u00fc\u00e7\u00fcn elita ziyal\u0131lar, aliml\u0259rdir. Norve\u00e7l\u0259r \u00fc\u00e7\u00fcn elita sad\u0259 fermerl\u0259rdir. Haitilil\u0259r \u00fc\u00e7\u00fcn elita tez v\u0259 yax\u015f\u0131 pul qazan\u0131b &#8220;h\u0259yat sahibl\u0259ri&#8221; olanlard\u0131r. \u018ffqanlar \u00fc\u00e7\u00fcn elita din xadiml\u0259ridir. Bizim \u00fc\u00e7\u00fcns\u0259&#8230; &#8230; \u00d6t\u0259n il, bu g\u00fcn, sentyabr\u0131n 20-d\u0259, el\u0259 indiki vaxtda, ax\u015fam saatlar\u0131nda Sava\u015f\u0131n ba\u015flayaca\u011f\u0131n\u0131 bilirdim. D\u0259qiq bilirdim. Sentyabr\u0131n 27-d\u0259 Sava\u015f ba\u015fland\u0131. M\u00fcharib\u0259 yox, h\u0259rbi \u0259m\u0259liyyatlar yox, m\u0259hz Sava\u015f.&hellip;<\/p>\n","protected":false},"author":2,"featured_media":382916,"comment_status":"closed","ping_status":"closed","sticky":false,"template":"","format":"standard","meta":{"om_disable_all_campaigns":false,"_monsterinsights_skip_tracking":false,"_monsterinsights_sitenote_active":false,"_monsterinsights_sitenote_note":"","_monsterinsights_sitenote_category":0},"categories":[4],"tags":[],"aioseo_notices":[],"gutentor_comment":0,"rttpg_featured_image_url":{"full":["https:\/\/arantv.az\/wp-content\/uploads\/2021\/09\/4375906067.jpg",750,499,false],"landscape":["https:\/\/arantv.az\/wp-content\/uploads\/2021\/09\/4375906067.jpg",750,499,false],"portraits":["https:\/\/arantv.az\/wp-content\/uploads\/2021\/09\/4375906067.jpg",750,499,false],"thumbnail":["https:\/\/arantv.az\/wp-content\/uploads\/2021\/09\/4375906067-500x280.jpg",500,280,true],"medium":["https:\/\/arantv.az\/wp-content\/uploads\/2021\/09\/4375906067-549x365.jpg",549,365,true],"large":["https:\/\/arantv.az\/wp-content\/uploads\/2021\/09\/4375906067.jpg",640,426,false],"1536x1536":["https:\/\/arantv.az\/wp-content\/uploads\/2021\/09\/4375906067.jpg",750,499,false],"2048x2048":["https:\/\/arantv.az\/wp-content\/uploads\/2021\/09\/4375906067.jpg",750,499,false],"post-thumbnail":["https:\/\/arantv.az\/wp-content\/uploads\/2021\/09\/4375906067-240x172.jpg",240,172,true],"advps-thumb-one":["https:\/\/arantv.az\/wp-content\/uploads\/2021\/09\/4375906067.jpg",750,499,false]},"rttpg_author":{"display_name":"V\u00fcsal Rafiqo\u011flu","author_link":"https:\/\/arantv.az\/?author=2"},"rttpg_comment":0,"rttpg_category":"<a href=\"https:\/\/arantv.az\/?cat=4\" rel=\"category\">Siyas\u0259t<\/a>","rttpg_excerpt":"H\u0259r mill\u0259tin, etnosun, c\u0259miyy\u0259tin, xalq\u0131n, d\u00f6vl\u0259tin, \u00f6lk\u0259nin \u00f6z elitas\u0131 var. Onlar\u0131n h\u0259r biri &#8220;elita&#8221; dedikd\u0259 f\u0259rqli insanlar\u0131 n\u0259z\u0259rd\u0259 tuturlar. AB\u015e v\u0259t\u0259nda\u015flar\u0131 \u00fc\u00e7\u00fcn elita maliyy\u0259\u00e7il\u0259r, \u0130T m\u00fct\u0259x\u0259ssisl\u0259ri, texnogenika insanlar\u0131d\u0131r. Yaponlar \u00fc\u00e7\u00fcn elita m\u00fch\u0259ndisl\u0259r v\u0259 aliml\u0259rdir. Ruslar \u00fc\u00e7\u00fcn elita ziyal\u0131lar, aliml\u0259rdir. Norve\u00e7l\u0259r \u00fc\u00e7\u00fcn elita sad\u0259 fermerl\u0259rdir. Haitilil\u0259r \u00fc\u00e7\u00fcn elita tez v\u0259 yax\u015f\u0131 pul qazan\u0131b &#8220;h\u0259yat sahibl\u0259ri&#8221; olanlard\u0131r.&hellip;","_links":{"self":[{"href":"https:\/\/arantv.az\/index.php?rest_route=\/wp\/v2\/posts\/382915"}],"collection":[{"href":"https:\/\/arantv.az\/index.php?rest_route=\/wp\/v2\/posts"}],"about":[{"href":"https:\/\/arantv.az\/index.php?rest_route=\/wp\/v2\/types\/post"}],"author":[{"embeddable":true,"href":"https:\/\/arantv.az\/index.php?rest_route=\/wp\/v2\/users\/2"}],"replies":[{"embeddable":true,"href":"https:\/\/arantv.az\/index.php?rest_route=%2Fwp%2Fv2%2Fcomments&post=382915"}],"version-history":[{"count":0,"href":"https:\/\/arantv.az\/index.php?rest_route=\/wp\/v2\/posts\/382915\/revisions"}],"wp:featuredmedia":[{"embeddable":true,"href":"https:\/\/arantv.az\/index.php?rest_route=\/wp\/v2\/media\/382916"}],"wp:attachment":[{"href":"https:\/\/arantv.az\/index.php?rest_route=%2Fwp%2Fv2%2Fmedia&parent=382915"}],"wp:term":[{"taxonomy":"category","embeddable":true,"href":"https:\/\/arantv.az\/index.php?rest_route=%2Fwp%2Fv2%2Fcategories&post=382915"},{"taxonomy":"post_tag","embeddable":true,"href":"https:\/\/arantv.az\/index.php?rest_route=%2Fwp%2Fv2%2Ftags&post=382915"}],"curies":[{"name":"wp","href":"https:\/\/api.w.org\/{rel}","templated":true}]}}