{"id":382918,"date":"2021-09-27T08:51:30","date_gmt":"2021-09-27T05:51:30","guid":{"rendered":"http:\/\/arantv.az\/?p=382918"},"modified":"2021-09-27T08:51:30","modified_gmt":"2021-09-27T05:51:30","slug":"ombudsman-anim-gunu-il%c9%99-bagli-b%c9%99yanat-yayib","status":"publish","type":"post","link":"https:\/\/arantv.az\/?p=382918","title":{"rendered":"Ombudsman An\u0131m g\u00fcn\u00fc il\u0259 ba\u011fl\u0131 b\u0259yanat yay\u0131b"},"content":{"rendered":"<p>27 sentyabr 2020-ci ild\u0259 Erm\u0259nistan silahl\u0131 q\u00fcvv\u0259l\u0259rinin at\u0259\u015fk\u0259s rejimini kobud \u015f\u0259kild\u0259 pozmaqla Az\u0259rbaycan \u0259razil\u0259rin\u0259 n\u00f6vb\u0259ti h\u0259rbi t\u0259cav\u00fcz\u00fc v\u0259 m\u00fclki ya\u015fay\u0131\u015f m\u0259nt\u0259q\u0259l\u0259rini ata\u015f\u0259 tutmas\u0131 n\u0259tic\u0259sind\u0259 \u00e7oxsayl\u0131 insan t\u0259lafat\u0131na s\u0259b\u0259b olan m\u00fcharib\u0259nin ba\u015flanmas\u0131n\u0131n ild\u00f6n\u00fcm\u00fc il\u0259 ba\u011fl\u0131 Az\u0259rbaycan Respublikas\u0131n\u0131n \u0130nsan H\u00fcquqlar\u0131 \u00fczr\u0259 M\u00fcv\u0259kkili (Ombudsman\u0131n) S\u0259bin\u0259 \u018fliyeva b\u0259yanat yay\u0131b.<\/p>\n<p><strong>ARANTV.AZ<\/strong> m\u0259tni t\u0259qdim edir:<\/p>\n<p>&#8220;27 sentyabr 2020-ci ild\u0259 saat 06:00 rad\u0259l\u0259rind\u0259 Erm\u0259nistan silahl\u0131 q\u00fcvv\u0259l\u0259rinin at\u0259\u015fk\u0259s rejimini kobud \u015f\u0259kild\u0259 pozmas\u0131, yeni \u0259razil\u0259r i\u015f\u011fal etm\u0259k m\u0259qs\u0259dil\u0259 Az\u0259rbaycan ordusunun m\u00f6vqel\u0259rini, habel\u0259 m\u00fclki \u0259halinin s\u0131x m\u0259skunla\u015fd\u0131\u011f\u0131 T\u0259rt\u0259r rayonunun Qapanl\u0131, A\u011fdam rayonunun \u00c7\u0131raql\u0131 v\u0259 Orta Qarav\u0259nd, F\u00fczuli rayonunun Alxanl\u0131, \u015e\u00fck\u00fcrb\u0259yli v\u0259 C\u0259bray\u0131l rayonunun Cocuq M\u0259rcanl\u0131 k\u0259ndl\u0259rini iri\u00e7apl\u0131 silahlar, minaatanlar v\u0259 m\u00fcxt\u0259lif \u00e7apl\u0131 artilleriya qur\u011fular\u0131ndan intensiv at\u0259\u015f\u0259 tutmas\u0131 n\u0259tic\u0259sind\u0259 \u00e7oxsayl\u0131 g\u00fcnahs\u0131z m\u00fclki insanlar q\u0259tl\u0259 yetirildi.<\/p>\n<p>44 g\u00fcn davam ed\u0259n m\u00fcharib\u0259 d\u00f6vr\u00fcnd\u0259 Erm\u0259nistan silahl\u0131 q\u00fcvv\u0259l\u0259ri t\u0259r\u0259find\u0259n Naftalan, A\u011fdam, A\u011fcab\u0259di, Beyl\u0259qan, Da\u015fk\u0259s\u0259n, F\u00fczuli, Goranboy, T\u0259rt\u0259r rayonlar\u0131 v\u0259 \u015f\u0259h\u0259r m\u0259rk\u0259zl\u0259ri intensiv \u015f\u0259kild\u0259 qada\u011fan olunmu\u015f silahlardan at\u0259\u015f\u0259 tutuldu. C\u0259bh\u0259 b\u00f6lg\u0259sind\u0259n uzaqda yerl\u0259\u015f\u0259n G\u0259nc\u0259, B\u0259rd\u0259, Ming\u0259\u00e7evir, Q\u0259b\u0259l\u0259, Siy\u0259z\u0259n, X\u0131z\u0131 v\u0259 dig\u0259r \u015f\u0259h\u0259rl\u0259r d\u0259 uzaq m\u0259nzilli raketl\u0259rin, a\u011f\u0131r artileriya silahlar\u0131n\u0131n at\u0259\u015fin\u0259 m\u0259ruz qald\u0131. Paytaxt Bak\u0131 \u015f\u0259h\u0259ri d\u0259 Erm\u0259nistan\u0131n raket h\u00fccumlar\u0131n\u0131n h\u0259d\u0259fi idi.<\/p>\n<p>M\u00fcharib\u0259 cinay\u0259tl\u0259rini davam etdir\u0259n Erm\u0259nistan \u201cSkad\u201d v\u0259 \u201c\u0130sg\u0259nd\u0259r-M\u201d tipli ballistik raketl\u0259rd\u0259n, habel\u0259 qada\u011fan olunmu\u015f a\u011f fosforlu v\u0259 kaset tipli sursatlardan istifad\u0259 edirdi ki, n\u0259tic\u0259d\u0259 11-i u\u015faq olmaqla 100-d\u0259n \u00e7ox dinc sakin q\u0259tl\u0259 yetirildi, 450 n\u0259f\u0259rd\u0259n \u00e7ox soyda\u015f\u0131m\u0131z yaraland\u0131. A\u011f\u0131r artileriya at\u0259\u015fi n\u0259tic\u0259sind\u0259 Az\u0259rbaycan \u0259razisind\u0259 12 min m\u00fclki infrastruktur obyekti, o c\u00fcml\u0259d\u0259n 3410-dan \u00e7ox ev, 120 \u00e7oxm\u0259nzilli ya\u015fay\u0131\u015f binas\u0131 v\u0259 \u00e7oxlu sayda m\u0259kt\u0259b, x\u0259st\u0259xana, u\u015faq ba\u011f\u00e7as\u0131 da\u011f\u0131d\u0131ld\u0131 v\u0259 ya bu h\u0259rbi t\u0259cav\u00fczd\u0259n ciddi ziyan \u00e7\u0259kdi.<\/p>\n<p>Beyn\u0259lxalq humanitar h\u00fcquq normalar\u0131, Cenevr\u0259 konvensiyalar\u0131 h\u0259rbi \u0259m\u0259liyyatlar\u0131n gedi\u015find\u0259 kombatantlar\u0131n v\u0259 m\u00fclki \u015f\u0259xsl\u0259rin, h\u0259rbi v\u0259 m\u00fclki obyektl\u0259rin ayd\u0131n \u015f\u0259kild\u0259 f\u0259rql\u0259ndirilm\u0259sini \u0259sas prinsip kimi t\u0259l\u0259b etdiyi halda, Erm\u0259nistan silahl\u0131 q\u00fcvv\u0259l\u0259rinin m\u00fclki \u0259halinin s\u0131x m\u0259skunla\u015fd\u0131\u011f\u0131 \u015f\u0259h\u0259r v\u0259 rayonlar\u0131, region \u00fc\u00e7\u00fcn stateji \u0259h\u0259miyy\u0259tli Ming\u0259\u00e7evir su anbar\u0131n\u0131, elektrik stansiyas\u0131, boru k\u0259m\u0259rini v\u0259 dig\u0259r obyektl\u0259ri a\u011f\u0131r artileriya qur\u011fular\u0131ndan v\u0259 raketl\u0259rd\u0259n istifad\u0259 etm\u0259kl\u0259 m\u00fct\u0259madi olaraq at\u0259\u015f\u0259 m\u0259ruz qoymas\u0131, m\u00fcharib\u0259 cinay\u0259tini t\u00f6r\u0259tmi\u015f Erm\u0259nistan\u0131n beyn\u0259lxalq h\u00fcquq normalar\u0131na saymazyana m\u00fcnasib\u0259t g\u00f6st\u0259rdiyini bir daha s\u00fcbut etdi.<\/p>\n<p>Erm\u0259nistan t\u0259r\u0259find\u0259n qada\u011fan olunmu\u015f kimy\u0259vi silahlardan istifad\u0259 edilm\u0259kl\u0259, q\u0259sd\u0259n t\u00f6r\u0259dilmi\u015f k\u00fctl\u0259vi yan\u011f\u0131nlar, ekoloji terror aktlar\u0131 n\u0259tic\u0259sind\u0259 Az\u0259rbaycan\u0131n Qaraba\u011f b\u00f6lg\u0259sind\u0259 \u0259traf m\u00fchit, o c\u00fcml\u0259d\u0259n t\u0259miz su m\u0259nb\u0259l\u0259ri fiziki v\u0259 kimy\u0259vi \u00e7irkl\u0259nm\u0259y\u0259 m\u0259ruz qalm\u0131\u015f, m\u00fcxt\u0259lif nadir bitki v\u0259 heyvan n\u00f6vl\u0259ri m\u0259hv olmu\u015f, \u00e7ay v\u0259 g\u00f6ll\u0259rd\u0259 \u00f6z\u00fcn\u00fc t\u0259nziml\u0259m\u0259 prosesinin dayanmas\u0131 su h\u00f6vz\u0259l\u0259rinin b\u00fct\u00fcn canl\u0131lar \u00fc\u00e7\u00fcn z\u0259r\u0259rli, \u00f6l\u00fc bir zonaya \u00e7evrilm\u0259sin\u0259 g\u0259tirib \u00e7\u0131xarm\u0131\u015f, ekosid cinay\u0259ti t\u00f6r\u0259dilmi\u015fdir. Bel\u0259likl\u0259 d\u0259 t\u0259kc\u0259 \u00f6lk\u0259mizin deyil, b\u00fct\u00f6vl\u00fckd\u0259 regionun t\u0259bi\u0259tin\u0259, flora v\u0259 faunas\u0131na ciddi ziyan vurulmu\u015fdur.<\/p>\n<p>Az\u0259rbaycan \u0259razisinin 20 faizini 30 il\u0259d\u0259k m\u00fcdd\u0259td\u0259 i\u015f\u011fal alt\u0131nda saxlayan, bir milyondan art\u0131q m\u00fclki \u0259halini \u00f6z yurdlar\u0131ndan v\u0259 evl\u0259rind\u0259n did\u0259rgin salaraq onlar\u0131n b\u00fct\u00fcn fundamental h\u00fcquqlar\u0131n\u0131 kobud \u015f\u0259kild\u0259 pozan Erm\u0259nistan h\u0259rbi-siyasi r\u0259hb\u0259rliyi t\u0259r\u0259find\u0259n i\u015f\u011fal d\u00f6vr\u00fcnd\u0259 k\u0259nd v\u0259 \u015f\u0259h\u0259rl\u0259r da\u011f\u0131d\u0131lmaqla yana\u015f\u0131, m\u0259d\u0259ni irs n\u00fcmun\u0259l\u0259ri m\u0259hv edilmi\u015fdir. \u0130\u015f\u011fal d\u00f6vr\u00fcnd\u0259 \u0259razil\u0259rimiz\u0259 yerl\u0259\u015fdiril\u0259n m\u00fcxt\u0259lif n\u00f6v minalar v\u0259 dig\u0259r partlay\u0131c\u0131 qur\u011fular is\u0259 2020-ci ilin 10 noyabr tarixind\u0259 \u00fc\u00e7t\u0259r\u0259fli b\u0259yanat\u0131n imzaland\u0131\u011f\u0131 g\u00fcnd\u0259n b\u0259ri 140-dan \u00e7ox insan\u0131n h\u0259lak olmas\u0131na v\u0259 yaralanmas\u0131na s\u0259b\u0259b olub.<\/p>\n<p>Erm\u0259nistan\u0131n h\u0259rbi t\u0259cav\u00fcz\u00fc n\u0259tic\u0259sind\u0259 vaxtil\u0259 i\u015f\u011fal olunmu\u015f bu \u0259razil\u0259r\u0259 basd\u0131r\u0131lan minalar\u0131n x\u0259rit\u0259l\u0259rinin tam a\u00e7\u0131qlanmas\u0131ndan imtina edilm\u0259si, h\u0259tta Erm\u0259nistan ordusunun h\u0259min \u0259razil\u0259rd\u0259n \u00e7\u0131xark\u0259n x\u00fcsusil\u0259 m\u00fclki \u0259razil\u0259r\u0259 i\u015far\u0259l\u0259nm\u0259mi\u015f minalar\u0131 basd\u0131rmas\u0131, son g\u00fcnl\u0259r\u0259 q\u0259d\u0259r t\u0259xribat diversiya qruplar\u0131 vasit\u0259sil\u0259 yeni minalar\u0131n basd\u0131r\u0131lmas\u0131na c\u0259hd etm\u0259si onlar\u0131n daha \u00e7ox insan t\u0259l\u0259fat\u0131na yol a\u00e7maqda v\u0259 regionda yeni m\u00fcnaqi\u015f\u0259 ocaqlar\u0131n\u0131n yarad\u0131lmas\u0131nda maraql\u0131 oldu\u011funu g\u00f6st\u0259rir. Bununla da Erm\u0259nistan, beyn\u0259lxalq humanitar h\u00fcququn f\u0259rq qoymadan h\u00fccum etm\u0259nin qada\u011fan olunmas\u0131 prinsipini, 1949-cu il tarixli Cenevr\u0259 Konvensiyalar\u0131n\u0131n I \u018flav\u0259 Protokolunun t\u0259l\u0259bl\u0259rini pozur v\u0259 beyn\u0259lxalq ictimaiyy\u0259t\u0259 a\u00e7\u0131q h\u00f6rm\u0259tsizliyi davam etdirir.<\/p>\n<p>Az\u0259rbaycan Respublikas\u0131n\u0131n \u0130nsan H\u00fcquqlar\u0131 \u00fczr\u0259 M\u00fcv\u0259kkili (Ombudsman) olaraq, Az\u0259rbaycan\u0131n i\u015f\u011faldan azad olunmu\u015f \u0259razil\u0259rind\u0259 insanlar\u0131n h\u0259yat\u0131, sa\u011flaml\u0131\u011f\u0131 v\u0259 t\u0259hl\u00fck\u0259sizliyin\u0259 t\u0259hdid olan minal\u0131 \u0259razil\u0259rl\u0259 ba\u011fl\u0131 narahatl\u0131\u011f\u0131m\u0131 bir daha ifad\u0259 edir\u0259m.<\/p>\n<p>Beyn\u0259lxalq h\u00fcququn norma v\u0259 prinsipl\u0259rind\u0259n ir\u0259li g\u0259l\u0259n \u00f6hd\u0259likl\u0259rin vicdanla icras\u0131n\u0131n v\u0259 qar\u015f\u0131l\u0131ql\u0131 anla\u015fman\u0131n \u0259h\u0259miyy\u0259tini vur\u011fulayaraq,<\/p>\n<p>BMT-nin T\u0259hl\u00fck\u0259sizlik \u015euras\u0131n\u0131n 822, 853, 874 v\u0259 884 sayl\u0131 q\u0259tnam\u0259l\u0259rini yerin\u0259 yetirm\u0259y\u0259n, BMT Ba\u015f Assambleyas\u0131n 2006 v\u0259 2008-ci ill\u0259rd\u0259 q\u0259bul olunmu\u015f \u201cAz\u0259rbaycan\u0131n i\u015f\u011fal olunmu\u015f \u0259razil\u0259rind\u0259 v\u0259ziyy\u0259t\u201d adl\u0131 q\u0259tnam\u0259l\u0259rin\u0259, BMT-nin, \u00dcmumd\u00fcnya S\u0259hiyy\u0259 T\u0259\u015fkilat\u0131n\u0131n v\u0259 dig\u0259r n\u00fcfuzlu beyn\u0259lxalq qurumlar\u0131n m\u00f6vcud pandemiya il\u0259 \u0259laq\u0259dar q\u0259bul etdiyi m\u00fcraci\u0259tl\u0259rin\u0259, habel\u0259 beyn\u0259lxalq h\u00fcququn norma v\u0259 prinsipl\u0259rin\u0259 m\u0259h\u0259l qoymayan Erm\u0259nistan h\u0259rbi-siyasi r\u0259hb\u0259rliyinin t\u0259cav\u00fczkar v\u0259 i\u015f\u011fal\u00e7\u0131 siyas\u0259ti n\u0259tic\u0259sind\u0259 t\u00f6r\u0259dilmi\u015f insan h\u00fcquqlar\u0131 pozuntular\u0131n\u0131n, o c\u00fcml\u0259d\u0259n ya\u015famaq h\u00fcququnu kobud \u015f\u0259kild\u0259 pozmaqla regionda t\u00f6r\u0259tdiyi m\u00fcharib\u0259 cinay\u0259tl\u0259ri il\u0259 ba\u011fl\u0131 faktlar\u0131n beyn\u0259lxalq t\u0259\u015fkilatlar t\u0259r\u0259find\u0259n ara\u015fd\u0131r\u0131lmas\u0131na,<\/p>\n<p>Erm\u0259nistan\u0131 Az\u0259rbaycan\u0131n beyn\u0259lxalq s\u0259viyy\u0259d\u0259 tan\u0131nm\u0131\u015f \u0259razi b\u00fct\u00f6vl\u00fcy\u00fcn\u0259 h\u00f6rm\u0259t b\u0259sl\u0259m\u0259y\u0259, m\u00fclki \u0259halinin h\u0259yat v\u0259 sa\u011flaml\u0131\u011f\u0131 \u00fc\u00e7\u00fcn t\u0259hl\u00fck\u0259 yaradan, fundamental insan h\u00fcquqlar\u0131n\u0131n kobud \u015f\u0259kild\u0259 pozulmas\u0131na y\u00f6n\u0259lmi\u015f t\u0259xribat\u00e7\u0131 \u0259m\u0259ll\u0259rd\u0259n \u00e7\u0259kinm\u0259y\u0259,<\/p>\n<p>Beyn\u0259lxalq v\u0259 regional t\u0259\u015fkilatlar\u0131, xarici \u00f6lk\u0259l\u0259rin Ombudsmanlar\u0131n\u0131 v\u0259 milli insan h\u00fcquqlar\u0131 t\u0259sisatlar\u0131n\u0131 Erm\u0259nistan\u0131n regionda t\u00f6r\u0259tdiyi insan h\u00fcquqlar\u0131 pozuntular\u0131na m\u00fcnasib\u0259t bildirm\u0259y\u0259, s\u00fclh namin\u0259 birg\u0259 s\u0259yl\u0259r g\u00f6st\u0259rm\u0259y\u0259 v\u0259 qlobal h\u0259mr\u0259yliy\u0259 \u00e7a\u011f\u0131r\u0131ram&#8221;.<\/p>\n<p>B\u0259yanat BMT-nin Ba\u015f Katibin\u0259, BMT-nin T\u0259hl\u00fck\u0259sizlik \u015euras\u0131na, BMT-nin \u0130nsan H\u00fcquqlar\u0131 \u00fczr\u0259 Ali Komissar\u0131na, BMT-nin Qa\u00e7q\u0131nlar \u00fczr\u0259 Ali Komissar\u0131na, BMT-nin \u0130nsan H\u00fcquqlar\u0131 \u015euras\u0131na, YUN\u0130SEF-in, YUNESKO-nun, Avropa \u0130ttifaq\u0131n\u0131n, Avropa \u015euras\u0131n\u0131n, AT\u018fT-in r\u0259hb\u0259rl\u0259rin\u0259, Beyn\u0259lxalq v\u0259 Avropa Ombudsmanlar \u0130nstitutlar\u0131na, Asiya Ombudsmanlar Assosiasiyas\u0131na, \u0130slam \u018fm\u0259kda\u015fl\u0131q T\u0259\u015fkilat\u0131na v\u0259 bu quruma \u00fczv d\u00f6vl\u0259tl\u0259rin Ombudsmanlar Assosiasiyas\u0131na, \u0130slam \u018fm\u0259kda\u015fl\u0131q T\u0259\u015fkilat\u0131n\u0131n M\u00fcst\u0259qil Daimi \u0130nsan H\u00fcquqlar\u0131 Komissiyas\u0131na, Avropa U\u015faq H\u00fcquqlar\u0131 Ombudsmanlar\u0131 \u015e\u0259b\u0259k\u0259sin\u0259, Beyn\u0259lxalq S\u00fclh B\u00fcrosuna, Universal S\u00fclh Federasiyas\u0131na, m\u00fcxt\u0259lif \u00f6lk\u0259l\u0259rin ombudsmanlar\u0131na v\u0259 milli insan h\u00fcquqlar\u0131 institutlar\u0131na, Az\u0259rbaycan Respublikas\u0131n\u0131n xarici \u00f6lk\u0259l\u0259rd\u0259ki v\u0259 xarici \u00f6lk\u0259l\u0259rin respublikam\u0131zdak\u0131 s\u0259firlikl\u0259rin\u0259, Az\u0259rbaycan\u0131n diaspor t\u0259\u015fkilatlar\u0131na g\u00f6nd\u0259rilib.<\/p>\n","protected":false},"excerpt":{"rendered":"<p>27 sentyabr 2020-ci ild\u0259 Erm\u0259nistan silahl\u0131 q\u00fcvv\u0259l\u0259rinin at\u0259\u015fk\u0259s rejimini kobud \u015f\u0259kild\u0259 pozmaqla Az\u0259rbaycan \u0259razil\u0259rin\u0259 n\u00f6vb\u0259ti h\u0259rbi t\u0259cav\u00fcz\u00fc v\u0259 m\u00fclki ya\u015fay\u0131\u015f m\u0259nt\u0259q\u0259l\u0259rini ata\u015f\u0259 tutmas\u0131 n\u0259tic\u0259sind\u0259 \u00e7oxsayl\u0131 insan t\u0259lafat\u0131na s\u0259b\u0259b olan m\u00fcharib\u0259nin ba\u015flanmas\u0131n\u0131n ild\u00f6n\u00fcm\u00fc il\u0259 ba\u011fl\u0131 Az\u0259rbaycan Respublikas\u0131n\u0131n \u0130nsan H\u00fcquqlar\u0131 \u00fczr\u0259 M\u00fcv\u0259kkili (Ombudsman\u0131n) S\u0259bin\u0259 \u018fliyeva b\u0259yanat yay\u0131b. ARANTV.AZ m\u0259tni t\u0259qdim edir: &#8220;27 sentyabr 2020-ci ild\u0259 saat 06:00 rad\u0259l\u0259rind\u0259 Erm\u0259nistan silahl\u0131 q\u00fcvv\u0259l\u0259rinin at\u0259\u015fk\u0259s rejimini kobud \u015f\u0259kild\u0259 pozmas\u0131, yeni \u0259razil\u0259r i\u015f\u011fal etm\u0259k m\u0259qs\u0259dil\u0259 Az\u0259rbaycan ordusunun m\u00f6vqel\u0259rini, habel\u0259 m\u00fclki \u0259halinin s\u0131x m\u0259skunla\u015fd\u0131\u011f\u0131 T\u0259rt\u0259r rayonunun Qapanl\u0131, A\u011fdam rayonunun \u00c7\u0131raql\u0131 v\u0259 Orta Qarav\u0259nd, F\u00fczuli rayonunun Alxanl\u0131, \u015e\u00fck\u00fcrb\u0259yli&hellip;<\/p>\n","protected":false},"author":2,"featured_media":382919,"comment_status":"closed","ping_status":"closed","sticky":false,"template":"","format":"standard","meta":{"om_disable_all_campaigns":false,"_monsterinsights_skip_tracking":false,"_monsterinsights_sitenote_active":false,"_monsterinsights_sitenote_note":"","_monsterinsights_sitenote_category":0},"categories":[4],"tags":[],"aioseo_notices":[],"gutentor_comment":0,"rttpg_featured_image_url":{"full":["https:\/\/arantv.az\/wp-content\/uploads\/2021\/09\/15f28fbc159100584097057779511073750.jpg",975,540,false],"landscape":["https:\/\/arantv.az\/wp-content\/uploads\/2021\/09\/15f28fbc159100584097057779511073750.jpg",975,540,false],"portraits":["https:\/\/arantv.az\/wp-content\/uploads\/2021\/09\/15f28fbc159100584097057779511073750.jpg",975,540,false],"thumbnail":["https:\/\/arantv.az\/wp-content\/uploads\/2021\/09\/15f28fbc159100584097057779511073750-500x280.jpg",500,280,true],"medium":["https:\/\/arantv.az\/wp-content\/uploads\/2021\/09\/15f28fbc159100584097057779511073750-660x365.jpg",660,365,true],"large":["https:\/\/arantv.az\/wp-content\/uploads\/2021\/09\/15f28fbc159100584097057779511073750-840x465.jpg",640,354,true],"1536x1536":["https:\/\/arantv.az\/wp-content\/uploads\/2021\/09\/15f28fbc159100584097057779511073750.jpg",975,540,false],"2048x2048":["https:\/\/arantv.az\/wp-content\/uploads\/2021\/09\/15f28fbc159100584097057779511073750.jpg",975,540,false],"post-thumbnail":["https:\/\/arantv.az\/wp-content\/uploads\/2021\/09\/15f28fbc159100584097057779511073750-240x172.jpg",240,172,true],"advps-thumb-one":["https:\/\/arantv.az\/wp-content\/uploads\/2021\/09\/15f28fbc159100584097057779511073750.jpg",975,540,false]},"rttpg_author":{"display_name":"V\u00fcsal Rafiqo\u011flu","author_link":"https:\/\/arantv.az\/?author=2"},"rttpg_comment":0,"rttpg_category":"<a href=\"https:\/\/arantv.az\/?cat=4\" rel=\"category\">Siyas\u0259t<\/a>","rttpg_excerpt":"27 sentyabr 2020-ci ild\u0259 Erm\u0259nistan silahl\u0131 q\u00fcvv\u0259l\u0259rinin at\u0259\u015fk\u0259s rejimini kobud \u015f\u0259kild\u0259 pozmaqla Az\u0259rbaycan \u0259razil\u0259rin\u0259 n\u00f6vb\u0259ti h\u0259rbi t\u0259cav\u00fcz\u00fc v\u0259 m\u00fclki ya\u015fay\u0131\u015f m\u0259nt\u0259q\u0259l\u0259rini ata\u015f\u0259 tutmas\u0131 n\u0259tic\u0259sind\u0259 \u00e7oxsayl\u0131 insan t\u0259lafat\u0131na s\u0259b\u0259b olan m\u00fcharib\u0259nin ba\u015flanmas\u0131n\u0131n ild\u00f6n\u00fcm\u00fc il\u0259 ba\u011fl\u0131 Az\u0259rbaycan Respublikas\u0131n\u0131n \u0130nsan H\u00fcquqlar\u0131 \u00fczr\u0259 M\u00fcv\u0259kkili (Ombudsman\u0131n) S\u0259bin\u0259 \u018fliyeva b\u0259yanat yay\u0131b. ARANTV.AZ m\u0259tni t\u0259qdim edir: &#8220;27 sentyabr 2020-ci ild\u0259 saat 06:00&hellip;","_links":{"self":[{"href":"https:\/\/arantv.az\/index.php?rest_route=\/wp\/v2\/posts\/382918"}],"collection":[{"href":"https:\/\/arantv.az\/index.php?rest_route=\/wp\/v2\/posts"}],"about":[{"href":"https:\/\/arantv.az\/index.php?rest_route=\/wp\/v2\/types\/post"}],"author":[{"embeddable":true,"href":"https:\/\/arantv.az\/index.php?rest_route=\/wp\/v2\/users\/2"}],"replies":[{"embeddable":true,"href":"https:\/\/arantv.az\/index.php?rest_route=%2Fwp%2Fv2%2Fcomments&post=382918"}],"version-history":[{"count":0,"href":"https:\/\/arantv.az\/index.php?rest_route=\/wp\/v2\/posts\/382918\/revisions"}],"wp:featuredmedia":[{"embeddable":true,"href":"https:\/\/arantv.az\/index.php?rest_route=\/wp\/v2\/media\/382919"}],"wp:attachment":[{"href":"https:\/\/arantv.az\/index.php?rest_route=%2Fwp%2Fv2%2Fmedia&parent=382918"}],"wp:term":[{"taxonomy":"category","embeddable":true,"href":"https:\/\/arantv.az\/index.php?rest_route=%2Fwp%2Fv2%2Fcategories&post=382918"},{"taxonomy":"post_tag","embeddable":true,"href":"https:\/\/arantv.az\/index.php?rest_route=%2Fwp%2Fv2%2Ftags&post=382918"}],"curies":[{"name":"wp","href":"https:\/\/api.w.org\/{rel}","templated":true}]}}