{"id":382921,"date":"2021-09-27T08:52:11","date_gmt":"2021-09-27T05:52:11","guid":{"rendered":"http:\/\/arantv.az\/?p=382921"},"modified":"2021-09-27T08:52:11","modified_gmt":"2021-09-27T05:52:11","slug":"g%c9%99nc%c9%99d%c9%99-anim-gunu-il%c9%99-%c9%99laq%c9%99dar-silsil%c9%99-t%c9%99dbirl%c9%99r-baslayib","status":"publish","type":"post","link":"https:\/\/arantv.az\/?p=382921","title":{"rendered":"G\u0259nc\u0259d\u0259 An\u0131m g\u00fcn\u00fc il\u0259 \u0259laq\u0259dar silsil\u0259 t\u0259dbirl\u0259r ba\u015flay\u0131b"},"content":{"rendered":"<p>G\u0259nc\u0259d\u0259 27 sentyabr &#8211; An\u0131m g\u00fcn\u00fc il\u0259 \u0259laq\u0259dar silsil\u0259 t\u0259dbirl\u0259r ba\u015flay\u0131b.<\/p>\n<p><strong>ARANTV.AZ\u00a0 x\u0259b\u0259r verir ki,<\/strong>\u00a0\u0130mamzad\u0259 Kompleksind\u0259 v\u0259t\u0259n u\u011frunda canlar\u0131ndan ke\u00e7\u0259n \u015e\u0259hidl\u0259rimizin ruhuna dualar oxunur.<\/p>\n<p>T\u0259dbir \u00e7\u0259r\u00e7iv\u0259sind\u0259 r\u0259smi \u015f\u0259xsl\u0259r G\u0259nc\u0259nin \u015e\u0259hidl\u0259r xiyabab\u0131n\u0131 ziyar\u0259t ed\u0259c\u0259kl\u0259r.<\/p>\n<p>Daha sonra \u018fb\u0259di m\u0259\u015f\u0259l abid\u0259sinin \u00f6n\u00fcn\u0259 \u0259klil qoyulacaq, \u015f\u0259hidl\u0259rin ruhuna dualar oxunacaq.<\/p>\n<p>Saat 12:00-da V\u0259t\u0259n m\u00fcharib\u0259si \u015f\u0259hidl\u0259rinin xatir\u0259si bir d\u0259qiq\u0259lik s\u00fckutla yad edil\u0259c\u0259k, daha sonra \u015f\u0259hid m\u0259zarlar\u0131 ziyar\u0259t olunacaq.<\/p>\n<p>G\u0259nc\u0259 \u015e\u0259hidl\u0259r xiyaban\u0131ndak\u0131 \u00fcmum\u015f\u0259h\u0259r t\u0259dbiri yekunla\u015fd\u0131qdan sonra Erm\u0259nistan silahl\u0131 q\u00fcvv\u0259l\u0259rinin G\u0259nc\u0259ni raket at\u0259\u015fin\u0259 tutmas\u0131 n\u0259tic\u0259sind\u0259 da\u011f\u0131lan \u0259razil\u0259r ziyar\u0259t edil\u0259c\u0259k. Orada d\u00fcnyas\u0131n\u0131 d\u0259yi\u015f\u0259n dinc sakinl\u0259rin ruhuna ehtiram \u0259lam\u0259ti olaraq \u0259raziy\u0259 g\u00fcll\u0259r d\u00fcz\u00fcl\u0259c\u0259k.<\/p>\n<p>Sonra is\u0259 G\u0259nc\u0259nin Heyd\u0259r \u018fliyev Park-Kompleksind\u0259 V\u0259t\u0259n m\u00fcharib\u0259si \u015f\u0259hidl\u0259rinin xatir\u0259sin\u0259 h\u0259sr olunan a\u011fac\u0259km\u0259 aksiyas\u0131 ba\u015f tutacaq.<\/p>\n","protected":false},"excerpt":{"rendered":"<p>G\u0259nc\u0259d\u0259 27 sentyabr &#8211; An\u0131m g\u00fcn\u00fc il\u0259 \u0259laq\u0259dar silsil\u0259 t\u0259dbirl\u0259r ba\u015flay\u0131b. ARANTV.AZ\u00a0 x\u0259b\u0259r verir ki,\u00a0\u0130mamzad\u0259 Kompleksind\u0259 v\u0259t\u0259n u\u011frunda canlar\u0131ndan ke\u00e7\u0259n \u015e\u0259hidl\u0259rimizin ruhuna dualar oxunur. T\u0259dbir \u00e7\u0259r\u00e7iv\u0259sind\u0259 r\u0259smi \u015f\u0259xsl\u0259r G\u0259nc\u0259nin \u015e\u0259hidl\u0259r xiyabab\u0131n\u0131 ziyar\u0259t ed\u0259c\u0259kl\u0259r. Daha sonra \u018fb\u0259di m\u0259\u015f\u0259l abid\u0259sinin \u00f6n\u00fcn\u0259 \u0259klil qoyulacaq, \u015f\u0259hidl\u0259rin ruhuna dualar oxunacaq. Saat 12:00-da V\u0259t\u0259n m\u00fcharib\u0259si \u015f\u0259hidl\u0259rinin xatir\u0259si bir d\u0259qiq\u0259lik s\u00fckutla yad edil\u0259c\u0259k, daha sonra \u015f\u0259hid m\u0259zarlar\u0131 ziyar\u0259t olunacaq. G\u0259nc\u0259 \u015e\u0259hidl\u0259r xiyaban\u0131ndak\u0131 \u00fcmum\u015f\u0259h\u0259r t\u0259dbiri yekunla\u015fd\u0131qdan sonra Erm\u0259nistan silahl\u0131 q\u00fcvv\u0259l\u0259rinin G\u0259nc\u0259ni raket at\u0259\u015fin\u0259 tutmas\u0131 n\u0259tic\u0259sind\u0259 da\u011f\u0131lan \u0259razil\u0259r ziyar\u0259t edil\u0259c\u0259k. Orada d\u00fcnyas\u0131n\u0131 d\u0259yi\u015f\u0259n dinc sakinl\u0259rin ruhuna ehtiram \u0259lam\u0259ti olaraq&hellip;<\/p>\n","protected":false},"author":2,"featured_media":382922,"comment_status":"closed","ping_status":"closed","sticky":false,"template":"","format":"standard","meta":{"om_disable_all_campaigns":false,"_monsterinsights_skip_tracking":false,"_monsterinsights_sitenote_active":false,"_monsterinsights_sitenote_note":"","_monsterinsights_sitenote_category":0},"categories":[4],"tags":[],"aioseo_notices":[],"gutentor_comment":0,"rttpg_featured_image_url":{"full":["https:\/\/arantv.az\/wp-content\/uploads\/2021\/09\/ef0917ea160931129946235886310125472-1.jpg",975,540,false],"landscape":["https:\/\/arantv.az\/wp-content\/uploads\/2021\/09\/ef0917ea160931129946235886310125472-1.jpg",975,540,false],"portraits":["https:\/\/arantv.az\/wp-content\/uploads\/2021\/09\/ef0917ea160931129946235886310125472-1.jpg",975,540,false],"thumbnail":["https:\/\/arantv.az\/wp-content\/uploads\/2021\/09\/ef0917ea160931129946235886310125472-1-500x280.jpg",500,280,true],"medium":["https:\/\/arantv.az\/wp-content\/uploads\/2021\/09\/ef0917ea160931129946235886310125472-1-660x365.jpg",660,365,true],"large":["https:\/\/arantv.az\/wp-content\/uploads\/2021\/09\/ef0917ea160931129946235886310125472-1-840x465.jpg",640,354,true],"1536x1536":["https:\/\/arantv.az\/wp-content\/uploads\/2021\/09\/ef0917ea160931129946235886310125472-1.jpg",975,540,false],"2048x2048":["https:\/\/arantv.az\/wp-content\/uploads\/2021\/09\/ef0917ea160931129946235886310125472-1.jpg",975,540,false],"post-thumbnail":["https:\/\/arantv.az\/wp-content\/uploads\/2021\/09\/ef0917ea160931129946235886310125472-1-240x172.jpg",240,172,true],"advps-thumb-one":["https:\/\/arantv.az\/wp-content\/uploads\/2021\/09\/ef0917ea160931129946235886310125472-1.jpg",975,540,false]},"rttpg_author":{"display_name":"V\u00fcsal Rafiqo\u011flu","author_link":"https:\/\/arantv.az\/?author=2"},"rttpg_comment":0,"rttpg_category":"<a href=\"https:\/\/arantv.az\/?cat=4\" rel=\"category\">Siyas\u0259t<\/a>","rttpg_excerpt":"G\u0259nc\u0259d\u0259 27 sentyabr &#8211; An\u0131m g\u00fcn\u00fc il\u0259 \u0259laq\u0259dar silsil\u0259 t\u0259dbirl\u0259r ba\u015flay\u0131b. ARANTV.AZ\u00a0 x\u0259b\u0259r verir ki,\u00a0\u0130mamzad\u0259 Kompleksind\u0259 v\u0259t\u0259n u\u011frunda canlar\u0131ndan ke\u00e7\u0259n \u015e\u0259hidl\u0259rimizin ruhuna dualar oxunur. T\u0259dbir \u00e7\u0259r\u00e7iv\u0259sind\u0259 r\u0259smi \u015f\u0259xsl\u0259r G\u0259nc\u0259nin \u015e\u0259hidl\u0259r xiyabab\u0131n\u0131 ziyar\u0259t ed\u0259c\u0259kl\u0259r. Daha sonra \u018fb\u0259di m\u0259\u015f\u0259l abid\u0259sinin \u00f6n\u00fcn\u0259 \u0259klil qoyulacaq, \u015f\u0259hidl\u0259rin ruhuna dualar oxunacaq. Saat 12:00-da V\u0259t\u0259n m\u00fcharib\u0259si \u015f\u0259hidl\u0259rinin xatir\u0259si bir d\u0259qiq\u0259lik s\u00fckutla yad&hellip;","_links":{"self":[{"href":"https:\/\/arantv.az\/index.php?rest_route=\/wp\/v2\/posts\/382921"}],"collection":[{"href":"https:\/\/arantv.az\/index.php?rest_route=\/wp\/v2\/posts"}],"about":[{"href":"https:\/\/arantv.az\/index.php?rest_route=\/wp\/v2\/types\/post"}],"author":[{"embeddable":true,"href":"https:\/\/arantv.az\/index.php?rest_route=\/wp\/v2\/users\/2"}],"replies":[{"embeddable":true,"href":"https:\/\/arantv.az\/index.php?rest_route=%2Fwp%2Fv2%2Fcomments&post=382921"}],"version-history":[{"count":0,"href":"https:\/\/arantv.az\/index.php?rest_route=\/wp\/v2\/posts\/382921\/revisions"}],"wp:featuredmedia":[{"embeddable":true,"href":"https:\/\/arantv.az\/index.php?rest_route=\/wp\/v2\/media\/382922"}],"wp:attachment":[{"href":"https:\/\/arantv.az\/index.php?rest_route=%2Fwp%2Fv2%2Fmedia&parent=382921"}],"wp:term":[{"taxonomy":"category","embeddable":true,"href":"https:\/\/arantv.az\/index.php?rest_route=%2Fwp%2Fv2%2Fcategories&post=382921"},{"taxonomy":"post_tag","embeddable":true,"href":"https:\/\/arantv.az\/index.php?rest_route=%2Fwp%2Fv2%2Ftags&post=382921"}],"curies":[{"name":"wp","href":"https:\/\/api.w.org\/{rel}","templated":true}]}}