{"id":382939,"date":"2021-09-27T09:12:23","date_gmt":"2021-09-27T06:12:23","guid":{"rendered":"http:\/\/arantv.az\/?p=382939"},"modified":"2021-09-27T09:12:23","modified_gmt":"2021-09-27T06:12:23","slug":"hikm%c9%99t-haciyev-anim-gunu-il%c9%99-bagli-paylasim-edib-foto","status":"publish","type":"post","link":"https:\/\/arantv.az\/?p=382939","title":{"rendered":"Hikm\u0259t Hac\u0131yev An\u0131m G\u00fcn\u00fc il\u0259 ba\u011fl\u0131 payla\u015f\u0131m edib &#8211; FOTO"},"content":{"rendered":"<p>Az\u0259rbaycan Prezidentinin k\u00f6m\u0259k\u00e7isi, Prezident Administrasiyas\u0131n\u0131n Xarici siyas\u0259t m\u0259s\u0259l\u0259l\u0259ri \u015f\u00f6b\u0259sinin m\u00fcdiri Hikm\u0259t Hac\u0131yev \u201cTwitter\u201d hesab\u0131nda An\u0131m G\u00fcn\u00fc il\u0259 ba\u011fl\u0131 payla\u015f\u0131m edib.<\/p>\n<div id=\"AdviadNativeVideo0\" class=\"AdviadNativeVideo\"><\/div>\n<p>\u201c27 sentyabr- An\u0131m G\u00fcn\u00fc. Allah b\u00fct\u00fcn \u015f\u0259hidl\u0259rimiz\u0259 r\u0259hm\u0259t el\u0259sin!\u201d<\/p>\n<div>\n<div class=\"twitter-tweet twitter-tweet-rendered\"><iframe id=\"twitter-widget-0\" class=\"\" title=\"Twitter Tweet\" src=\"https:\/\/platform.twitter.com\/embed\/Tweet.html?creatorScreenName=oxuaz&amp;dnt=false&amp;embedId=twitter-widget-0&amp;features=eyJ0ZndfZXhwZXJpbWVudHNfY29va2llX2V4cGlyYXRpb24iOnsiYnVja2V0IjoxMjA5NjAwLCJ2ZXJzaW9uIjpudWxsfSwidGZ3X2hvcml6b25fdHdlZXRfZW1iZWRfOTU1NSI6eyJidWNrZXQiOiJodGUiLCJ2ZXJzaW9uIjpudWxsfSwidGZ3X3NwYWNlX2NhcmQiOnsiYnVja2V0Ijoib2ZmIiwidmVyc2lvbiI6bnVsbH19&amp;frame=false&amp;hideCard=false&amp;hideThread=false&amp;id=1442363345571618816&amp;lang=en&amp;origin=https%3A%2F%2Foxu.az%2Fpolitics%2F532433&amp;sessionId=7da5fe963da6c5bf286bd814cc47206ebefe1951&amp;siteScreenName=oxuaz&amp;theme=light&amp;widgetsVersion=1890d59c%3A1627936082797&amp;width=550px\" frameborder=\"0\" scrolling=\"no\" allowfullscreen=\"allowfullscreen\" data-tweet-id=\"1442363345571618816\" data-mce-fragment=\"1\"><\/iframe><\/div>\n<\/div>\n<p>&nbsp;<\/p>\n","protected":false},"excerpt":{"rendered":"<p>Az\u0259rbaycan Prezidentinin k\u00f6m\u0259k\u00e7isi, Prezident Administrasiyas\u0131n\u0131n Xarici siyas\u0259t m\u0259s\u0259l\u0259l\u0259ri \u015f\u00f6b\u0259sinin m\u00fcdiri Hikm\u0259t Hac\u0131yev \u201cTwitter\u201d hesab\u0131nda An\u0131m G\u00fcn\u00fc il\u0259 ba\u011fl\u0131 payla\u015f\u0131m edib. \u201c27 sentyabr- An\u0131m G\u00fcn\u00fc. Allah b\u00fct\u00fcn \u015f\u0259hidl\u0259rimiz\u0259 r\u0259hm\u0259t el\u0259sin!\u201d &nbsp;<\/p>\n","protected":false},"author":2,"featured_media":247429,"comment_status":"closed","ping_status":"closed","sticky":false,"template":"","format":"standard","meta":{"om_disable_all_campaigns":false,"_monsterinsights_skip_tracking":false,"_monsterinsights_sitenote_active":false,"_monsterinsights_sitenote_note":"","_monsterinsights_sitenote_category":0},"categories":[4],"tags":[],"aioseo_notices":[],"gutentor_comment":0,"rttpg_featured_image_url":{"full":["https:\/\/arantv.az\/wp-content\/uploads\/2020\/12\/hikmet_81607020690.jpg",549,304,false],"landscape":["https:\/\/arantv.az\/wp-content\/uploads\/2020\/12\/hikmet_81607020690.jpg",549,304,false],"portraits":["https:\/\/arantv.az\/wp-content\/uploads\/2020\/12\/hikmet_81607020690.jpg",549,304,false],"thumbnail":["https:\/\/arantv.az\/wp-content\/uploads\/2020\/12\/hikmet_81607020690-150x150.jpg",150,150,true],"medium":["https:\/\/arantv.az\/wp-content\/uploads\/2020\/12\/hikmet_81607020690-300x166.jpg",300,166,true],"large":["https:\/\/arantv.az\/wp-content\/uploads\/2020\/12\/hikmet_81607020690.jpg",549,304,false],"1536x1536":["https:\/\/arantv.az\/wp-content\/uploads\/2020\/12\/hikmet_81607020690.jpg",549,304,false],"2048x2048":["https:\/\/arantv.az\/wp-content\/uploads\/2020\/12\/hikmet_81607020690.jpg",549,304,false],"post-thumbnail":["https:\/\/arantv.az\/wp-content\/uploads\/2020\/12\/hikmet_81607020690-240x172.jpg",240,172,true],"advps-thumb-one":["https:\/\/arantv.az\/wp-content\/uploads\/2020\/12\/hikmet_81607020690.jpg",549,304,false]},"rttpg_author":{"display_name":"V\u00fcsal Rafiqo\u011flu","author_link":"https:\/\/arantv.az\/?author=2"},"rttpg_comment":0,"rttpg_category":"<a href=\"https:\/\/arantv.az\/?cat=4\" rel=\"category\">Siyas\u0259t<\/a>","rttpg_excerpt":"Az\u0259rbaycan Prezidentinin k\u00f6m\u0259k\u00e7isi, Prezident Administrasiyas\u0131n\u0131n Xarici siyas\u0259t m\u0259s\u0259l\u0259l\u0259ri \u015f\u00f6b\u0259sinin m\u00fcdiri Hikm\u0259t Hac\u0131yev \u201cTwitter\u201d hesab\u0131nda An\u0131m G\u00fcn\u00fc il\u0259 ba\u011fl\u0131 payla\u015f\u0131m edib. \u201c27 sentyabr- An\u0131m G\u00fcn\u00fc. Allah b\u00fct\u00fcn \u015f\u0259hidl\u0259rimiz\u0259 r\u0259hm\u0259t el\u0259sin!\u201d &nbsp;","_links":{"self":[{"href":"https:\/\/arantv.az\/index.php?rest_route=\/wp\/v2\/posts\/382939"}],"collection":[{"href":"https:\/\/arantv.az\/index.php?rest_route=\/wp\/v2\/posts"}],"about":[{"href":"https:\/\/arantv.az\/index.php?rest_route=\/wp\/v2\/types\/post"}],"author":[{"embeddable":true,"href":"https:\/\/arantv.az\/index.php?rest_route=\/wp\/v2\/users\/2"}],"replies":[{"embeddable":true,"href":"https:\/\/arantv.az\/index.php?rest_route=%2Fwp%2Fv2%2Fcomments&post=382939"}],"version-history":[{"count":0,"href":"https:\/\/arantv.az\/index.php?rest_route=\/wp\/v2\/posts\/382939\/revisions"}],"wp:featuredmedia":[{"embeddable":true,"href":"https:\/\/arantv.az\/index.php?rest_route=\/wp\/v2\/media\/247429"}],"wp:attachment":[{"href":"https:\/\/arantv.az\/index.php?rest_route=%2Fwp%2Fv2%2Fmedia&parent=382939"}],"wp:term":[{"taxonomy":"category","embeddable":true,"href":"https:\/\/arantv.az\/index.php?rest_route=%2Fwp%2Fv2%2Fcategories&post=382939"},{"taxonomy":"post_tag","embeddable":true,"href":"https:\/\/arantv.az\/index.php?rest_route=%2Fwp%2Fv2%2Ftags&post=382939"}],"curies":[{"name":"wp","href":"https:\/\/api.w.org\/{rel}","templated":true}]}}