{"id":382941,"date":"2021-09-27T09:12:49","date_gmt":"2021-09-27T06:12:49","guid":{"rendered":"http:\/\/arantv.az\/?p=382941"},"modified":"2021-09-27T09:12:49","modified_gmt":"2021-09-27T06:12:49","slug":"v%c9%99t%c9%99n-muharib%c9%99si-memorial-kompleksinin-v%c9%99-z%c9%99f%c9%99r-muzeyinin-t%c9%99m%c9%99li-qoyulacaq","status":"publish","type":"post","link":"https:\/\/arantv.az\/?p=382941","title":{"rendered":"V\u0259t\u0259n m\u00fcharib\u0259si Memorial Kompleksinin v\u0259 Z\u0259f\u0259r muzeyinin t\u0259m\u0259li qoyulacaq"},"content":{"rendered":"<p>Bu g\u00fcn V\u0259t\u0259n m\u00fcharib\u0259si Memorial Kompleksinin v\u0259 Z\u0259f\u0259r muzeyinin t\u0259m\u0259li qoyulacaq.<\/p>\n<p>Bunu Az\u0259rbaycan Prezidenti \u0130lham \u018fliyev bu g\u00fcn An\u0131m G\u00fcn\u00fc il\u0259 \u0259laq\u0259dar Az\u0259rbaycan xalq\u0131na m\u00fcraci\u0259tind\u0259 deyib.<\/p>\n<p>\u201cBu da ke\u00e7\u0259n ilin dekabr\u0131nda m\u0259nim s\u0259r\u0259ncam\u0131m il\u0259 h\u0259ll olunan m\u0259s\u0259l\u0259dir. Bak\u0131 \u015f\u0259h\u0259rind\u0259 \u015f\u0259h\u0259rimizin \u0259n g\u00f6z\u0259l yerl\u0259rind\u0259n birind\u0259 \u0130kinci Qaraba\u011f m\u00fcharib\u0259sinin q\u0259hr\u0259manlar\u0131n\u0131n \u015f\u0259r\u0259fin\u0259 m\u00f6ht\u0259\u015f\u0259m abid\u0259 ucald\u0131lacaq\u201d, &#8211; dey\u0259 d\u00f6vl\u0259t ba\u015f\u00e7\u0131s\u0131 qeyd edib.<\/p>\n","protected":false},"excerpt":{"rendered":"<p>Bu g\u00fcn V\u0259t\u0259n m\u00fcharib\u0259si Memorial Kompleksinin v\u0259 Z\u0259f\u0259r muzeyinin t\u0259m\u0259li qoyulacaq. Bunu Az\u0259rbaycan Prezidenti \u0130lham \u018fliyev bu g\u00fcn An\u0131m G\u00fcn\u00fc il\u0259 \u0259laq\u0259dar Az\u0259rbaycan xalq\u0131na m\u00fcraci\u0259tind\u0259 deyib. \u201cBu da ke\u00e7\u0259n ilin dekabr\u0131nda m\u0259nim s\u0259r\u0259ncam\u0131m il\u0259 h\u0259ll olunan m\u0259s\u0259l\u0259dir. Bak\u0131 \u015f\u0259h\u0259rind\u0259 \u015f\u0259h\u0259rimizin \u0259n g\u00f6z\u0259l yerl\u0259rind\u0259n birind\u0259 \u0130kinci Qaraba\u011f m\u00fcharib\u0259sinin q\u0259hr\u0259manlar\u0131n\u0131n \u015f\u0259r\u0259fin\u0259 m\u00f6ht\u0259\u015f\u0259m abid\u0259 ucald\u0131lacaq\u201d, &#8211; dey\u0259 d\u00f6vl\u0259t ba\u015f\u00e7\u0131s\u0131 qeyd edib.<\/p>\n","protected":false},"author":2,"featured_media":382942,"comment_status":"closed","ping_status":"closed","sticky":false,"template":"","format":"standard","meta":{"om_disable_all_campaigns":false,"_monsterinsights_skip_tracking":false,"_monsterinsights_sitenote_active":false,"_monsterinsights_sitenote_note":"","_monsterinsights_sitenote_category":0},"categories":[4],"tags":[],"aioseo_notices":[],"gutentor_comment":0,"rttpg_featured_image_url":{"full":["https:\/\/arantv.az\/wp-content\/uploads\/2021\/09\/5f44a63353c24-t0shxN7_yPUZws0-8.jpg",620,458,false],"landscape":["https:\/\/arantv.az\/wp-content\/uploads\/2021\/09\/5f44a63353c24-t0shxN7_yPUZws0-8.jpg",620,458,false],"portraits":["https:\/\/arantv.az\/wp-content\/uploads\/2021\/09\/5f44a63353c24-t0shxN7_yPUZws0-8.jpg",620,458,false],"thumbnail":["https:\/\/arantv.az\/wp-content\/uploads\/2021\/09\/5f44a63353c24-t0shxN7_yPUZws0-8-500x280.jpg",500,280,true],"medium":["https:\/\/arantv.az\/wp-content\/uploads\/2021\/09\/5f44a63353c24-t0shxN7_yPUZws0-8-494x365.jpg",494,365,true],"large":["https:\/\/arantv.az\/wp-content\/uploads\/2021\/09\/5f44a63353c24-t0shxN7_yPUZws0-8.jpg",620,458,false],"1536x1536":["https:\/\/arantv.az\/wp-content\/uploads\/2021\/09\/5f44a63353c24-t0shxN7_yPUZws0-8.jpg",620,458,false],"2048x2048":["https:\/\/arantv.az\/wp-content\/uploads\/2021\/09\/5f44a63353c24-t0shxN7_yPUZws0-8.jpg",620,458,false],"post-thumbnail":["https:\/\/arantv.az\/wp-content\/uploads\/2021\/09\/5f44a63353c24-t0shxN7_yPUZws0-8-240x172.jpg",240,172,true],"advps-thumb-one":["https:\/\/arantv.az\/wp-content\/uploads\/2021\/09\/5f44a63353c24-t0shxN7_yPUZws0-8.jpg",620,458,false]},"rttpg_author":{"display_name":"V\u00fcsal Rafiqo\u011flu","author_link":"https:\/\/arantv.az\/?author=2"},"rttpg_comment":0,"rttpg_category":"<a href=\"https:\/\/arantv.az\/?cat=4\" rel=\"category\">Siyas\u0259t<\/a>","rttpg_excerpt":"Bu g\u00fcn V\u0259t\u0259n m\u00fcharib\u0259si Memorial Kompleksinin v\u0259 Z\u0259f\u0259r muzeyinin t\u0259m\u0259li qoyulacaq. Bunu Az\u0259rbaycan Prezidenti \u0130lham \u018fliyev bu g\u00fcn An\u0131m G\u00fcn\u00fc il\u0259 \u0259laq\u0259dar Az\u0259rbaycan xalq\u0131na m\u00fcraci\u0259tind\u0259 deyib. \u201cBu da ke\u00e7\u0259n ilin dekabr\u0131nda m\u0259nim s\u0259r\u0259ncam\u0131m il\u0259 h\u0259ll olunan m\u0259s\u0259l\u0259dir. Bak\u0131 \u015f\u0259h\u0259rind\u0259 \u015f\u0259h\u0259rimizin \u0259n g\u00f6z\u0259l yerl\u0259rind\u0259n birind\u0259 \u0130kinci Qaraba\u011f m\u00fcharib\u0259sinin q\u0259hr\u0259manlar\u0131n\u0131n \u015f\u0259r\u0259fin\u0259 m\u00f6ht\u0259\u015f\u0259m abid\u0259 ucald\u0131lacaq\u201d, &#8211; dey\u0259 d\u00f6vl\u0259t&hellip;","_links":{"self":[{"href":"https:\/\/arantv.az\/index.php?rest_route=\/wp\/v2\/posts\/382941"}],"collection":[{"href":"https:\/\/arantv.az\/index.php?rest_route=\/wp\/v2\/posts"}],"about":[{"href":"https:\/\/arantv.az\/index.php?rest_route=\/wp\/v2\/types\/post"}],"author":[{"embeddable":true,"href":"https:\/\/arantv.az\/index.php?rest_route=\/wp\/v2\/users\/2"}],"replies":[{"embeddable":true,"href":"https:\/\/arantv.az\/index.php?rest_route=%2Fwp%2Fv2%2Fcomments&post=382941"}],"version-history":[{"count":0,"href":"https:\/\/arantv.az\/index.php?rest_route=\/wp\/v2\/posts\/382941\/revisions"}],"wp:featuredmedia":[{"embeddable":true,"href":"https:\/\/arantv.az\/index.php?rest_route=\/wp\/v2\/media\/382942"}],"wp:attachment":[{"href":"https:\/\/arantv.az\/index.php?rest_route=%2Fwp%2Fv2%2Fmedia&parent=382941"}],"wp:term":[{"taxonomy":"category","embeddable":true,"href":"https:\/\/arantv.az\/index.php?rest_route=%2Fwp%2Fv2%2Fcategories&post=382941"},{"taxonomy":"post_tag","embeddable":true,"href":"https:\/\/arantv.az\/index.php?rest_route=%2Fwp%2Fv2%2Ftags&post=382941"}],"curies":[{"name":"wp","href":"https:\/\/api.w.org\/{rel}","templated":true}]}}