{"id":382947,"date":"2021-09-27T09:14:28","date_gmt":"2021-09-27T06:14:28","guid":{"rendered":"http:\/\/arantv.az\/?p=382947"},"modified":"2021-09-27T09:14:28","modified_gmt":"2021-09-27T06:14:28","slug":"ilham-%c9%99liyev-az%c9%99rbaycan-ikinci-qarabag-muharib%c9%99sind%c9%99-tam-q%c9%99l%c9%99b%c9%99-qazanib","status":"publish","type":"post","link":"https:\/\/arantv.az\/?p=382947","title":{"rendered":"\u0130lham \u018fliyev: \u201cAz\u0259rbaycan \u0130kinci Qaraba\u011f m\u00fcharib\u0259sind\u0259 tam q\u0259l\u0259b\u0259 qazan\u0131b\u201d"},"content":{"rendered":"<p>\u201cD\u00fcz bir il bundan \u0259vv\u0259l Erm\u0259nistan Az\u0259rbaycana qar\u015f\u0131 h\u0259rbi t\u0259xribat t\u00f6r\u0259d\u0259r\u0259k bizim d\u00f6y\u00fc\u015f m\u00f6vqel\u0259rimizi v\u0259 ya\u015fay\u0131\u015f m\u0259nt\u0259q\u0259l\u0259rimizi at\u0259\u015f\u0259 tutmu\u015fdu\u201d.<\/p>\n<p><strong>ARANTV.AZ<\/strong>-\u0131n m\u0259lumat\u0131na \u0259sas\u0259n, bunu Prezident \u0130lham \u018fliyev xalqa m\u00fcraci\u0259tind\u0259 deyib.<\/p>\n<div id=\"AdviadNativeVideo0\" class=\"AdviadNativeVideo\"><\/div>\n<p>D\u00f6vl\u0259t ba\u015f\u00e7\u0131s\u0131 bildirib ki, bu nam\u0259rd at\u0259\u015f n\u0259tic\u0259sind\u0259\u00a0m\u00fclki \u015f\u0259xsl\u0259r, h\u0259rb\u00e7il\u0259r ilk saatlarda h\u0259lak olmu\u015fdu.<\/p>\n<p>\u201cM\u0259nim \u0259mriml\u0259 Az\u0259rbaycan ordusu bu qanl\u0131 cinay\u0259t\u0259 cavab olaraq geni\u015fmiqyasl\u0131 \u0259ks-h\u00fccum \u0259m\u0259liyyatlar\u0131na ba\u015flad\u0131\u201d, &#8211; dey\u0259 Prezident \u0259lav\u0259 edib.<\/p>\n<p>\u0130lham \u018fliyev bildirib ki, Az\u0259rbaycan 44 g\u00fcn davam ed\u0259n \u0130kinci Qaraba\u011f m\u00fcharib\u0259sind\u0259 tam q\u0259l\u0259b\u0259 qazan\u0131b.<\/p>\n","protected":false},"excerpt":{"rendered":"<p>\u201cD\u00fcz bir il bundan \u0259vv\u0259l Erm\u0259nistan Az\u0259rbaycana qar\u015f\u0131 h\u0259rbi t\u0259xribat t\u00f6r\u0259d\u0259r\u0259k bizim d\u00f6y\u00fc\u015f m\u00f6vqel\u0259rimizi v\u0259 ya\u015fay\u0131\u015f m\u0259nt\u0259q\u0259l\u0259rimizi at\u0259\u015f\u0259 tutmu\u015fdu\u201d. ARANTV.AZ-\u0131n m\u0259lumat\u0131na \u0259sas\u0259n, bunu Prezident \u0130lham \u018fliyev xalqa m\u00fcraci\u0259tind\u0259 deyib. D\u00f6vl\u0259t ba\u015f\u00e7\u0131s\u0131 bildirib ki, bu nam\u0259rd at\u0259\u015f n\u0259tic\u0259sind\u0259\u00a0m\u00fclki \u015f\u0259xsl\u0259r, h\u0259rb\u00e7il\u0259r ilk saatlarda h\u0259lak olmu\u015fdu. \u201cM\u0259nim \u0259mriml\u0259 Az\u0259rbaycan ordusu bu qanl\u0131 cinay\u0259t\u0259 cavab olaraq geni\u015fmiqyasl\u0131 \u0259ks-h\u00fccum \u0259m\u0259liyyatlar\u0131na ba\u015flad\u0131\u201d, &#8211; dey\u0259 Prezident \u0259lav\u0259 edib. \u0130lham \u018fliyev bildirib ki, Az\u0259rbaycan 44 g\u00fcn davam ed\u0259n \u0130kinci Qaraba\u011f m\u00fcharib\u0259sind\u0259 tam q\u0259l\u0259b\u0259 qazan\u0131b.<\/p>\n","protected":false},"author":2,"featured_media":382948,"comment_status":"closed","ping_status":"closed","sticky":false,"template":"","format":"standard","meta":{"om_disable_all_campaigns":false,"_monsterinsights_skip_tracking":false,"_monsterinsights_sitenote_active":false,"_monsterinsights_sitenote_note":"","_monsterinsights_sitenote_category":0},"categories":[4],"tags":[],"aioseo_notices":[],"gutentor_comment":0,"rttpg_featured_image_url":{"full":["https:\/\/arantv.az\/wp-content\/uploads\/2021\/09\/1614939267100646329_1000x669.jpg",620,414,false],"landscape":["https:\/\/arantv.az\/wp-content\/uploads\/2021\/09\/1614939267100646329_1000x669.jpg",620,414,false],"portraits":["https:\/\/arantv.az\/wp-content\/uploads\/2021\/09\/1614939267100646329_1000x669.jpg",620,414,false],"thumbnail":["https:\/\/arantv.az\/wp-content\/uploads\/2021\/09\/1614939267100646329_1000x669-500x280.jpg",500,280,true],"medium":["https:\/\/arantv.az\/wp-content\/uploads\/2021\/09\/1614939267100646329_1000x669-547x365.jpg",547,365,true],"large":["https:\/\/arantv.az\/wp-content\/uploads\/2021\/09\/1614939267100646329_1000x669.jpg",620,414,false],"1536x1536":["https:\/\/arantv.az\/wp-content\/uploads\/2021\/09\/1614939267100646329_1000x669.jpg",620,414,false],"2048x2048":["https:\/\/arantv.az\/wp-content\/uploads\/2021\/09\/1614939267100646329_1000x669.jpg",620,414,false],"post-thumbnail":["https:\/\/arantv.az\/wp-content\/uploads\/2021\/09\/1614939267100646329_1000x669-240x172.jpg",240,172,true],"advps-thumb-one":["https:\/\/arantv.az\/wp-content\/uploads\/2021\/09\/1614939267100646329_1000x669.jpg",620,414,false]},"rttpg_author":{"display_name":"V\u00fcsal Rafiqo\u011flu","author_link":"https:\/\/arantv.az\/?author=2"},"rttpg_comment":0,"rttpg_category":"<a href=\"https:\/\/arantv.az\/?cat=4\" rel=\"category\">Siyas\u0259t<\/a>","rttpg_excerpt":"\u201cD\u00fcz bir il bundan \u0259vv\u0259l Erm\u0259nistan Az\u0259rbaycana qar\u015f\u0131 h\u0259rbi t\u0259xribat t\u00f6r\u0259d\u0259r\u0259k bizim d\u00f6y\u00fc\u015f m\u00f6vqel\u0259rimizi v\u0259 ya\u015fay\u0131\u015f m\u0259nt\u0259q\u0259l\u0259rimizi at\u0259\u015f\u0259 tutmu\u015fdu\u201d. ARANTV.AZ-\u0131n m\u0259lumat\u0131na \u0259sas\u0259n, bunu Prezident \u0130lham \u018fliyev xalqa m\u00fcraci\u0259tind\u0259 deyib. D\u00f6vl\u0259t ba\u015f\u00e7\u0131s\u0131 bildirib ki, bu nam\u0259rd at\u0259\u015f n\u0259tic\u0259sind\u0259\u00a0m\u00fclki \u015f\u0259xsl\u0259r, h\u0259rb\u00e7il\u0259r ilk saatlarda h\u0259lak olmu\u015fdu. \u201cM\u0259nim \u0259mriml\u0259 Az\u0259rbaycan ordusu bu qanl\u0131 cinay\u0259t\u0259 cavab olaraq geni\u015fmiqyasl\u0131 \u0259ks-h\u00fccum \u0259m\u0259liyyatlar\u0131na&hellip;","_links":{"self":[{"href":"https:\/\/arantv.az\/index.php?rest_route=\/wp\/v2\/posts\/382947"}],"collection":[{"href":"https:\/\/arantv.az\/index.php?rest_route=\/wp\/v2\/posts"}],"about":[{"href":"https:\/\/arantv.az\/index.php?rest_route=\/wp\/v2\/types\/post"}],"author":[{"embeddable":true,"href":"https:\/\/arantv.az\/index.php?rest_route=\/wp\/v2\/users\/2"}],"replies":[{"embeddable":true,"href":"https:\/\/arantv.az\/index.php?rest_route=%2Fwp%2Fv2%2Fcomments&post=382947"}],"version-history":[{"count":0,"href":"https:\/\/arantv.az\/index.php?rest_route=\/wp\/v2\/posts\/382947\/revisions"}],"wp:featuredmedia":[{"embeddable":true,"href":"https:\/\/arantv.az\/index.php?rest_route=\/wp\/v2\/media\/382948"}],"wp:attachment":[{"href":"https:\/\/arantv.az\/index.php?rest_route=%2Fwp%2Fv2%2Fmedia&parent=382947"}],"wp:term":[{"taxonomy":"category","embeddable":true,"href":"https:\/\/arantv.az\/index.php?rest_route=%2Fwp%2Fv2%2Fcategories&post=382947"},{"taxonomy":"post_tag","embeddable":true,"href":"https:\/\/arantv.az\/index.php?rest_route=%2Fwp%2Fv2%2Ftags&post=382947"}],"curies":[{"name":"wp","href":"https:\/\/api.w.org\/{rel}","templated":true}]}}