{"id":382950,"date":"2021-09-27T09:15:43","date_gmt":"2021-09-27T06:15:43","guid":{"rendered":"http:\/\/arantv.az\/?p=382950"},"modified":"2021-09-27T09:15:43","modified_gmt":"2021-09-27T06:15:43","slug":"muq%c9%99dd%c9%99s-bakir%c9%99-m%c9%99ry%c9%99m-kils%c9%99sind%c9%99-s%c9%99hidl%c9%99rin-xatir%c9%99sin%c9%99-dua-m%c9%99rasimi-kecirilib","status":"publish","type":"post","link":"https:\/\/arantv.az\/?p=382950","title":{"rendered":"M\u00fcq\u0259dd\u0259s Bakir\u0259 M\u0259ry\u0259m kils\u0259sind\u0259 \u015f\u0259hidl\u0259rin xatir\u0259sin\u0259 dua m\u0259rasimi ke\u00e7irilib"},"content":{"rendered":"<p>Bu g\u00fcn M\u00fcq\u0259dd\u0259s Bakir\u0259 M\u0259ry\u0259m kils\u0259sind\u0259 \u015f\u0259hidl\u0259rin xatir\u0259sin\u0259 dua m\u0259rasimi t\u0259\u015fkil edilib.<\/p>\n<p><strong>ARANTV.AZ x\u0259b\u0259r verir ki,<\/strong>\u00a0Roma-Katolik Kils\u0259sinin Az\u0259rbaycandak\u0131 ordinarisi, yepiskop Vladimir Feketenin i\u015ftirak\u0131 il\u0259 ke\u00e7iril\u0259n m\u0259rasimd\u0259 dini ayinl\u0259r icra edilib, \u015f\u0259hidl\u0259rin ruhuna dualar oxunub.<\/p>\n<p>Yepiskop Az\u0259rbaycan xalq\u0131na s\u00fclh v\u0259 rifah arzulay\u0131b.<\/p>\n","protected":false},"excerpt":{"rendered":"<p>Bu g\u00fcn M\u00fcq\u0259dd\u0259s Bakir\u0259 M\u0259ry\u0259m kils\u0259sind\u0259 \u015f\u0259hidl\u0259rin xatir\u0259sin\u0259 dua m\u0259rasimi t\u0259\u015fkil edilib. ARANTV.AZ x\u0259b\u0259r verir ki,\u00a0Roma-Katolik Kils\u0259sinin Az\u0259rbaycandak\u0131 ordinarisi, yepiskop Vladimir Feketenin i\u015ftirak\u0131 il\u0259 ke\u00e7iril\u0259n m\u0259rasimd\u0259 dini ayinl\u0259r icra edilib, \u015f\u0259hidl\u0259rin ruhuna dualar oxunub. Yepiskop Az\u0259rbaycan xalq\u0131na s\u00fclh v\u0259 rifah arzulay\u0131b.<\/p>\n","protected":false},"author":2,"featured_media":382951,"comment_status":"closed","ping_status":"closed","sticky":false,"template":"","format":"standard","meta":{"om_disable_all_campaigns":false,"_monsterinsights_skip_tracking":false,"_monsterinsights_sitenote_active":false,"_monsterinsights_sitenote_note":"","_monsterinsights_sitenote_category":0},"categories":[26],"tags":[],"aioseo_notices":[],"gutentor_comment":0,"rttpg_featured_image_url":{"full":["https:\/\/arantv.az\/wp-content\/uploads\/2021\/09\/c359889a163272230293144722610826559.jpg",975,540,false],"landscape":["https:\/\/arantv.az\/wp-content\/uploads\/2021\/09\/c359889a163272230293144722610826559.jpg",975,540,false],"portraits":["https:\/\/arantv.az\/wp-content\/uploads\/2021\/09\/c359889a163272230293144722610826559.jpg",975,540,false],"thumbnail":["https:\/\/arantv.az\/wp-content\/uploads\/2021\/09\/c359889a163272230293144722610826559-500x280.jpg",500,280,true],"medium":["https:\/\/arantv.az\/wp-content\/uploads\/2021\/09\/c359889a163272230293144722610826559-660x365.jpg",660,365,true],"large":["https:\/\/arantv.az\/wp-content\/uploads\/2021\/09\/c359889a163272230293144722610826559-840x465.jpg",640,354,true],"1536x1536":["https:\/\/arantv.az\/wp-content\/uploads\/2021\/09\/c359889a163272230293144722610826559.jpg",975,540,false],"2048x2048":["https:\/\/arantv.az\/wp-content\/uploads\/2021\/09\/c359889a163272230293144722610826559.jpg",975,540,false],"post-thumbnail":["https:\/\/arantv.az\/wp-content\/uploads\/2021\/09\/c359889a163272230293144722610826559-240x172.jpg",240,172,true],"advps-thumb-one":["https:\/\/arantv.az\/wp-content\/uploads\/2021\/09\/c359889a163272230293144722610826559.jpg",975,540,false]},"rttpg_author":{"display_name":"V\u00fcsal Rafiqo\u011flu","author_link":"https:\/\/arantv.az\/?author=2"},"rttpg_comment":0,"rttpg_category":"<a href=\"https:\/\/arantv.az\/?cat=26\" rel=\"category\">Sosial<\/a>","rttpg_excerpt":"Bu g\u00fcn M\u00fcq\u0259dd\u0259s Bakir\u0259 M\u0259ry\u0259m kils\u0259sind\u0259 \u015f\u0259hidl\u0259rin xatir\u0259sin\u0259 dua m\u0259rasimi t\u0259\u015fkil edilib. ARANTV.AZ x\u0259b\u0259r verir ki,\u00a0Roma-Katolik Kils\u0259sinin Az\u0259rbaycandak\u0131 ordinarisi, yepiskop Vladimir Feketenin i\u015ftirak\u0131 il\u0259 ke\u00e7iril\u0259n m\u0259rasimd\u0259 dini ayinl\u0259r icra edilib, \u015f\u0259hidl\u0259rin ruhuna dualar oxunub. Yepiskop Az\u0259rbaycan xalq\u0131na s\u00fclh v\u0259 rifah arzulay\u0131b.","_links":{"self":[{"href":"https:\/\/arantv.az\/index.php?rest_route=\/wp\/v2\/posts\/382950"}],"collection":[{"href":"https:\/\/arantv.az\/index.php?rest_route=\/wp\/v2\/posts"}],"about":[{"href":"https:\/\/arantv.az\/index.php?rest_route=\/wp\/v2\/types\/post"}],"author":[{"embeddable":true,"href":"https:\/\/arantv.az\/index.php?rest_route=\/wp\/v2\/users\/2"}],"replies":[{"embeddable":true,"href":"https:\/\/arantv.az\/index.php?rest_route=%2Fwp%2Fv2%2Fcomments&post=382950"}],"version-history":[{"count":0,"href":"https:\/\/arantv.az\/index.php?rest_route=\/wp\/v2\/posts\/382950\/revisions"}],"wp:featuredmedia":[{"embeddable":true,"href":"https:\/\/arantv.az\/index.php?rest_route=\/wp\/v2\/media\/382951"}],"wp:attachment":[{"href":"https:\/\/arantv.az\/index.php?rest_route=%2Fwp%2Fv2%2Fmedia&parent=382950"}],"wp:term":[{"taxonomy":"category","embeddable":true,"href":"https:\/\/arantv.az\/index.php?rest_route=%2Fwp%2Fv2%2Fcategories&post=382950"},{"taxonomy":"post_tag","embeddable":true,"href":"https:\/\/arantv.az\/index.php?rest_route=%2Fwp%2Fv2%2Ftags&post=382950"}],"curies":[{"name":"wp","href":"https:\/\/api.w.org\/{rel}","templated":true}]}}