{"id":382959,"date":"2021-09-27T09:26:01","date_gmt":"2021-09-27T06:26:01","guid":{"rendered":"http:\/\/arantv.az\/?p=382959"},"modified":"2021-09-27T09:26:01","modified_gmt":"2021-09-27T06:26:01","slug":"ilham-%c9%99liyev-r%c9%99c%c9%99b-tayyib-%c9%99rdogan-t%c9%99r%c9%99find%c9%99n-veril%c9%99n-aciqlamalar-biz%c9%99-cox-boyuk-siyasi-d%c9%99st%c9%99k-oldu","status":"publish","type":"post","link":"https:\/\/arantv.az\/?p=382959","title":{"rendered":"\u0130lham \u018fliyev: \u201cR\u0259c\u0259b Tayyib \u018frdo\u011fan t\u0259r\u0259find\u0259n veril\u0259n a\u00e7\u0131qlamalar biz\u0259 \u00e7ox b\u00f6y\u00fck siyasi d\u0259st\u0259k oldu\u201d"},"content":{"rendered":"<p>\u201c44 g\u00fcn \u0259rzind\u0259 biz\u0259 \u0259n b\u00f6y\u00fck d\u0259st\u0259k ver\u0259n qarda\u015f T\u00fcrkiy\u0259y\u0259 bu g\u00fcn \u2013 An\u0131m G\u00fcn\u00fcnd\u0259 \u00f6z t\u0259\u015f\u0259kk\u00fcr\u00fcm\u00fc bildirm\u0259k ist\u0259yir\u0259m\u201d.<\/p>\n<p><strong>ARANTV.AZ-<\/strong>\u0131n m\u0259lumat\u0131na \u0259sas\u0259n, bunu Prezident \u0130lham \u018fliyev xalqa m\u00fcraci\u0259tind\u0259 deyib.<\/p>\n<div id=\"AdviadNativeVideo0\" class=\"AdviadNativeVideo\"><\/div>\n<p>O bildirib ki, qarda\u015f T\u00fcrkiy\u0259 v\u0259 qarda\u015f t\u00fcrk xalq\u0131 m\u00fcharib\u0259nin ilk saatlar\u0131ndan Az\u0259rbaycanla h\u0259mr\u0259y oldular.<\/p>\n<p>\u201cT\u00fcrkiy\u0259 r\u0259hb\u0259rliyi v\u0259 \u0259ziz qarda\u015f\u0131m Prezident R\u0259c\u0259b Tayyib \u018frdo\u011fan t\u0259r\u0259find\u0259n veril\u0259n a\u00e7\u0131qlamalar biz\u0259 \u00e7ox b\u00f6y\u00fck siyasi d\u0259st\u0259k oldu, biz\u0259 \u0259lav\u0259 g\u00fcc verdi. Biz bunu he\u00e7 vaxt unutmayaca\u011f\u0131q. 44 g\u00fcnl\u00fck V\u0259t\u0259n m\u00fcharib\u0259si b\u00fct\u00fcn d\u00fcnyaya T\u00fcrkiy\u0259-Az\u0259rbaycan birliyini bir daha g\u00f6st\u0259rdi\u201d.<\/p>\n<p>\u0130lham \u018fliyev m\u00fcharib\u0259 d\u00f6vr\u00fcnd\u0259 Az\u0259rbaycana siyasi d\u0259st\u0259k g\u00f6st\u0259r\u0259n dig\u0259r d\u00f6vl\u0259tl\u0259r\u0259 d\u0259 minn\u0259tdarl\u0131\u011f\u0131n\u0131 bildirib.<\/p>\n","protected":false},"excerpt":{"rendered":"<p>\u201c44 g\u00fcn \u0259rzind\u0259 biz\u0259 \u0259n b\u00f6y\u00fck d\u0259st\u0259k ver\u0259n qarda\u015f T\u00fcrkiy\u0259y\u0259 bu g\u00fcn \u2013 An\u0131m G\u00fcn\u00fcnd\u0259 \u00f6z t\u0259\u015f\u0259kk\u00fcr\u00fcm\u00fc bildirm\u0259k ist\u0259yir\u0259m\u201d. ARANTV.AZ-\u0131n m\u0259lumat\u0131na \u0259sas\u0259n, bunu Prezident \u0130lham \u018fliyev xalqa m\u00fcraci\u0259tind\u0259 deyib. O bildirib ki, qarda\u015f T\u00fcrkiy\u0259 v\u0259 qarda\u015f t\u00fcrk xalq\u0131 m\u00fcharib\u0259nin ilk saatlar\u0131ndan Az\u0259rbaycanla h\u0259mr\u0259y oldular. \u201cT\u00fcrkiy\u0259 r\u0259hb\u0259rliyi v\u0259 \u0259ziz qarda\u015f\u0131m Prezident R\u0259c\u0259b Tayyib \u018frdo\u011fan t\u0259r\u0259find\u0259n veril\u0259n a\u00e7\u0131qlamalar biz\u0259 \u00e7ox b\u00f6y\u00fck siyasi d\u0259st\u0259k oldu, biz\u0259 \u0259lav\u0259 g\u00fcc verdi. Biz bunu he\u00e7 vaxt unutmayaca\u011f\u0131q. 44 g\u00fcnl\u00fck V\u0259t\u0259n m\u00fcharib\u0259si b\u00fct\u00fcn d\u00fcnyaya T\u00fcrkiy\u0259-Az\u0259rbaycan birliyini bir daha g\u00f6st\u0259rdi\u201d. \u0130lham \u018fliyev m\u00fcharib\u0259 d\u00f6vr\u00fcnd\u0259 Az\u0259rbaycana siyasi d\u0259st\u0259k g\u00f6st\u0259r\u0259n&hellip;<\/p>\n","protected":false},"author":2,"featured_media":382960,"comment_status":"closed","ping_status":"closed","sticky":false,"template":"","format":"standard","meta":{"om_disable_all_campaigns":false,"_monsterinsights_skip_tracking":false,"_monsterinsights_sitenote_active":false,"_monsterinsights_sitenote_note":"","_monsterinsights_sitenote_category":0},"categories":[4],"tags":[],"aioseo_notices":[],"gutentor_comment":0,"rttpg_featured_image_url":{"full":["https:\/\/arantv.az\/wp-content\/uploads\/2021\/09\/200830936_10165057675735315_8486692499540948953_n.jpg",620,413,false],"landscape":["https:\/\/arantv.az\/wp-content\/uploads\/2021\/09\/200830936_10165057675735315_8486692499540948953_n.jpg",620,413,false],"portraits":["https:\/\/arantv.az\/wp-content\/uploads\/2021\/09\/200830936_10165057675735315_8486692499540948953_n.jpg",620,413,false],"thumbnail":["https:\/\/arantv.az\/wp-content\/uploads\/2021\/09\/200830936_10165057675735315_8486692499540948953_n-500x280.jpg",500,280,true],"medium":["https:\/\/arantv.az\/wp-content\/uploads\/2021\/09\/200830936_10165057675735315_8486692499540948953_n-548x365.jpg",548,365,true],"large":["https:\/\/arantv.az\/wp-content\/uploads\/2021\/09\/200830936_10165057675735315_8486692499540948953_n.jpg",620,413,false],"1536x1536":["https:\/\/arantv.az\/wp-content\/uploads\/2021\/09\/200830936_10165057675735315_8486692499540948953_n.jpg",620,413,false],"2048x2048":["https:\/\/arantv.az\/wp-content\/uploads\/2021\/09\/200830936_10165057675735315_8486692499540948953_n.jpg",620,413,false],"post-thumbnail":["https:\/\/arantv.az\/wp-content\/uploads\/2021\/09\/200830936_10165057675735315_8486692499540948953_n-240x172.jpg",240,172,true],"advps-thumb-one":["https:\/\/arantv.az\/wp-content\/uploads\/2021\/09\/200830936_10165057675735315_8486692499540948953_n.jpg",620,413,false]},"rttpg_author":{"display_name":"V\u00fcsal Rafiqo\u011flu","author_link":"https:\/\/arantv.az\/?author=2"},"rttpg_comment":0,"rttpg_category":"<a href=\"https:\/\/arantv.az\/?cat=4\" rel=\"category\">Siyas\u0259t<\/a>","rttpg_excerpt":"\u201c44 g\u00fcn \u0259rzind\u0259 biz\u0259 \u0259n b\u00f6y\u00fck d\u0259st\u0259k ver\u0259n qarda\u015f T\u00fcrkiy\u0259y\u0259 bu g\u00fcn \u2013 An\u0131m G\u00fcn\u00fcnd\u0259 \u00f6z t\u0259\u015f\u0259kk\u00fcr\u00fcm\u00fc bildirm\u0259k ist\u0259yir\u0259m\u201d. ARANTV.AZ-\u0131n m\u0259lumat\u0131na \u0259sas\u0259n, bunu Prezident \u0130lham \u018fliyev xalqa m\u00fcraci\u0259tind\u0259 deyib. O bildirib ki, qarda\u015f T\u00fcrkiy\u0259 v\u0259 qarda\u015f t\u00fcrk xalq\u0131 m\u00fcharib\u0259nin ilk saatlar\u0131ndan Az\u0259rbaycanla h\u0259mr\u0259y oldular. \u201cT\u00fcrkiy\u0259 r\u0259hb\u0259rliyi v\u0259 \u0259ziz qarda\u015f\u0131m Prezident R\u0259c\u0259b Tayyib \u018frdo\u011fan t\u0259r\u0259find\u0259n veril\u0259n&hellip;","_links":{"self":[{"href":"https:\/\/arantv.az\/index.php?rest_route=\/wp\/v2\/posts\/382959"}],"collection":[{"href":"https:\/\/arantv.az\/index.php?rest_route=\/wp\/v2\/posts"}],"about":[{"href":"https:\/\/arantv.az\/index.php?rest_route=\/wp\/v2\/types\/post"}],"author":[{"embeddable":true,"href":"https:\/\/arantv.az\/index.php?rest_route=\/wp\/v2\/users\/2"}],"replies":[{"embeddable":true,"href":"https:\/\/arantv.az\/index.php?rest_route=%2Fwp%2Fv2%2Fcomments&post=382959"}],"version-history":[{"count":0,"href":"https:\/\/arantv.az\/index.php?rest_route=\/wp\/v2\/posts\/382959\/revisions"}],"wp:featuredmedia":[{"embeddable":true,"href":"https:\/\/arantv.az\/index.php?rest_route=\/wp\/v2\/media\/382960"}],"wp:attachment":[{"href":"https:\/\/arantv.az\/index.php?rest_route=%2Fwp%2Fv2%2Fmedia&parent=382959"}],"wp:term":[{"taxonomy":"category","embeddable":true,"href":"https:\/\/arantv.az\/index.php?rest_route=%2Fwp%2Fv2%2Fcategories&post=382959"},{"taxonomy":"post_tag","embeddable":true,"href":"https:\/\/arantv.az\/index.php?rest_route=%2Fwp%2Fv2%2Ftags&post=382959"}],"curies":[{"name":"wp","href":"https:\/\/api.w.org\/{rel}","templated":true}]}}