{"id":382962,"date":"2021-09-27T09:26:57","date_gmt":"2021-09-27T06:26:57","guid":{"rendered":"http:\/\/arantv.az\/?p=382962"},"modified":"2021-09-27T09:26:57","modified_gmt":"2021-09-27T06:26:57","slug":"hami-bir-suarla-yasayirdi-oldu-var-dondu-yoxdur","status":"publish","type":"post","link":"https:\/\/arantv.az\/?p=382962","title":{"rendered":"&#8220;Ham\u0131 bir \u015f\u00fcarla ya\u015fay\u0131rd\u0131: \u00f6ld\u00fc var, d\u00f6nd\u00fc yoxdur!&#8221;"},"content":{"rendered":"<p>&#8220;D\u0259f\u0259l\u0259rl\u0259 demi\u015fdim ki, d\u00fc\u015fm\u0259n \u00f6z xo\u015fu il\u0259 torpaqlar\u0131m\u0131zdan \u00e7\u0131xmasa, biz onu qovaca\u011f\u0131q v\u0259 bel\u0259 d\u0259 oldu&#8221;.<\/p>\n<p><strong>ARANTV.AZ<\/strong> <a title=\"xeberler son xeberler 2021\" href=\"https:\/\/big.az\/\" target=\"_blank\" rel=\"noopener\">x\u0259b\u0259r<\/a>\u00a0verir ki, bunu Az\u0259rbaycan Prezidenti \u0130lham \u018fliyev An\u0131m G\u00fcn\u00fc il\u0259 \u0259laq\u0259dar xalqa m\u00fcraci\u0259tind\u0259 deyir.<\/p>\n<div id=\"AdviadNativeVideo0\" class=\"AdviadNativeVideo\"><\/div>\n<p>D\u00f6vl\u0259t ba\u015f\u00e7\u0131s\u0131 bildirib ki, biz Birinci Qaraba\u011f m\u00fcharib\u0259sind\u0259ki m\u0259\u011flubiyy\u0259tl\u0259 bar\u0131\u015fmad\u0131q, biz d\u00fc\u015fm\u0259ni torpaqlar\u0131m\u0131zdan qovduq: &#8220;Bu g\u00fcn Az\u0259rbaycan xal\u0131q m\u00fcz\u0259ff\u0259r xalq kimi ya\u015fay\u0131r, bu g\u00fcn Az\u0259rbaycan d\u00f6vl\u0259ti qalib d\u00f6vl\u0259t kimi ya\u015fay\u0131r. Biz daim m\u00fcz\u0259ff\u0259r xalq, qalib d\u00f6vl\u0259t kimi ya\u015fayaca\u011f\u0131q.<\/p>\n<p>M\u00fcharib\u0259 d\u00f6vr\u00fcnd\u0259 d\u0259f\u0259l\u0259rl\u0259 Az\u0259rbaycan xalq\u0131na m\u00fcraci\u0259t ed\u0259r\u0259k deyirdim ki, he\u00e7 n\u0259 v\u0259 he\u00e7 kim bizi dayand\u0131ra bilm\u0259z. Biz m\u00fcq\u0259dd\u0259s sava\u015fa \u00e7\u0131xm\u0131\u015fd\u0131q. M\u00fcharib\u0259 d\u00f6vr\u00fcnd\u0259 ham\u0131 bir \u015f\u00fcarla ya\u015fay\u0131rd\u0131: \u00f6ld\u00fc var, d\u00f6nd\u00fc yoxdur.<\/p>\n<p>Biz h\u0259r g\u00fcn q\u0259l\u0259b\u0259 qazan\u0131rd\u0131q, 44 g\u00fcn \u0259rzind\u0259 bir g\u00fcn d\u0259 olmay\u0131b ki, biz geri add\u0131m ataq. Baxmayaraq ki, 30 il \u0259rzind\u0259 5-6 x\u0259td\u0259n ibar\u0259t istehkam qurulmu\u015fdu. 44 g\u00fcnl\u00fck m\u00fcharib\u0259 zaman\u0131 Az\u0259rbaycan ordusunda bir d\u0259n\u0259 d\u0259 olsun f\u0259rarilik olmay\u0131b. Biz \u0259sg\u0259r, zabitl\u0259rimizl\u0259 f\u0259xri edirik, onlar\u0131n q\u0259hr\u0259manl\u0131qlar\u0131 unudulmayacaq&#8221;.<\/p>\n","protected":false},"excerpt":{"rendered":"<p>&#8220;D\u0259f\u0259l\u0259rl\u0259 demi\u015fdim ki, d\u00fc\u015fm\u0259n \u00f6z xo\u015fu il\u0259 torpaqlar\u0131m\u0131zdan \u00e7\u0131xmasa, biz onu qovaca\u011f\u0131q v\u0259 bel\u0259 d\u0259 oldu&#8221;. ARANTV.AZ x\u0259b\u0259r\u00a0verir ki, bunu Az\u0259rbaycan Prezidenti \u0130lham \u018fliyev An\u0131m G\u00fcn\u00fc il\u0259 \u0259laq\u0259dar xalqa m\u00fcraci\u0259tind\u0259 deyir. D\u00f6vl\u0259t ba\u015f\u00e7\u0131s\u0131 bildirib ki, biz Birinci Qaraba\u011f m\u00fcharib\u0259sind\u0259ki m\u0259\u011flubiyy\u0259tl\u0259 bar\u0131\u015fmad\u0131q, biz d\u00fc\u015fm\u0259ni torpaqlar\u0131m\u0131zdan qovduq: &#8220;Bu g\u00fcn Az\u0259rbaycan xal\u0131q m\u00fcz\u0259ff\u0259r xalq kimi ya\u015fay\u0131r, bu g\u00fcn Az\u0259rbaycan d\u00f6vl\u0259ti qalib d\u00f6vl\u0259t kimi ya\u015fay\u0131r. Biz daim m\u00fcz\u0259ff\u0259r xalq, qalib d\u00f6vl\u0259t kimi ya\u015fayaca\u011f\u0131q. M\u00fcharib\u0259 d\u00f6vr\u00fcnd\u0259 d\u0259f\u0259l\u0259rl\u0259 Az\u0259rbaycan xalq\u0131na m\u00fcraci\u0259t ed\u0259r\u0259k deyirdim ki, he\u00e7 n\u0259 v\u0259 he\u00e7 kim bizi dayand\u0131ra bilm\u0259z. Biz m\u00fcq\u0259dd\u0259s sava\u015fa \u00e7\u0131xm\u0131\u015fd\u0131q.&hellip;<\/p>\n","protected":false},"author":2,"featured_media":382963,"comment_status":"closed","ping_status":"closed","sticky":false,"template":"","format":"standard","meta":{"om_disable_all_campaigns":false,"_monsterinsights_skip_tracking":false,"_monsterinsights_sitenote_active":false,"_monsterinsights_sitenote_note":"","_monsterinsights_sitenote_category":0},"categories":[4],"tags":[],"aioseo_notices":[],"gutentor_comment":0,"rttpg_featured_image_url":{"full":["https:\/\/arantv.az\/wp-content\/uploads\/2021\/09\/hami_61632723687.jpg",637,400,false],"landscape":["https:\/\/arantv.az\/wp-content\/uploads\/2021\/09\/hami_61632723687.jpg",637,400,false],"portraits":["https:\/\/arantv.az\/wp-content\/uploads\/2021\/09\/hami_61632723687.jpg",637,400,false],"thumbnail":["https:\/\/arantv.az\/wp-content\/uploads\/2021\/09\/hami_61632723687-500x280.jpg",500,280,true],"medium":["https:\/\/arantv.az\/wp-content\/uploads\/2021\/09\/hami_61632723687-581x365.jpg",581,365,true],"large":["https:\/\/arantv.az\/wp-content\/uploads\/2021\/09\/hami_61632723687.jpg",637,400,false],"1536x1536":["https:\/\/arantv.az\/wp-content\/uploads\/2021\/09\/hami_61632723687.jpg",637,400,false],"2048x2048":["https:\/\/arantv.az\/wp-content\/uploads\/2021\/09\/hami_61632723687.jpg",637,400,false],"post-thumbnail":["https:\/\/arantv.az\/wp-content\/uploads\/2021\/09\/hami_61632723687-240x172.jpg",240,172,true],"advps-thumb-one":["https:\/\/arantv.az\/wp-content\/uploads\/2021\/09\/hami_61632723687.jpg",637,400,false]},"rttpg_author":{"display_name":"V\u00fcsal Rafiqo\u011flu","author_link":"https:\/\/arantv.az\/?author=2"},"rttpg_comment":0,"rttpg_category":"<a href=\"https:\/\/arantv.az\/?cat=4\" rel=\"category\">Siyas\u0259t<\/a>","rttpg_excerpt":"&#8220;D\u0259f\u0259l\u0259rl\u0259 demi\u015fdim ki, d\u00fc\u015fm\u0259n \u00f6z xo\u015fu il\u0259 torpaqlar\u0131m\u0131zdan \u00e7\u0131xmasa, biz onu qovaca\u011f\u0131q v\u0259 bel\u0259 d\u0259 oldu&#8221;. ARANTV.AZ x\u0259b\u0259r\u00a0verir ki, bunu Az\u0259rbaycan Prezidenti \u0130lham \u018fliyev An\u0131m G\u00fcn\u00fc il\u0259 \u0259laq\u0259dar xalqa m\u00fcraci\u0259tind\u0259 deyir. D\u00f6vl\u0259t ba\u015f\u00e7\u0131s\u0131 bildirib ki, biz Birinci Qaraba\u011f m\u00fcharib\u0259sind\u0259ki m\u0259\u011flubiyy\u0259tl\u0259 bar\u0131\u015fmad\u0131q, biz d\u00fc\u015fm\u0259ni torpaqlar\u0131m\u0131zdan qovduq: &#8220;Bu g\u00fcn Az\u0259rbaycan xal\u0131q m\u00fcz\u0259ff\u0259r xalq kimi ya\u015fay\u0131r, bu g\u00fcn&hellip;","_links":{"self":[{"href":"https:\/\/arantv.az\/index.php?rest_route=\/wp\/v2\/posts\/382962"}],"collection":[{"href":"https:\/\/arantv.az\/index.php?rest_route=\/wp\/v2\/posts"}],"about":[{"href":"https:\/\/arantv.az\/index.php?rest_route=\/wp\/v2\/types\/post"}],"author":[{"embeddable":true,"href":"https:\/\/arantv.az\/index.php?rest_route=\/wp\/v2\/users\/2"}],"replies":[{"embeddable":true,"href":"https:\/\/arantv.az\/index.php?rest_route=%2Fwp%2Fv2%2Fcomments&post=382962"}],"version-history":[{"count":0,"href":"https:\/\/arantv.az\/index.php?rest_route=\/wp\/v2\/posts\/382962\/revisions"}],"wp:featuredmedia":[{"embeddable":true,"href":"https:\/\/arantv.az\/index.php?rest_route=\/wp\/v2\/media\/382963"}],"wp:attachment":[{"href":"https:\/\/arantv.az\/index.php?rest_route=%2Fwp%2Fv2%2Fmedia&parent=382962"}],"wp:term":[{"taxonomy":"category","embeddable":true,"href":"https:\/\/arantv.az\/index.php?rest_route=%2Fwp%2Fv2%2Fcategories&post=382962"},{"taxonomy":"post_tag","embeddable":true,"href":"https:\/\/arantv.az\/index.php?rest_route=%2Fwp%2Fv2%2Ftags&post=382962"}],"curies":[{"name":"wp","href":"https:\/\/api.w.org\/{rel}","templated":true}]}}