{"id":382975,"date":"2021-09-27T09:46:17","date_gmt":"2021-09-27T06:46:17","guid":{"rendered":"http:\/\/arantv.az\/?p=382975"},"modified":"2021-09-27T09:46:17","modified_gmt":"2021-09-27T06:46:17","slug":"prezident-kims%c9%99-dagliq-qarabag-adli-olunu-diriltm%c9%99k-ist%c9%99yirs%c9%99-onu-oz-%c9%99razisind%c9%99-diriltsin","status":"publish","type":"post","link":"https:\/\/arantv.az\/?p=382975","title":{"rendered":"Prezident: \u201cKims\u0259 \u201cDa\u011fl\u0131q Qaraba\u011f\u201d adl\u0131 \u00f6l\u00fcn\u00fc diriltm\u0259k ist\u0259yirs\u0259, onu \u00f6z \u0259razisind\u0259 diriltsin\u201d"},"content":{"rendered":"<p>\u201cAz\u0259rbaycan \u00f6z \u0259razi b\u00fct\u00f6vl\u00fcy\u00fcn\u00fc b\u0259rpa etdi. Biz m\u00fcharib\u0259ni h\u0259rbi-siyasi yollarla h\u0259ll etdik, m\u00fcharib\u0259 arxada qald\u0131, Da\u011fl\u0131q Qaraba\u011f m\u00fcnaqi\u015f\u0259si d\u0259 tarixd\u0259 qald\u0131\u201d.<\/p>\n<div id=\"AdviadNativeVideo0\" class=\"AdviadNativeVideo\"><\/div>\n<p>Bu s\u00f6zl\u0259ri Az\u0259rbaycan Prezidenti \u0130lham \u018fliyev An\u0131m G\u00fcn\u00fc il\u0259 \u0259laq\u0259dar Az\u0259rbaycan xalq\u0131na m\u00fcraci\u0259tind\u0259 deyib.<\/p>\n<p>\u201cAz\u0259rbaycanda \u201cDa\u011fl\u0131q Qaraba\u011f\u201d adl\u0131 inzibati \u0259razi m\u00f6vcud deyil v\u0259 \u0259g\u0259r kims\u0259 \u201cDa\u011fl\u0131q Qaraba\u011f\u201d adl\u0131 \u00f6l\u00fcn\u00fc diriltm\u0259k ist\u0259yirs\u0259, onu \u00f6z \u0259razisind\u0259 diriltsin, \u00f6z \u0259razisind\u0259 \u201cDa\u011fl\u0131q Qaraba\u011f\u201d adl\u0131 qurum yarats\u0131n, respublika yarats\u0131n, c\u0259miyy\u0259t yarats\u0131n. Biz d\u0259 onu tan\u0131yar\u0131q, ancaq Az\u0259rbaycanda yox! Bu m\u0259s\u0259l\u0259 \u00f6z h\u0259llini tapd\u0131. Bunu m\u0259n deyir\u0259m &#8211; Az\u0259rbaycan\u0131n Prezidenti, Silahl\u0131 Q\u00fcvv\u0259l\u0259rin Ali Ba\u015f Komandan\u0131. H\u0259r k\u0259s bu s\u00f6zl\u0259rl\u0259 hesabla\u015fmal\u0131d\u0131r v\u0259 hesabla\u015facaqd\u0131r\u201d, &#8211; dey\u0259 d\u00f6vl\u0259t ba\u015f\u00e7\u0131s\u0131 qeyd edib.<\/p>\n","protected":false},"excerpt":{"rendered":"<p>\u201cAz\u0259rbaycan \u00f6z \u0259razi b\u00fct\u00f6vl\u00fcy\u00fcn\u00fc b\u0259rpa etdi. Biz m\u00fcharib\u0259ni h\u0259rbi-siyasi yollarla h\u0259ll etdik, m\u00fcharib\u0259 arxada qald\u0131, Da\u011fl\u0131q Qaraba\u011f m\u00fcnaqi\u015f\u0259si d\u0259 tarixd\u0259 qald\u0131\u201d. Bu s\u00f6zl\u0259ri Az\u0259rbaycan Prezidenti \u0130lham \u018fliyev An\u0131m G\u00fcn\u00fc il\u0259 \u0259laq\u0259dar Az\u0259rbaycan xalq\u0131na m\u00fcraci\u0259tind\u0259 deyib. \u201cAz\u0259rbaycanda \u201cDa\u011fl\u0131q Qaraba\u011f\u201d adl\u0131 inzibati \u0259razi m\u00f6vcud deyil v\u0259 \u0259g\u0259r kims\u0259 \u201cDa\u011fl\u0131q Qaraba\u011f\u201d adl\u0131 \u00f6l\u00fcn\u00fc diriltm\u0259k ist\u0259yirs\u0259, onu \u00f6z \u0259razisind\u0259 diriltsin, \u00f6z \u0259razisind\u0259 \u201cDa\u011fl\u0131q Qaraba\u011f\u201d adl\u0131 qurum yarats\u0131n, respublika yarats\u0131n, c\u0259miyy\u0259t yarats\u0131n. Biz d\u0259 onu tan\u0131yar\u0131q, ancaq Az\u0259rbaycanda yox! Bu m\u0259s\u0259l\u0259 \u00f6z h\u0259llini tapd\u0131. Bunu m\u0259n deyir\u0259m &#8211; Az\u0259rbaycan\u0131n Prezidenti, Silahl\u0131 Q\u00fcvv\u0259l\u0259rin Ali Ba\u015f Komandan\u0131.&hellip;<\/p>\n","protected":false},"author":2,"featured_media":382976,"comment_status":"closed","ping_status":"closed","sticky":false,"template":"","format":"standard","meta":{"om_disable_all_campaigns":false,"_monsterinsights_skip_tracking":false,"_monsterinsights_sitenote_active":false,"_monsterinsights_sitenote_note":"","_monsterinsights_sitenote_category":0},"categories":[4],"tags":[],"aioseo_notices":[],"gutentor_comment":0,"rttpg_featured_image_url":{"full":["https:\/\/arantv.az\/wp-content\/uploads\/2021\/09\/president_iclas_150720_19-2.jpg",620,445,false],"landscape":["https:\/\/arantv.az\/wp-content\/uploads\/2021\/09\/president_iclas_150720_19-2.jpg",620,445,false],"portraits":["https:\/\/arantv.az\/wp-content\/uploads\/2021\/09\/president_iclas_150720_19-2.jpg",620,445,false],"thumbnail":["https:\/\/arantv.az\/wp-content\/uploads\/2021\/09\/president_iclas_150720_19-2-500x280.jpg",500,280,true],"medium":["https:\/\/arantv.az\/wp-content\/uploads\/2021\/09\/president_iclas_150720_19-2-509x365.jpg",509,365,true],"large":["https:\/\/arantv.az\/wp-content\/uploads\/2021\/09\/president_iclas_150720_19-2.jpg",620,445,false],"1536x1536":["https:\/\/arantv.az\/wp-content\/uploads\/2021\/09\/president_iclas_150720_19-2.jpg",620,445,false],"2048x2048":["https:\/\/arantv.az\/wp-content\/uploads\/2021\/09\/president_iclas_150720_19-2.jpg",620,445,false],"post-thumbnail":["https:\/\/arantv.az\/wp-content\/uploads\/2021\/09\/president_iclas_150720_19-2-240x172.jpg",240,172,true],"advps-thumb-one":["https:\/\/arantv.az\/wp-content\/uploads\/2021\/09\/president_iclas_150720_19-2.jpg",620,445,false]},"rttpg_author":{"display_name":"V\u00fcsal Rafiqo\u011flu","author_link":"https:\/\/arantv.az\/?author=2"},"rttpg_comment":0,"rttpg_category":"<a href=\"https:\/\/arantv.az\/?cat=4\" rel=\"category\">Siyas\u0259t<\/a>","rttpg_excerpt":"\u201cAz\u0259rbaycan \u00f6z \u0259razi b\u00fct\u00f6vl\u00fcy\u00fcn\u00fc b\u0259rpa etdi. Biz m\u00fcharib\u0259ni h\u0259rbi-siyasi yollarla h\u0259ll etdik, m\u00fcharib\u0259 arxada qald\u0131, Da\u011fl\u0131q Qaraba\u011f m\u00fcnaqi\u015f\u0259si d\u0259 tarixd\u0259 qald\u0131\u201d. Bu s\u00f6zl\u0259ri Az\u0259rbaycan Prezidenti \u0130lham \u018fliyev An\u0131m G\u00fcn\u00fc il\u0259 \u0259laq\u0259dar Az\u0259rbaycan xalq\u0131na m\u00fcraci\u0259tind\u0259 deyib. \u201cAz\u0259rbaycanda \u201cDa\u011fl\u0131q Qaraba\u011f\u201d adl\u0131 inzibati \u0259razi m\u00f6vcud deyil v\u0259 \u0259g\u0259r kims\u0259 \u201cDa\u011fl\u0131q Qaraba\u011f\u201d adl\u0131 \u00f6l\u00fcn\u00fc diriltm\u0259k ist\u0259yirs\u0259, onu \u00f6z \u0259razisind\u0259&hellip;","_links":{"self":[{"href":"https:\/\/arantv.az\/index.php?rest_route=\/wp\/v2\/posts\/382975"}],"collection":[{"href":"https:\/\/arantv.az\/index.php?rest_route=\/wp\/v2\/posts"}],"about":[{"href":"https:\/\/arantv.az\/index.php?rest_route=\/wp\/v2\/types\/post"}],"author":[{"embeddable":true,"href":"https:\/\/arantv.az\/index.php?rest_route=\/wp\/v2\/users\/2"}],"replies":[{"embeddable":true,"href":"https:\/\/arantv.az\/index.php?rest_route=%2Fwp%2Fv2%2Fcomments&post=382975"}],"version-history":[{"count":0,"href":"https:\/\/arantv.az\/index.php?rest_route=\/wp\/v2\/posts\/382975\/revisions"}],"wp:featuredmedia":[{"embeddable":true,"href":"https:\/\/arantv.az\/index.php?rest_route=\/wp\/v2\/media\/382976"}],"wp:attachment":[{"href":"https:\/\/arantv.az\/index.php?rest_route=%2Fwp%2Fv2%2Fmedia&parent=382975"}],"wp:term":[{"taxonomy":"category","embeddable":true,"href":"https:\/\/arantv.az\/index.php?rest_route=%2Fwp%2Fv2%2Fcategories&post=382975"},{"taxonomy":"post_tag","embeddable":true,"href":"https:\/\/arantv.az\/index.php?rest_route=%2Fwp%2Fv2%2Ftags&post=382975"}],"curies":[{"name":"wp","href":"https:\/\/api.w.org\/{rel}","templated":true}]}}