{"id":382978,"date":"2021-09-27T09:47:29","date_gmt":"2021-09-27T06:47:29","guid":{"rendered":"http:\/\/arantv.az\/?p=382978"},"modified":"2021-09-27T09:47:29","modified_gmt":"2021-09-27T06:47:29","slug":"ilham-%c9%99liyev-az%c9%99rbaycan-erm%c9%99nistan-munasib%c9%99tl%c9%99rind%c9%99-gund%c9%99liyi-formalasdiran-t%c9%99r%c9%99f-az%c9%99rbaycandir","status":"publish","type":"post","link":"https:\/\/arantv.az\/?p=382978","title":{"rendered":"\u0130lham \u018fliyev: \u201cAz\u0259rbaycan-Erm\u0259nistan m\u00fcnasib\u0259tl\u0259rind\u0259 g\u00fcnd\u0259liyi formala\u015fd\u0131ran t\u0259r\u0259f Az\u0259rbaycand\u0131r\u201d"},"content":{"rendered":"<p>\u201cM\u00fcharib\u0259d\u0259n bir il ke\u00e7m\u0259sin\u0259 baxmayaraq, art\u0131q b\u00fct\u00fcn beyn\u0259lxalq al\u0259m bizim Q\u0259l\u0259b\u0259mizl\u0259 raz\u0131la\u015f\u0131b, bunu q\u0259bul edib\u201d.<\/p>\n<div id=\"AdviadNativeVideo0\" class=\"AdviadNativeVideo\"><\/div>\n<p><strong>ARANTV.AZ-<\/strong>\u0131n m\u0259lumat\u0131na g\u00f6r\u0259, bunu Prezident \u0130lham \u018fliyev xalqa m\u00fcraci\u0259tind\u0259 deyib.<\/p>\n<p>D\u00f6vl\u0259t ba\u015f\u00e7\u0131s\u0131 qeyd edib ki, bu g\u00fcn b\u00f6lg\u0259d\u0259, o c\u00fcml\u0259d\u0259n Az\u0259rbaycan-Erm\u0259nistan m\u00fcnasib\u0259tl\u0259rind\u0259 g\u00fcnd\u0259liyi formala\u015fd\u0131ran t\u0259r\u0259f d\u0259 Az\u0259rbaycand\u0131r.<\/p>\n","protected":false},"excerpt":{"rendered":"<p>\u201cM\u00fcharib\u0259d\u0259n bir il ke\u00e7m\u0259sin\u0259 baxmayaraq, art\u0131q b\u00fct\u00fcn beyn\u0259lxalq al\u0259m bizim Q\u0259l\u0259b\u0259mizl\u0259 raz\u0131la\u015f\u0131b, bunu q\u0259bul edib\u201d. ARANTV.AZ-\u0131n m\u0259lumat\u0131na g\u00f6r\u0259, bunu Prezident \u0130lham \u018fliyev xalqa m\u00fcraci\u0259tind\u0259 deyib. D\u00f6vl\u0259t ba\u015f\u00e7\u0131s\u0131 qeyd edib ki, bu g\u00fcn b\u00f6lg\u0259d\u0259, o c\u00fcml\u0259d\u0259n Az\u0259rbaycan-Erm\u0259nistan m\u00fcnasib\u0259tl\u0259rind\u0259 g\u00fcnd\u0259liyi formala\u015fd\u0131ran t\u0259r\u0259f d\u0259 Az\u0259rbaycand\u0131r.<\/p>\n","protected":false},"author":2,"featured_media":382979,"comment_status":"closed","ping_status":"closed","sticky":false,"template":"","format":"standard","meta":{"om_disable_all_campaigns":false,"_monsterinsights_skip_tracking":false,"_monsterinsights_sitenote_active":false,"_monsterinsights_sitenote_note":"","_monsterinsights_sitenote_category":0},"categories":[4],"tags":[],"aioseo_notices":[],"gutentor_comment":0,"rttpg_featured_image_url":{"full":["https:\/\/arantv.az\/wp-content\/uploads\/2021\/09\/F25403BF-BED7-4F70-A300-D9BF9A8F5D24-1.jpg",620,433,false],"landscape":["https:\/\/arantv.az\/wp-content\/uploads\/2021\/09\/F25403BF-BED7-4F70-A300-D9BF9A8F5D24-1.jpg",620,433,false],"portraits":["https:\/\/arantv.az\/wp-content\/uploads\/2021\/09\/F25403BF-BED7-4F70-A300-D9BF9A8F5D24-1.jpg",620,433,false],"thumbnail":["https:\/\/arantv.az\/wp-content\/uploads\/2021\/09\/F25403BF-BED7-4F70-A300-D9BF9A8F5D24-1-500x280.jpg",500,280,true],"medium":["https:\/\/arantv.az\/wp-content\/uploads\/2021\/09\/F25403BF-BED7-4F70-A300-D9BF9A8F5D24-1-523x365.jpg",523,365,true],"large":["https:\/\/arantv.az\/wp-content\/uploads\/2021\/09\/F25403BF-BED7-4F70-A300-D9BF9A8F5D24-1.jpg",620,433,false],"1536x1536":["https:\/\/arantv.az\/wp-content\/uploads\/2021\/09\/F25403BF-BED7-4F70-A300-D9BF9A8F5D24-1.jpg",620,433,false],"2048x2048":["https:\/\/arantv.az\/wp-content\/uploads\/2021\/09\/F25403BF-BED7-4F70-A300-D9BF9A8F5D24-1.jpg",620,433,false],"post-thumbnail":["https:\/\/arantv.az\/wp-content\/uploads\/2021\/09\/F25403BF-BED7-4F70-A300-D9BF9A8F5D24-1-240x172.jpg",240,172,true],"advps-thumb-one":["https:\/\/arantv.az\/wp-content\/uploads\/2021\/09\/F25403BF-BED7-4F70-A300-D9BF9A8F5D24-1.jpg",620,433,false]},"rttpg_author":{"display_name":"V\u00fcsal Rafiqo\u011flu","author_link":"https:\/\/arantv.az\/?author=2"},"rttpg_comment":0,"rttpg_category":"<a href=\"https:\/\/arantv.az\/?cat=4\" rel=\"category\">Siyas\u0259t<\/a>","rttpg_excerpt":"\u201cM\u00fcharib\u0259d\u0259n bir il ke\u00e7m\u0259sin\u0259 baxmayaraq, art\u0131q b\u00fct\u00fcn beyn\u0259lxalq al\u0259m bizim Q\u0259l\u0259b\u0259mizl\u0259 raz\u0131la\u015f\u0131b, bunu q\u0259bul edib\u201d. ARANTV.AZ-\u0131n m\u0259lumat\u0131na g\u00f6r\u0259, bunu Prezident \u0130lham \u018fliyev xalqa m\u00fcraci\u0259tind\u0259 deyib. D\u00f6vl\u0259t ba\u015f\u00e7\u0131s\u0131 qeyd edib ki, bu g\u00fcn b\u00f6lg\u0259d\u0259, o c\u00fcml\u0259d\u0259n Az\u0259rbaycan-Erm\u0259nistan m\u00fcnasib\u0259tl\u0259rind\u0259 g\u00fcnd\u0259liyi formala\u015fd\u0131ran t\u0259r\u0259f d\u0259 Az\u0259rbaycand\u0131r.","_links":{"self":[{"href":"https:\/\/arantv.az\/index.php?rest_route=\/wp\/v2\/posts\/382978"}],"collection":[{"href":"https:\/\/arantv.az\/index.php?rest_route=\/wp\/v2\/posts"}],"about":[{"href":"https:\/\/arantv.az\/index.php?rest_route=\/wp\/v2\/types\/post"}],"author":[{"embeddable":true,"href":"https:\/\/arantv.az\/index.php?rest_route=\/wp\/v2\/users\/2"}],"replies":[{"embeddable":true,"href":"https:\/\/arantv.az\/index.php?rest_route=%2Fwp%2Fv2%2Fcomments&post=382978"}],"version-history":[{"count":0,"href":"https:\/\/arantv.az\/index.php?rest_route=\/wp\/v2\/posts\/382978\/revisions"}],"wp:featuredmedia":[{"embeddable":true,"href":"https:\/\/arantv.az\/index.php?rest_route=\/wp\/v2\/media\/382979"}],"wp:attachment":[{"href":"https:\/\/arantv.az\/index.php?rest_route=%2Fwp%2Fv2%2Fmedia&parent=382978"}],"wp:term":[{"taxonomy":"category","embeddable":true,"href":"https:\/\/arantv.az\/index.php?rest_route=%2Fwp%2Fv2%2Fcategories&post=382978"},{"taxonomy":"post_tag","embeddable":true,"href":"https:\/\/arantv.az\/index.php?rest_route=%2Fwp%2Fv2%2Ftags&post=382978"}],"curies":[{"name":"wp","href":"https:\/\/api.w.org\/{rel}","templated":true}]}}