{"id":382983,"date":"2021-09-27T09:52:27","date_gmt":"2021-09-27T06:52:27","guid":{"rendered":"http:\/\/arantv.az\/?p=382983"},"modified":"2021-09-27T09:52:27","modified_gmt":"2021-09-27T06:52:27","slug":"prezident-v%c9%99t%c9%99n-muharib%c9%99sind%c9%99-az%c9%99rbaycan-silahli-quvv%c9%99l%c9%99rind%c9%99-bir-d%c9%99n%c9%99-d%c9%99-f%c9%99rari-olmayib","status":"publish","type":"post","link":"https:\/\/arantv.az\/?p=382983","title":{"rendered":"Prezident: \u201cV\u0259t\u0259n m\u00fcharib\u0259sind\u0259 Az\u0259rbaycan Silahl\u0131 Q\u00fcvv\u0259l\u0259rind\u0259 bir d\u0259n\u0259 d\u0259 f\u0259rari olmay\u0131b\u201d"},"content":{"rendered":"<p>\u201c44 g\u00fcnl\u00fck m\u00fcharib\u0259 zaman\u0131 Az\u0259rbaycan Silahl\u0131 Q\u00fcvv\u0259l\u0259rind\u0259 bir n\u0259f\u0259r d\u0259 olsun f\u0259rari olmam\u0131\u015fd\u0131r\u201d.<\/p>\n<p><strong>ARANTV.AZ-<\/strong>\u0131n m\u0259lumat\u0131na g\u00f6r\u0259, bunu Prezident \u0130lham \u018fliyev xalqa m\u00fcraci\u0259tind\u0259 bildirib.<\/p>\n<div id=\"AdviadNativeVideo0\" class=\"AdviadNativeVideo\"><\/div>\n<p>D\u00f6vl\u0259t ba\u015f\u00e7\u0131s\u0131 qeyd edib ki, Erm\u0259nistan ordusunda 10 mind\u0259n \u00e7ox f\u0259rari olmu\u015fdur:<\/p>\n<p>\u201cBiz \u015f\u0259hidl\u0259rimizl\u0259, qazil\u0259rimizl\u0259 f\u0259xr edirik, eyni zamanda, V\u0259t\u0259n m\u00fcharib\u0259sind\u0259 q\u0259hr\u0259manl\u0131q g\u00f6st\u0259rmi\u015f h\u0259rb\u00e7il\u0259rimizl\u0259, \u0259sg\u0259r-zabitl\u0259rimizl\u0259 f\u0259xr edirik. Onlar\u0131n q\u0259hr\u0259manl\u0131\u011f\u0131, onlar\u0131n f\u0259dakarl\u0131\u011f\u0131 he\u00e7 vaxt unudulmayacaq. Biz b\u00fct\u00fcn d\u00fcnyaya g\u00f6st\u0259rdik ki, Az\u0259rbaycan xalq\u0131 b\u00f6y\u00fck xalqd\u0131r, Az\u0259rbaycan xalq\u0131 bu \u0259dal\u0259tsizlikl\u0259 he\u00e7 vaxt bar\u0131\u015fmaq fikrind\u0259 deyildi\u201d.<\/p>\n","protected":false},"excerpt":{"rendered":"<p>\u201c44 g\u00fcnl\u00fck m\u00fcharib\u0259 zaman\u0131 Az\u0259rbaycan Silahl\u0131 Q\u00fcvv\u0259l\u0259rind\u0259 bir n\u0259f\u0259r d\u0259 olsun f\u0259rari olmam\u0131\u015fd\u0131r\u201d. ARANTV.AZ-\u0131n m\u0259lumat\u0131na g\u00f6r\u0259, bunu Prezident \u0130lham \u018fliyev xalqa m\u00fcraci\u0259tind\u0259 bildirib. D\u00f6vl\u0259t ba\u015f\u00e7\u0131s\u0131 qeyd edib ki, Erm\u0259nistan ordusunda 10 mind\u0259n \u00e7ox f\u0259rari olmu\u015fdur: \u201cBiz \u015f\u0259hidl\u0259rimizl\u0259, qazil\u0259rimizl\u0259 f\u0259xr edirik, eyni zamanda, V\u0259t\u0259n m\u00fcharib\u0259sind\u0259 q\u0259hr\u0259manl\u0131q g\u00f6st\u0259rmi\u015f h\u0259rb\u00e7il\u0259rimizl\u0259, \u0259sg\u0259r-zabitl\u0259rimizl\u0259 f\u0259xr edirik. Onlar\u0131n q\u0259hr\u0259manl\u0131\u011f\u0131, onlar\u0131n f\u0259dakarl\u0131\u011f\u0131 he\u00e7 vaxt unudulmayacaq. Biz b\u00fct\u00fcn d\u00fcnyaya g\u00f6st\u0259rdik ki, Az\u0259rbaycan xalq\u0131 b\u00f6y\u00fck xalqd\u0131r, Az\u0259rbaycan xalq\u0131 bu \u0259dal\u0259tsizlikl\u0259 he\u00e7 vaxt bar\u0131\u015fmaq fikrind\u0259 deyildi\u201d.<\/p>\n","protected":false},"author":2,"featured_media":382984,"comment_status":"closed","ping_status":"closed","sticky":false,"template":"","format":"standard","meta":{"om_disable_all_campaigns":false,"_monsterinsights_skip_tracking":false,"_monsterinsights_sitenote_active":false,"_monsterinsights_sitenote_note":"","_monsterinsights_sitenote_category":0},"categories":[4],"tags":[],"aioseo_notices":[],"gutentor_comment":0,"rttpg_featured_image_url":{"full":["https:\/\/arantv.az\/wp-content\/uploads\/2021\/09\/F25403BF-BED7-4F70-A300-D9BF9A8F5D24-2.jpg",620,433,false],"landscape":["https:\/\/arantv.az\/wp-content\/uploads\/2021\/09\/F25403BF-BED7-4F70-A300-D9BF9A8F5D24-2.jpg",620,433,false],"portraits":["https:\/\/arantv.az\/wp-content\/uploads\/2021\/09\/F25403BF-BED7-4F70-A300-D9BF9A8F5D24-2.jpg",620,433,false],"thumbnail":["https:\/\/arantv.az\/wp-content\/uploads\/2021\/09\/F25403BF-BED7-4F70-A300-D9BF9A8F5D24-2-500x280.jpg",500,280,true],"medium":["https:\/\/arantv.az\/wp-content\/uploads\/2021\/09\/F25403BF-BED7-4F70-A300-D9BF9A8F5D24-2-523x365.jpg",523,365,true],"large":["https:\/\/arantv.az\/wp-content\/uploads\/2021\/09\/F25403BF-BED7-4F70-A300-D9BF9A8F5D24-2.jpg",620,433,false],"1536x1536":["https:\/\/arantv.az\/wp-content\/uploads\/2021\/09\/F25403BF-BED7-4F70-A300-D9BF9A8F5D24-2.jpg",620,433,false],"2048x2048":["https:\/\/arantv.az\/wp-content\/uploads\/2021\/09\/F25403BF-BED7-4F70-A300-D9BF9A8F5D24-2.jpg",620,433,false],"post-thumbnail":["https:\/\/arantv.az\/wp-content\/uploads\/2021\/09\/F25403BF-BED7-4F70-A300-D9BF9A8F5D24-2-240x172.jpg",240,172,true],"advps-thumb-one":["https:\/\/arantv.az\/wp-content\/uploads\/2021\/09\/F25403BF-BED7-4F70-A300-D9BF9A8F5D24-2.jpg",620,433,false]},"rttpg_author":{"display_name":"V\u00fcsal Rafiqo\u011flu","author_link":"https:\/\/arantv.az\/?author=2"},"rttpg_comment":0,"rttpg_category":"<a href=\"https:\/\/arantv.az\/?cat=4\" rel=\"category\">Siyas\u0259t<\/a>","rttpg_excerpt":"\u201c44 g\u00fcnl\u00fck m\u00fcharib\u0259 zaman\u0131 Az\u0259rbaycan Silahl\u0131 Q\u00fcvv\u0259l\u0259rind\u0259 bir n\u0259f\u0259r d\u0259 olsun f\u0259rari olmam\u0131\u015fd\u0131r\u201d. ARANTV.AZ-\u0131n m\u0259lumat\u0131na g\u00f6r\u0259, bunu Prezident \u0130lham \u018fliyev xalqa m\u00fcraci\u0259tind\u0259 bildirib. D\u00f6vl\u0259t ba\u015f\u00e7\u0131s\u0131 qeyd edib ki, Erm\u0259nistan ordusunda 10 mind\u0259n \u00e7ox f\u0259rari olmu\u015fdur: \u201cBiz \u015f\u0259hidl\u0259rimizl\u0259, qazil\u0259rimizl\u0259 f\u0259xr edirik, eyni zamanda, V\u0259t\u0259n m\u00fcharib\u0259sind\u0259 q\u0259hr\u0259manl\u0131q g\u00f6st\u0259rmi\u015f h\u0259rb\u00e7il\u0259rimizl\u0259, \u0259sg\u0259r-zabitl\u0259rimizl\u0259 f\u0259xr edirik. Onlar\u0131n q\u0259hr\u0259manl\u0131\u011f\u0131, onlar\u0131n f\u0259dakarl\u0131\u011f\u0131 he\u00e7&hellip;","_links":{"self":[{"href":"https:\/\/arantv.az\/index.php?rest_route=\/wp\/v2\/posts\/382983"}],"collection":[{"href":"https:\/\/arantv.az\/index.php?rest_route=\/wp\/v2\/posts"}],"about":[{"href":"https:\/\/arantv.az\/index.php?rest_route=\/wp\/v2\/types\/post"}],"author":[{"embeddable":true,"href":"https:\/\/arantv.az\/index.php?rest_route=\/wp\/v2\/users\/2"}],"replies":[{"embeddable":true,"href":"https:\/\/arantv.az\/index.php?rest_route=%2Fwp%2Fv2%2Fcomments&post=382983"}],"version-history":[{"count":0,"href":"https:\/\/arantv.az\/index.php?rest_route=\/wp\/v2\/posts\/382983\/revisions"}],"wp:featuredmedia":[{"embeddable":true,"href":"https:\/\/arantv.az\/index.php?rest_route=\/wp\/v2\/media\/382984"}],"wp:attachment":[{"href":"https:\/\/arantv.az\/index.php?rest_route=%2Fwp%2Fv2%2Fmedia&parent=382983"}],"wp:term":[{"taxonomy":"category","embeddable":true,"href":"https:\/\/arantv.az\/index.php?rest_route=%2Fwp%2Fv2%2Fcategories&post=382983"},{"taxonomy":"post_tag","embeddable":true,"href":"https:\/\/arantv.az\/index.php?rest_route=%2Fwp%2Fv2%2Ftags&post=382983"}],"curies":[{"name":"wp","href":"https:\/\/api.w.org\/{rel}","templated":true}]}}