{"id":382986,"date":"2021-09-27T09:52:59","date_gmt":"2021-09-27T06:52:59","guid":{"rendered":"http:\/\/arantv.az\/?p=382986"},"modified":"2021-09-27T09:52:59","modified_gmt":"2021-09-27T06:52:59","slug":"dtx-anim-gunu-il%c9%99-%c9%99laq%c9%99dar-paylasim-edib-foto-video","status":"publish","type":"post","link":"https:\/\/arantv.az\/?p=382986","title":{"rendered":"DTX An\u0131m G\u00fcn\u00fc il\u0259 \u0259laq\u0259dar payla\u015f\u0131m edib &#8211; FOTO\/V\u0130DEO"},"content":{"rendered":"<p>D\u00f6vl\u0259t T\u0259hl\u00fck\u0259sizliyi Xidm\u0259ti (DTX) 27 sentyabr &#8211;\u00a0An\u0131m G\u00fcn\u00fc il\u0259 \u0259laq\u0259dar payla\u015f\u0131m edib.<\/p>\n<div id=\"AdviadNativeVideo0\" class=\"AdviadNativeVideo\"><\/div>\n<p>Qeyd olunan payla\u015f\u0131mda deyilir:<\/p>\n<p>\u201cAz\u0259rbaycan\u0131n \u0259razi b\u00fct\u00f6vl\u00fcy\u00fc u\u011frunda canlar\u0131n\u0131 f\u0259da etmi\u015f V\u0259t\u0259n m\u00fcharib\u0259si \u015f\u0259hidl\u0259rin\u0259 uca tanr\u0131dan r\u0259hm\u0259t, qazil\u0259rimiz\u0259 \u015f\u0259fa dil\u0259yirik\u201d.<\/p>\n<div><iframe loading=\"lazy\" title=\"YouTube video player\" src=\"https:\/\/www.youtube.com\/embed\/6bpAwXDtkV4\" width=\"560\" height=\"315\" frameborder=\"0\" allowfullscreen=\"allowfullscreen\" data-mce-fragment=\"1\"><\/iframe><\/div>\n<div>\n<div class=\"gallery\">\n<div class=\"gallery-i\"><img src=\"https:\/\/cdn.oxu.az\/uploads\/W1siZiIsIjIwMjEvMDkvMjcvMTAvMjcvMzMvZWZjMDg3YTgtY2YzYi00Mzg4LTg1NmEtN2VhYWNkY2Q2ODM5LzYxNTE1ZDc5MTc2YTMtMW1iM3AtQkc0cXEyaEVLLmpwZyJdLFsicCIsImVuY29kZSIsImpwZyIsIi1xdWFsaXR5IDgwIl0sWyJwIiwidGh1bWIiLCI1OTB4NTkwXHUwMDNlIl1d?sha=205ed61c27b4def9\" alt=\"\" \/><\/div>\n<\/div>\n<\/div>\n","protected":false},"excerpt":{"rendered":"<p>D\u00f6vl\u0259t T\u0259hl\u00fck\u0259sizliyi Xidm\u0259ti (DTX) 27 sentyabr &#8211;\u00a0An\u0131m G\u00fcn\u00fc il\u0259 \u0259laq\u0259dar payla\u015f\u0131m edib. Qeyd olunan payla\u015f\u0131mda deyilir: \u201cAz\u0259rbaycan\u0131n \u0259razi b\u00fct\u00f6vl\u00fcy\u00fc u\u011frunda canlar\u0131n\u0131 f\u0259da etmi\u015f V\u0259t\u0259n m\u00fcharib\u0259si \u015f\u0259hidl\u0259rin\u0259 uca tanr\u0131dan r\u0259hm\u0259t, qazil\u0259rimiz\u0259 \u015f\u0259fa dil\u0259yirik\u201d.<\/p>\n","protected":false},"author":2,"featured_media":382987,"comment_status":"closed","ping_status":"closed","sticky":false,"template":"","format":"standard","meta":{"om_disable_all_campaigns":false,"_monsterinsights_skip_tracking":false,"_monsterinsights_sitenote_active":false,"_monsterinsights_sitenote_note":"","_monsterinsights_sitenote_category":0},"categories":[4],"tags":[],"aioseo_notices":[],"gutentor_comment":0,"rttpg_featured_image_url":{"full":["https:\/\/arantv.az\/wp-content\/uploads\/2021\/09\/FotoJet-2021-09-27T102522.163.jpg",620,413,false],"landscape":["https:\/\/arantv.az\/wp-content\/uploads\/2021\/09\/FotoJet-2021-09-27T102522.163.jpg",620,413,false],"portraits":["https:\/\/arantv.az\/wp-content\/uploads\/2021\/09\/FotoJet-2021-09-27T102522.163.jpg",620,413,false],"thumbnail":["https:\/\/arantv.az\/wp-content\/uploads\/2021\/09\/FotoJet-2021-09-27T102522.163-500x280.jpg",500,280,true],"medium":["https:\/\/arantv.az\/wp-content\/uploads\/2021\/09\/FotoJet-2021-09-27T102522.163-548x365.jpg",548,365,true],"large":["https:\/\/arantv.az\/wp-content\/uploads\/2021\/09\/FotoJet-2021-09-27T102522.163.jpg",620,413,false],"1536x1536":["https:\/\/arantv.az\/wp-content\/uploads\/2021\/09\/FotoJet-2021-09-27T102522.163.jpg",620,413,false],"2048x2048":["https:\/\/arantv.az\/wp-content\/uploads\/2021\/09\/FotoJet-2021-09-27T102522.163.jpg",620,413,false],"post-thumbnail":["https:\/\/arantv.az\/wp-content\/uploads\/2021\/09\/FotoJet-2021-09-27T102522.163-240x172.jpg",240,172,true],"advps-thumb-one":["https:\/\/arantv.az\/wp-content\/uploads\/2021\/09\/FotoJet-2021-09-27T102522.163.jpg",620,413,false]},"rttpg_author":{"display_name":"V\u00fcsal Rafiqo\u011flu","author_link":"https:\/\/arantv.az\/?author=2"},"rttpg_comment":0,"rttpg_category":"<a href=\"https:\/\/arantv.az\/?cat=4\" rel=\"category\">Siyas\u0259t<\/a>","rttpg_excerpt":"D\u00f6vl\u0259t T\u0259hl\u00fck\u0259sizliyi Xidm\u0259ti (DTX) 27 sentyabr &#8211;\u00a0An\u0131m G\u00fcn\u00fc il\u0259 \u0259laq\u0259dar payla\u015f\u0131m edib. Qeyd olunan payla\u015f\u0131mda deyilir: \u201cAz\u0259rbaycan\u0131n \u0259razi b\u00fct\u00f6vl\u00fcy\u00fc u\u011frunda canlar\u0131n\u0131 f\u0259da etmi\u015f V\u0259t\u0259n m\u00fcharib\u0259si \u015f\u0259hidl\u0259rin\u0259 uca tanr\u0131dan r\u0259hm\u0259t, qazil\u0259rimiz\u0259 \u015f\u0259fa dil\u0259yirik\u201d.","_links":{"self":[{"href":"https:\/\/arantv.az\/index.php?rest_route=\/wp\/v2\/posts\/382986"}],"collection":[{"href":"https:\/\/arantv.az\/index.php?rest_route=\/wp\/v2\/posts"}],"about":[{"href":"https:\/\/arantv.az\/index.php?rest_route=\/wp\/v2\/types\/post"}],"author":[{"embeddable":true,"href":"https:\/\/arantv.az\/index.php?rest_route=\/wp\/v2\/users\/2"}],"replies":[{"embeddable":true,"href":"https:\/\/arantv.az\/index.php?rest_route=%2Fwp%2Fv2%2Fcomments&post=382986"}],"version-history":[{"count":0,"href":"https:\/\/arantv.az\/index.php?rest_route=\/wp\/v2\/posts\/382986\/revisions"}],"wp:featuredmedia":[{"embeddable":true,"href":"https:\/\/arantv.az\/index.php?rest_route=\/wp\/v2\/media\/382987"}],"wp:attachment":[{"href":"https:\/\/arantv.az\/index.php?rest_route=%2Fwp%2Fv2%2Fmedia&parent=382986"}],"wp:term":[{"taxonomy":"category","embeddable":true,"href":"https:\/\/arantv.az\/index.php?rest_route=%2Fwp%2Fv2%2Fcategories&post=382986"},{"taxonomy":"post_tag","embeddable":true,"href":"https:\/\/arantv.az\/index.php?rest_route=%2Fwp%2Fv2%2Ftags&post=382986"}],"curies":[{"name":"wp","href":"https:\/\/api.w.org\/{rel}","templated":true}]}}