{"id":382989,"date":"2021-09-27T09:54:32","date_gmt":"2021-09-27T06:54:32","guid":{"rendered":"http:\/\/arantv.az\/?p=382989"},"modified":"2021-09-27T09:54:32","modified_gmt":"2021-09-27T06:54:32","slug":"bu-gun-v%c9%99t%c9%99n-muharib%c9%99si-memorial-kompleksinin-v%c9%99-z%c9%99f%c9%99r-muzeyinin-t%c9%99m%c9%99li-qoyulacaq","status":"publish","type":"post","link":"https:\/\/arantv.az\/?p=382989","title":{"rendered":"Bu g\u00fcn V\u0259t\u0259n M\u00fcharib\u0259si Memorial Kompleksinin v\u0259 Z\u0259f\u0259r Muzeyinin t\u0259m\u0259li qoyulacaq"},"content":{"rendered":"<p><strong>Bu g\u00fcn V\u0259t\u0259n M\u00fcharib\u0259si Memorial Kompleksinin v\u0259 Z\u0259f\u0259r Muzeyinin t\u0259m\u0259li qoyulacaq.<\/strong><\/p>\n<p><strong>ARANTV.AZ<\/strong>\u00a0 <a href=\"https:\/\/az.trend.az\/\" target=\"_blank\" rel=\"noopener\">Trend<\/a>-\u0259 istinad\u0259n bildirir ki,\u00a0bunu Prezident \u0130lham \u018fliyev An\u0131m G\u00fcn\u00fc il\u0259 \u0259laq\u0259dar xalqa m\u00fcraci\u0259ti zaman\u0131 deyib.<\/p>\n<p>D\u00f6vl\u0259t ba\u015f\u00e7\u0131s\u0131 bildirib:<\/p>\n<p>&#8220;D\u00fcz bir il bundan \u0259vv\u0259l Erm\u0259nistan Az\u0259rbaycana qar\u015f\u0131 h\u0259rbi t\u0259xribat t\u00f6r\u0259d\u0259r\u0259k bizim d\u00f6y\u00fc\u015f m\u00f6vqel\u0259rimizi v\u0259 ya\u015fay\u0131\u015f m\u0259nt\u0259q\u0259l\u0259rimizi at\u0259\u015f\u0259 tutmu\u015fdur. Bu nam\u0259rd at\u0259\u015f n\u0259tic\u0259sind\u0259 ilk saatlarda m\u00fclki \u015f\u0259xsl\u0259r, h\u0259rb\u00e7il\u0259r h\u0259lak olmu\u015fdur. M\u0259nim \u0259mriml\u0259 Az\u0259rbaycan Ordusu bu qanl\u0131 cinay\u0259t\u0259 cavab olaraq geni\u015fmiqyasl\u0131 \u0259ks-h\u00fccum \u0259m\u0259liyyat\u0131na ba\u015flam\u0131\u015f v\u0259 44 g\u00fcn davam ed\u0259n \u0130kinci Qaraba\u011f m\u00fcharib\u0259sind\u0259 tam Q\u0259l\u0259b\u0259 qazanm\u0131\u015fd\u0131r. Ke\u00e7\u0259n il dekabr\u0131n 2-d\u0259 m\u0259nim S\u0259r\u0259ncam\u0131mla sentyabr\u0131n 27-si Az\u0259rbaycanda An\u0131m G\u00fcn\u00fc kimi t\u0259sis edilmi\u015fdir. \u0130kinci Qaraba\u011f m\u00fcharib\u0259sind\u0259 h\u0259lak olmu\u015f q\u0259hr\u0259man \u015f\u0259hidl\u0259rimizin \u0259ziz xatir\u0259si qar\u015f\u0131s\u0131nda bu g\u00fcn bir daha ba\u015f \u0259yir, onlara Allahdan r\u0259hm\u0259t dil\u0259yirik. Biz \u015f\u0259hidl\u0259rimizi \u00f6z q\u0259lbimizd\u0259 \u0259b\u0259di saxlayaca\u011f\u0131q. Eyni zamanda, bu g\u00fcn V\u0259t\u0259n M\u00fcharib\u0259si Memorial Kompleksinin v\u0259 Z\u0259f\u0259r Muzeyinin t\u0259m\u0259li qoyulacaq. Bu da ke\u00e7\u0259n ilin dekabr\u0131nda m\u0259nim S\u0259r\u0259ncam\u0131mla h\u0259ll olunan m\u0259s\u0259l\u0259dir. Bak\u0131da, \u015f\u0259h\u0259rimizin \u0259n g\u00f6z\u0259l yerl\u0259rinin birind\u0259 \u0130kinci Qaraba\u011f m\u00fcharib\u0259sinin q\u0259hr\u0259manlar\u0131n\u0131n \u015f\u0259r\u0259fin\u0259 m\u00f6ht\u0259\u015f\u0259m abid\u0259 ucald\u0131lacaqd\u0131r. Onu da bildirm\u0259liy\u0259m ki, bu g\u00fcn saat 12-d\u0259 b\u00fct\u00fcn \u00f6lk\u0259 \u00fczr\u0259 bir d\u0259qiq\u0259lik s\u00fckut elan edil\u0259c\u0259kdir.<\/p>\n<p>\u0130kinci Qaraba\u011f m\u00fcharib\u0259si bizim \u015fanl\u0131 tariximizdir. Bu Q\u0259l\u0259b\u0259 tarixd\u0259 \u0259b\u0259di qalacaq. Az\u0259rbaycan Silahl\u0131 Q\u00fcvv\u0259l\u0259ri 44 g\u00fcn \u0259rzind\u0259 d\u00fc\u015fm\u0259n ordusunu m\u0259hv ed\u0259r\u0259k \u00f6z \u0259razi b\u00fct\u00f6vl\u00fcy\u00fcn\u00fc b\u0259rpa etdi. M\u0259n d\u0259f\u0259l\u0259rl\u0259 demi\u015fdim ki, Az\u0259rbaycan xalq\u0131 he\u00e7 vaxt i\u015f\u011falla bar\u0131\u015fmayacaq. D\u0259f\u0259l\u0259rl\u0259 demi\u015fdim ki, n\u0259yin bahas\u0131na olursa-olsun biz \u00f6z torpaqlar\u0131m\u0131z\u0131 geri qaytaraca\u011f\u0131q. D\u0259f\u0259l\u0259rl\u0259 demi\u015fdim ki, d\u00fc\u015fm\u0259n \u00f6z xo\u015fu il\u0259 torpaqlar\u0131m\u0131zdan \u00e7\u0131xmasa, biz onu torpaqlar\u0131m\u0131zdan qovaca\u011f\u0131q v\u0259 bel\u0259 d\u0259 oldu. Biz Birinci Qaraba\u011f m\u00fcharib\u0259sind\u0259ki m\u0259\u011flubiyy\u0259tl\u0259 bar\u0131\u015fmad\u0131q, g\u00fcc toplad\u0131q, b\u00fct\u00fcn g\u00fccl\u0259ri s\u0259f\u0259rb\u0259r etdik, ordumuzu g\u00fccl\u0259ndirdik, \u00f6lk\u0259 iqtisadiyyat\u0131n\u0131 g\u00fccl\u0259ndirdik, \u00f6lk\u0259mizin n\u00fcfuzunu qald\u0131rd\u0131q v\u0259 \u00f6z tarixi missiyam\u0131z\u0131 \u015f\u0259r\u0259fl\u0259 yerin\u0259 yetirdik. Biz d\u00fc\u015fm\u0259ni torpaqlar\u0131m\u0131zdan qovduq v\u0259 \u0259dal\u0259ti, beyn\u0259lxalq h\u00fcququ b\u0259rpa etdik. Biz milli l\u0259yaq\u0259timizi b\u0259rpa etdik. Bu g\u00fcn Az\u0259rbaycan xalq\u0131 m\u00fcz\u0259ff\u0259r xalq kimi ya\u015fay\u0131r. Bu g\u00fcn Az\u0259rbaycan d\u00f6vl\u0259ti qalib d\u00f6vl\u0259t kimi ya\u015fay\u0131r. Biz bundan sonra m\u00fcz\u0259ff\u0259r xalq v\u0259 qalib d\u00f6vl\u0259t kimi \u0259b\u0259di ya\u015fayaca\u011f\u0131q&#8221;.<\/p>\n","protected":false},"excerpt":{"rendered":"<p>Bu g\u00fcn V\u0259t\u0259n M\u00fcharib\u0259si Memorial Kompleksinin v\u0259 Z\u0259f\u0259r Muzeyinin t\u0259m\u0259li qoyulacaq. ARANTV.AZ\u00a0 Trend-\u0259 istinad\u0259n bildirir ki,\u00a0bunu Prezident \u0130lham \u018fliyev An\u0131m G\u00fcn\u00fc il\u0259 \u0259laq\u0259dar xalqa m\u00fcraci\u0259ti zaman\u0131 deyib. D\u00f6vl\u0259t ba\u015f\u00e7\u0131s\u0131 bildirib: &#8220;D\u00fcz bir il bundan \u0259vv\u0259l Erm\u0259nistan Az\u0259rbaycana qar\u015f\u0131 h\u0259rbi t\u0259xribat t\u00f6r\u0259d\u0259r\u0259k bizim d\u00f6y\u00fc\u015f m\u00f6vqel\u0259rimizi v\u0259 ya\u015fay\u0131\u015f m\u0259nt\u0259q\u0259l\u0259rimizi at\u0259\u015f\u0259 tutmu\u015fdur. Bu nam\u0259rd at\u0259\u015f n\u0259tic\u0259sind\u0259 ilk saatlarda m\u00fclki \u015f\u0259xsl\u0259r, h\u0259rb\u00e7il\u0259r h\u0259lak olmu\u015fdur. M\u0259nim \u0259mriml\u0259 Az\u0259rbaycan Ordusu bu qanl\u0131 cinay\u0259t\u0259 cavab olaraq geni\u015fmiqyasl\u0131 \u0259ks-h\u00fccum \u0259m\u0259liyyat\u0131na ba\u015flam\u0131\u015f v\u0259 44 g\u00fcn davam ed\u0259n \u0130kinci Qaraba\u011f m\u00fcharib\u0259sind\u0259 tam Q\u0259l\u0259b\u0259 qazanm\u0131\u015fd\u0131r. Ke\u00e7\u0259n il dekabr\u0131n 2-d\u0259 m\u0259nim S\u0259r\u0259ncam\u0131mla&hellip;<\/p>\n","protected":false},"author":2,"featured_media":382990,"comment_status":"closed","ping_status":"closed","sticky":false,"template":"","format":"standard","meta":{"om_disable_all_campaigns":false,"_monsterinsights_skip_tracking":false,"_monsterinsights_sitenote_active":false,"_monsterinsights_sitenote_note":"","_monsterinsights_sitenote_category":0},"categories":[4],"tags":[],"aioseo_notices":[],"gutentor_comment":0,"rttpg_featured_image_url":{"full":["https:\/\/arantv.az\/wp-content\/uploads\/2021\/09\/2ed034f4-efb5-31f3-b8ae-0f348973fe4a_850.jpg",850,530,false],"landscape":["https:\/\/arantv.az\/wp-content\/uploads\/2021\/09\/2ed034f4-efb5-31f3-b8ae-0f348973fe4a_850.jpg",850,530,false],"portraits":["https:\/\/arantv.az\/wp-content\/uploads\/2021\/09\/2ed034f4-efb5-31f3-b8ae-0f348973fe4a_850.jpg",850,530,false],"thumbnail":["https:\/\/arantv.az\/wp-content\/uploads\/2021\/09\/2ed034f4-efb5-31f3-b8ae-0f348973fe4a_850-500x280.jpg",500,280,true],"medium":["https:\/\/arantv.az\/wp-content\/uploads\/2021\/09\/2ed034f4-efb5-31f3-b8ae-0f348973fe4a_850-585x365.jpg",585,365,true],"large":["https:\/\/arantv.az\/wp-content\/uploads\/2021\/09\/2ed034f4-efb5-31f3-b8ae-0f348973fe4a_850-840x524.jpg",640,399,true],"1536x1536":["https:\/\/arantv.az\/wp-content\/uploads\/2021\/09\/2ed034f4-efb5-31f3-b8ae-0f348973fe4a_850.jpg",850,530,false],"2048x2048":["https:\/\/arantv.az\/wp-content\/uploads\/2021\/09\/2ed034f4-efb5-31f3-b8ae-0f348973fe4a_850.jpg",850,530,false],"post-thumbnail":["https:\/\/arantv.az\/wp-content\/uploads\/2021\/09\/2ed034f4-efb5-31f3-b8ae-0f348973fe4a_850-240x172.jpg",240,172,true],"advps-thumb-one":["https:\/\/arantv.az\/wp-content\/uploads\/2021\/09\/2ed034f4-efb5-31f3-b8ae-0f348973fe4a_850.jpg",850,530,false]},"rttpg_author":{"display_name":"V\u00fcsal Rafiqo\u011flu","author_link":"https:\/\/arantv.az\/?author=2"},"rttpg_comment":0,"rttpg_category":"<a href=\"https:\/\/arantv.az\/?cat=4\" rel=\"category\">Siyas\u0259t<\/a>","rttpg_excerpt":"Bu g\u00fcn V\u0259t\u0259n M\u00fcharib\u0259si Memorial Kompleksinin v\u0259 Z\u0259f\u0259r Muzeyinin t\u0259m\u0259li qoyulacaq. ARANTV.AZ\u00a0 Trend-\u0259 istinad\u0259n bildirir ki,\u00a0bunu Prezident \u0130lham \u018fliyev An\u0131m G\u00fcn\u00fc il\u0259 \u0259laq\u0259dar xalqa m\u00fcraci\u0259ti zaman\u0131 deyib. D\u00f6vl\u0259t ba\u015f\u00e7\u0131s\u0131 bildirib: &#8220;D\u00fcz bir il bundan \u0259vv\u0259l Erm\u0259nistan Az\u0259rbaycana qar\u015f\u0131 h\u0259rbi t\u0259xribat t\u00f6r\u0259d\u0259r\u0259k bizim d\u00f6y\u00fc\u015f m\u00f6vqel\u0259rimizi v\u0259 ya\u015fay\u0131\u015f m\u0259nt\u0259q\u0259l\u0259rimizi at\u0259\u015f\u0259 tutmu\u015fdur. Bu nam\u0259rd at\u0259\u015f n\u0259tic\u0259sind\u0259 ilk saatlarda&hellip;","_links":{"self":[{"href":"https:\/\/arantv.az\/index.php?rest_route=\/wp\/v2\/posts\/382989"}],"collection":[{"href":"https:\/\/arantv.az\/index.php?rest_route=\/wp\/v2\/posts"}],"about":[{"href":"https:\/\/arantv.az\/index.php?rest_route=\/wp\/v2\/types\/post"}],"author":[{"embeddable":true,"href":"https:\/\/arantv.az\/index.php?rest_route=\/wp\/v2\/users\/2"}],"replies":[{"embeddable":true,"href":"https:\/\/arantv.az\/index.php?rest_route=%2Fwp%2Fv2%2Fcomments&post=382989"}],"version-history":[{"count":0,"href":"https:\/\/arantv.az\/index.php?rest_route=\/wp\/v2\/posts\/382989\/revisions"}],"wp:featuredmedia":[{"embeddable":true,"href":"https:\/\/arantv.az\/index.php?rest_route=\/wp\/v2\/media\/382990"}],"wp:attachment":[{"href":"https:\/\/arantv.az\/index.php?rest_route=%2Fwp%2Fv2%2Fmedia&parent=382989"}],"wp:term":[{"taxonomy":"category","embeddable":true,"href":"https:\/\/arantv.az\/index.php?rest_route=%2Fwp%2Fv2%2Fcategories&post=382989"},{"taxonomy":"post_tag","embeddable":true,"href":"https:\/\/arantv.az\/index.php?rest_route=%2Fwp%2Fv2%2Ftags&post=382989"}],"curies":[{"name":"wp","href":"https:\/\/api.w.org\/{rel}","templated":true}]}}