{"id":382992,"date":"2021-09-27T09:55:17","date_gmt":"2021-09-27T06:55:17","guid":{"rendered":"http:\/\/arantv.az\/?p=382992"},"modified":"2021-09-27T09:55:17","modified_gmt":"2021-09-27T06:55:17","slug":"bakida-ikinci-qarabag-muharib%c9%99sinin-q%c9%99hr%c9%99manlarinin-s%c9%99r%c9%99fin%c9%99-moht%c9%99s%c9%99m-abid%c9%99-ucaldilacaq","status":"publish","type":"post","link":"https:\/\/arantv.az\/?p=382992","title":{"rendered":"Bak\u0131da \u0130kinci Qaraba\u011f m\u00fcharib\u0259sinin q\u0259hr\u0259manlar\u0131n\u0131n \u015f\u0259r\u0259fin\u0259 m\u00f6ht\u0259\u015f\u0259m abid\u0259 ucald\u0131lacaq"},"content":{"rendered":"<p>D\u00fcz bir il bundan \u0259vv\u0259l Erm\u0259nistan Az\u0259rbaycana qar\u015f\u0131 h\u0259rbi t\u0259xribat t\u00f6r\u0259d\u0259r\u0259k bizim d\u00f6y\u00fc\u015f m\u00f6vqel\u0259rimizi v\u0259 ya\u015fay\u0131\u015f m\u0259nt\u0259q\u0259l\u0259rimizi at\u0259\u015f\u0259 tutmu\u015fdur. Bu nam\u0259rd at\u0259\u015f n\u0259tic\u0259sind\u0259 ilk saatlarda m\u00fclki \u015f\u0259xsl\u0259r, h\u0259rb\u00e7il\u0259r h\u0259lak olmu\u015fdur. M\u0259nim \u0259mriml\u0259 Az\u0259rbaycan Ordusu bu qanl\u0131 cinay\u0259t\u0259 cavab olaraq geni\u015fmiqyasl\u0131 \u0259ks-h\u00fccum \u0259m\u0259liyyat\u0131na ba\u015flam\u0131\u015f v\u0259 44 g\u00fcn davam ed\u0259n \u0130kinci Qaraba\u011f m\u00fcharib\u0259sind\u0259 tam Q\u0259l\u0259b\u0259 qazanm\u0131\u015fd\u0131r.<\/p>\n<p><strong>ARANTV.AZ<\/strong> <a href=\"https:\/\/az.trend.az\/\" target=\"_blank\" rel=\"noopener\">Trend<\/a>-\u0259 istinad\u0259n bildirir ki,\u00a0bu bar\u0259d\u0259 M\u00fcz\u0259ff\u0259r Ali Ba\u015f Komandan, Prezident \u0130lham \u018fliyev An\u0131m G\u00fcn\u00fc il\u0259 \u0259laq\u0259dar xalqa m\u00fcraci\u0259tind\u0259 bildirib.<\/p>\n<p>&#8220;Ke\u00e7\u0259n il dekabr\u0131n 2-d\u0259 m\u0259nim S\u0259r\u0259ncam\u0131mla sentyabr\u0131n 27-si Az\u0259rbaycanda An\u0131m G\u00fcn\u00fc kimi t\u0259sis edilmi\u015fdir. \u0130kinci Qaraba\u011f m\u00fcharib\u0259sind\u0259 h\u0259lak olmu\u015f q\u0259hr\u0259man \u015f\u0259hidl\u0259rimizin \u0259ziz xatir\u0259si qar\u015f\u0131s\u0131nda bu g\u00fcn bir daha ba\u015f \u0259yir, onlara Allahdan r\u0259hm\u0259t dil\u0259yirik. Biz \u015f\u0259hidl\u0259rimizi \u00f6z q\u0259lbimizd\u0259 \u0259b\u0259di saxlayaca\u011f\u0131q&#8221;, &#8211; dey\u0259 d\u00f6vl\u0259timizin ba\u015f\u00e7\u0131s\u0131 qeyd edib.<\/p>\n<p>Prezident deyib ki, bu g\u00fcn V\u0259t\u0259n M\u00fcharib\u0259si Memorial Kompleksinin v\u0259 Z\u0259f\u0259r Muzeyinin t\u0259m\u0259li qoyulacaq: &#8220;Bak\u0131da, \u015f\u0259h\u0259rimizin \u0259n g\u00f6z\u0259l yerl\u0259rinin birind\u0259 \u0130kinci Qaraba\u011f m\u00fcharib\u0259sinin q\u0259hr\u0259manlar\u0131n\u0131n \u015f\u0259r\u0259fin\u0259 m\u00f6ht\u0259\u015f\u0259m abid\u0259 ucald\u0131lacaqd\u0131r. Onu da bildirm\u0259liy\u0259m ki, bu g\u00fcn saat 12-d\u0259 b\u00fct\u00fcn \u00f6lk\u0259 \u00fczr\u0259 bir d\u0259qiq\u0259lik s\u00fckut elan edil\u0259c\u0259kdir&#8221;.<\/p>\n","protected":false},"excerpt":{"rendered":"<p>D\u00fcz bir il bundan \u0259vv\u0259l Erm\u0259nistan Az\u0259rbaycana qar\u015f\u0131 h\u0259rbi t\u0259xribat t\u00f6r\u0259d\u0259r\u0259k bizim d\u00f6y\u00fc\u015f m\u00f6vqel\u0259rimizi v\u0259 ya\u015fay\u0131\u015f m\u0259nt\u0259q\u0259l\u0259rimizi at\u0259\u015f\u0259 tutmu\u015fdur. Bu nam\u0259rd at\u0259\u015f n\u0259tic\u0259sind\u0259 ilk saatlarda m\u00fclki \u015f\u0259xsl\u0259r, h\u0259rb\u00e7il\u0259r h\u0259lak olmu\u015fdur. M\u0259nim \u0259mriml\u0259 Az\u0259rbaycan Ordusu bu qanl\u0131 cinay\u0259t\u0259 cavab olaraq geni\u015fmiqyasl\u0131 \u0259ks-h\u00fccum \u0259m\u0259liyyat\u0131na ba\u015flam\u0131\u015f v\u0259 44 g\u00fcn davam ed\u0259n \u0130kinci Qaraba\u011f m\u00fcharib\u0259sind\u0259 tam Q\u0259l\u0259b\u0259 qazanm\u0131\u015fd\u0131r. ARANTV.AZ Trend-\u0259 istinad\u0259n bildirir ki,\u00a0bu bar\u0259d\u0259 M\u00fcz\u0259ff\u0259r Ali Ba\u015f Komandan, Prezident \u0130lham \u018fliyev An\u0131m G\u00fcn\u00fc il\u0259 \u0259laq\u0259dar xalqa m\u00fcraci\u0259tind\u0259 bildirib. &#8220;Ke\u00e7\u0259n il dekabr\u0131n 2-d\u0259 m\u0259nim S\u0259r\u0259ncam\u0131mla sentyabr\u0131n 27-si Az\u0259rbaycanda An\u0131m G\u00fcn\u00fc kimi t\u0259sis edilmi\u015fdir. \u0130kinci Qaraba\u011f&hellip;<\/p>\n","protected":false},"author":2,"featured_media":382993,"comment_status":"closed","ping_status":"closed","sticky":false,"template":"","format":"standard","meta":{"om_disable_all_campaigns":false,"_monsterinsights_skip_tracking":false,"_monsterinsights_sitenote_active":false,"_monsterinsights_sitenote_note":"","_monsterinsights_sitenote_category":0},"categories":[4],"tags":[],"aioseo_notices":[],"gutentor_comment":0,"rttpg_featured_image_url":{"full":["https:\/\/arantv.az\/wp-content\/uploads\/2021\/09\/esker_2848686.jpg",600,450,false],"landscape":["https:\/\/arantv.az\/wp-content\/uploads\/2021\/09\/esker_2848686.jpg",600,450,false],"portraits":["https:\/\/arantv.az\/wp-content\/uploads\/2021\/09\/esker_2848686.jpg",600,450,false],"thumbnail":["https:\/\/arantv.az\/wp-content\/uploads\/2021\/09\/esker_2848686-500x280.jpg",500,280,true],"medium":["https:\/\/arantv.az\/wp-content\/uploads\/2021\/09\/esker_2848686-487x365.jpg",487,365,true],"large":["https:\/\/arantv.az\/wp-content\/uploads\/2021\/09\/esker_2848686.jpg",600,450,false],"1536x1536":["https:\/\/arantv.az\/wp-content\/uploads\/2021\/09\/esker_2848686.jpg",600,450,false],"2048x2048":["https:\/\/arantv.az\/wp-content\/uploads\/2021\/09\/esker_2848686.jpg",600,450,false],"post-thumbnail":["https:\/\/arantv.az\/wp-content\/uploads\/2021\/09\/esker_2848686-240x172.jpg",240,172,true],"advps-thumb-one":["https:\/\/arantv.az\/wp-content\/uploads\/2021\/09\/esker_2848686.jpg",600,450,false]},"rttpg_author":{"display_name":"V\u00fcsal Rafiqo\u011flu","author_link":"https:\/\/arantv.az\/?author=2"},"rttpg_comment":0,"rttpg_category":"<a href=\"https:\/\/arantv.az\/?cat=4\" rel=\"category\">Siyas\u0259t<\/a>","rttpg_excerpt":"D\u00fcz bir il bundan \u0259vv\u0259l Erm\u0259nistan Az\u0259rbaycana qar\u015f\u0131 h\u0259rbi t\u0259xribat t\u00f6r\u0259d\u0259r\u0259k bizim d\u00f6y\u00fc\u015f m\u00f6vqel\u0259rimizi v\u0259 ya\u015fay\u0131\u015f m\u0259nt\u0259q\u0259l\u0259rimizi at\u0259\u015f\u0259 tutmu\u015fdur. Bu nam\u0259rd at\u0259\u015f n\u0259tic\u0259sind\u0259 ilk saatlarda m\u00fclki \u015f\u0259xsl\u0259r, h\u0259rb\u00e7il\u0259r h\u0259lak olmu\u015fdur. M\u0259nim \u0259mriml\u0259 Az\u0259rbaycan Ordusu bu qanl\u0131 cinay\u0259t\u0259 cavab olaraq geni\u015fmiqyasl\u0131 \u0259ks-h\u00fccum \u0259m\u0259liyyat\u0131na ba\u015flam\u0131\u015f v\u0259 44 g\u00fcn davam ed\u0259n \u0130kinci Qaraba\u011f m\u00fcharib\u0259sind\u0259 tam Q\u0259l\u0259b\u0259 qazanm\u0131\u015fd\u0131r. ARANTV.AZ&hellip;","_links":{"self":[{"href":"https:\/\/arantv.az\/index.php?rest_route=\/wp\/v2\/posts\/382992"}],"collection":[{"href":"https:\/\/arantv.az\/index.php?rest_route=\/wp\/v2\/posts"}],"about":[{"href":"https:\/\/arantv.az\/index.php?rest_route=\/wp\/v2\/types\/post"}],"author":[{"embeddable":true,"href":"https:\/\/arantv.az\/index.php?rest_route=\/wp\/v2\/users\/2"}],"replies":[{"embeddable":true,"href":"https:\/\/arantv.az\/index.php?rest_route=%2Fwp%2Fv2%2Fcomments&post=382992"}],"version-history":[{"count":0,"href":"https:\/\/arantv.az\/index.php?rest_route=\/wp\/v2\/posts\/382992\/revisions"}],"wp:featuredmedia":[{"embeddable":true,"href":"https:\/\/arantv.az\/index.php?rest_route=\/wp\/v2\/media\/382993"}],"wp:attachment":[{"href":"https:\/\/arantv.az\/index.php?rest_route=%2Fwp%2Fv2%2Fmedia&parent=382992"}],"wp:term":[{"taxonomy":"category","embeddable":true,"href":"https:\/\/arantv.az\/index.php?rest_route=%2Fwp%2Fv2%2Fcategories&post=382992"},{"taxonomy":"post_tag","embeddable":true,"href":"https:\/\/arantv.az\/index.php?rest_route=%2Fwp%2Fv2%2Ftags&post=382992"}],"curies":[{"name":"wp","href":"https:\/\/api.w.org\/{rel}","templated":true}]}}