{"id":383177,"date":"2021-09-27T12:43:58","date_gmt":"2021-09-27T09:43:58","guid":{"rendered":"http:\/\/arantv.az\/?p=383177"},"modified":"2021-09-27T12:43:58","modified_gmt":"2021-09-27T09:43:58","slug":"israel-hayom-israil-pua-larinin-alinmasi-v%c9%99-ugurlu-istifad%c9%99si-erm%c9%99nil%c9%99r-ucun-gozl%c9%99nilm%c9%99z-v%c9%99-heyr%c9%99tli-oldu","status":"publish","type":"post","link":"https:\/\/arantv.az\/?p=383177","title":{"rendered":"\u201c\u0130srael HaYom\u201d: \u0130srail PUA-lar\u0131n\u0131n al\u0131nmas\u0131 v\u0259 u\u011furlu istifad\u0259si erm\u0259nil\u0259r \u00fc\u00e7\u00fcn g\u00f6zl\u0259nilm\u0259z v\u0259 heyr\u0259tli oldu"},"content":{"rendered":"<p>Bu g\u00fcn Az\u0259rbaycan regionda b\u00f6y\u00fck q\u00fcvv\u0259, C\u0259nubi Qafqazda geosiyasi v\u0259 geoiqtisadi prosesl\u0259rin lideridir. Onun i\u015ftirak\u0131 olmadan regionda he\u00e7 bir geosiyasi v\u0259 geoiqtisadi layih\u0259nin h\u0259yata ke\u00e7irilm\u0259si m\u00fcmk\u00fcn deyil. C\u0259nubi Qafqaz regionunda m\u00fc\u0259yy\u0259n geosiyasi probleml\u0259r olmas\u0131na baxmayaraq \u0130srail v\u0259 Az\u0259rbaycan m\u00f6hk\u0259m strateji v\u0259 sars\u0131lmaz siyasi, iqtisadi v\u0259 h\u0259rbi-texniki t\u0259r\u0259fda\u015fl\u0131q qurma\u011fa nail olublar.<\/p>\n<p><strong>ARANTV.AZ\u00a0<\/strong> <a href=\"http:\/\/azertag.az\/\" target=\"_blank\" rel=\"noopener\">AZ\u018fRTAC<\/a>-a istinad\u0259n bildirir ki,\u00a0\u015emuel Din Elmas\u0131n \u0130sraild\u0259 \u00e7\u0131xan apar\u0131c\u0131 ivritdilli &#8220;\u0130srael HaYom&#8221; q\u0259zetind\u0259 d\u0259rc olunmu\u015f &#8220;\u0130sraild\u0259 istehsal edilmi\u015f, \u0130kinci Qaraba\u011f m\u00fcharib\u0259sind\u0259 h\u0259rbi \u00fcst\u00fcnl\u00fcy\u00fc t\u0259min etmi\u015f pilotsuz u\u00e7u\u015f aparatlar\u0131 erm\u0259nil\u0259ri heyr\u0259tl\u0259ndirmi\u015fdi&#8221; s\u0259rl\u00f6vh\u0259li m\u0259qal\u0259si bu m\u00f6vzuya h\u0259sr edilib.<\/p>\n<p>M\u0259qal\u0259 m\u00fc\u0259llifi qeyd edir ki, Az\u0259rbaycan Prezidenti \u0130lham \u018fliyev Rusiyan\u0131n &#8220;Nasionalnaya oborona&#8221; jurnal\u0131na m\u00fcsahib\u0259sind\u0259 m\u00fcasir \u0130srail silah\u0131n\u0131n \u0130kinci Qaraba\u011f m\u00fcharib\u0259sind\u0259 \u0259sl inqilab oldu\u011funu vur\u011fulay\u0131b.<\/p>\n<p>Elmas yaz\u0131r ki, \u0130kinci Qaraba\u011f m\u00fcharib\u0259sind\u0259n sonra d\u0259f\u0259l\u0259rl\u0259 qeyd edildiyi kimi, 44 g\u00fcnl\u00fck m\u00fcharib\u0259 d\u00f6vr\u00fcnd\u0259 Az\u0259rbaycan Silahl\u0131 Q\u00fcvv\u0259l\u0259rind\u0259 \u0130srail istehsal\u0131 olan pilotsuz u\u00e7u\u015f aparatlar\u0131ndan s\u0259m\u0259r\u0259li istifad\u0259 edilib v\u0259 Erm\u0259nistan bu silaha cavab tapa bilm\u0259yib.<\/p>\n<p>Prezident \u0130lham \u018fliyev deyib: &#8220;Biz pilotsuz u\u00e7u\u015f aparatlar\u0131 alma\u011fa yet\u0259rinc\u0259 \u00e7oxdan, hafiz\u0259m m\u0259ni aldatm\u0131rsa 10 ild\u0259n \u00e7ox bundan \u0259vv\u0259l ba\u015flam\u0131\u015fd\u0131q. Bunlar \u0130srail istehsal\u0131 olan q\u0131r\u011f\u0131n vasit\u0259l\u0259ri idi. Biz onlar\u0131 m\u0259nims\u0259dik v\u0259 2016-c\u0131 ilin aprelind\u0259 q\u0131sam\u00fcdd\u0259tli d\u00f6y\u00fc\u015f \u0259m\u0259liyyatlar\u0131 zaman\u0131 t\u0259tbiq etdik. Bu, erm\u0259ni t\u0259r\u0259fi \u00fc\u00e7\u00fcn g\u00f6zl\u0259nilm\u0259z oldu. Lakin dediyim m\u0259s\u0259l\u0259y\u0259 qay\u0131daraq \u0259lav\u0259 edir\u0259m ki, biz h\u0259min m\u00fcnaqi\u015f\u0259ni g\u0259rginl\u0259\u015fdirm\u0259dik, \u00e7\u00fcnki bizim geni\u015fmiqyasl\u0131 h\u0259rbi \u0259m\u0259liyyatlar aparmaq niyy\u0259timiz yox idi. Buna g\u00f6r\u0259 bu \u0259m\u0259liyyat tez ba\u015fa \u00e7atd\u0131. Sonradan biz ba\u015fqa aparatlar da alma\u011fa ba\u015flad\u0131q, y\u0259ni 2016-c\u0131 ilin aprelind\u0259 biz &#8220;Harop&#8221; PUA-lar\u0131ndan istifad\u0259 edirdik. Sonra biz \u0130sraild\u0259 istehsal edilmi\u015f dig\u0259r pilotsuz vasit\u0259l\u0259r, konkret des\u0259k, &#8220;Sky Striker&#8221; alma\u011fa ba\u015flad\u0131q. \u0130ndi bu, he\u00e7 k\u0259s \u00fc\u00e7\u00fcn sirr deyil, ona g\u00f6r\u0259 ki, bunu gizl\u0259tm\u0259yin m\u0259nas\u0131 yoxdur. Siz dediyiniz kimi, h\u0259m k\u0259\u015ffiyyat, h\u0259m d\u0259 d\u00f6y\u00fc\u015f t\u0259yinatl\u0131 &#8220;Orbiter&#8221; PUA-lar\u0131 da ald\u0131q. O vaxt T\u00fcrkiy\u0259nin h\u0259rbi-s\u0259naye kompleksi h\u0259l\u0259 PUA-lar istehsal\u0131na ba\u015flamam\u0131\u015fd\u0131. Onlar bu istehsala ba\u015flayan kimi m\u0259nim fikrimc\u0259, biz &#8220;Bayraktar TB2&#8243;l\u0259rin ilk xarici al\u0131c\u0131s\u0131 olduq. Bu PUA-lar da h\u0259m k\u0259\u015ffiyyat, h\u0259m d\u0259 d\u0259qiq z\u0259rb\u0259l\u0259r vurulmas\u0131 bax\u0131m\u0131ndan \u00e7ox s\u0259m\u0259r\u0259li oldu\u011funu g\u00f6st\u0259rdi&#8221;. Onun fikrinc\u0259, pilotsuz u\u00e7u\u015f aparatlar\u0131nda d\u00f6y\u00fc\u015f \u015f\u0259raitind\u0259 istifad\u0259 edilm\u0259sini \u0259laq\u0259l\u0259ndirm\u0259k v\u0259 sinxronla\u015fd\u0131rmaq z\u0259ruri idi.<\/p>\n<p>Prezident \u0130lham \u018fliyev deyib: &#8220;Bayraktar&#8221;lara g\u0259ldikd\u0259, d\u00f6y\u00fc\u015f \u0259m\u0259liyyatlar\u0131 zaman\u0131 onlardan bir ne\u00e7\u0259si daim havada olurdu. \u018flb\u0259tt\u0259, b\u0259z\u0259n hava \u015f\u0259raiti buna \u0259ng\u0259l t\u00f6r\u0259dirdi, lakin \u0259ks\u0259r g\u00fcnl\u0259rd\u0259 hava ayd\u0131n oldu\u011fu \u00fc\u00e7\u00fcn onlar, ola bilsin ki\u00e7ik fasil\u0259l\u0259rl\u0259, praktiki olaraq h\u0259r g\u00fcn i\u015fl\u0259yirdi. \u0130srail v\u0259 T\u00fcrkiy\u0259 istehsal\u0131 olan PUA-lar\u0131 \u0259laq\u0259l\u0259ndirm\u0259k v\u0259 uy\u011funla\u015fd\u0131rmaq, \u0259lb\u0259tt\u0259, b\u00f6y\u00fck ustal\u0131q t\u0259l\u0259b edirdi. Onlar\u0131n h\u0259d\u0259fl\u0259rinin siyah\u0131s\u0131 da f\u0259rqli idi, \u00e7\u00fcnki k\u0259\u015ffiyyat xarakterli d\u00f6y\u00fc\u015f sursat\u0131n\u0131n m\u0259hvedici q\u00fcvv\u0259si &#8220;Roketsan&#8221; raketinin q\u00fcvv\u0259sind\u0259n y\u00fcks\u0259kdir. Buna g\u00f6r\u0259 d\u0259 strateji, iri h\u0259d\u0259fl\u0259r &#8220;Harop&#8221; il\u0259, zirehli texnika v\u0259 dig\u0259r h\u0259d\u0259fl\u0259r is\u0259 \u0259sas\u0259n &#8220;Bayraktar TB2&#8243;l\u0259rl\u0259 m\u0259hv edilirdi. Lakin bildiyiniz kimi, &#8220;Harop&#8221; bird\u0259f\u0259lik istifad\u0259 silah\u0131d\u0131r, ona g\u00f6r\u0259 d\u0259 biz &#8220;Harop&#8221; il\u0259 z\u0259rb\u0259 endir\u0259c\u0259yimiz h\u0259d\u0259fl\u0259ri \u00e7ox diqq\u0259tl\u0259 se\u00e7irdik&#8221;.<\/p>\n<p>Beyn\u0259lxalq m\u00fcnasib\u0259tl\u0259r sah\u0259sind\u0259 israilli ekspert Arye Qut &#8220;\u0130srael HaYom&#8221; n\u0259\u015frin\u0259 m\u00fcsahib\u0259sind\u0259 \u0130srail-Az\u0259rbaycan t\u0259r\u0259fda\u015fl\u0131\u011f\u0131ndan s\u00f6hb\u0259t a\u00e7araq \u00fczr\u0259 deyib: &#8220;\u0130srail Bak\u0131 \u00fc\u00e7\u00fcn silahlar\u0131n f\u0259al t\u0259dar\u00fck\u00e7\u00fcs\u00fcd\u00fcr&#8221;.<\/p>\n<p>Arye Qut vur\u011fulay\u0131b: &#8220;Bu g\u00fcn Az\u0259rbaycan xalq\u0131 Az\u0259rbaycan\u0131n \u0259razi b\u00fct\u00f6vl\u00fcy\u00fc namin\u0259 canlar\u0131ndan ke\u00e7mi\u015f Az\u0259rbaycan \u0259sg\u0259rl\u0259rinin v\u0259 zabitl\u0259rinin ilk An\u0131m G\u00fcn\u00fcn\u00fc qeyd ed\u0259c\u0259k. Onlar\u0131n r\u0259\u015fad\u0259ti v\u0259 igidliyi say\u0259sind\u0259 Az\u0259rbaycan \u00f6z torpaqlar\u0131n\u0131 erm\u0259ni i\u015f\u011fal\u0131ndan azad edib. Prezident \u0130lham \u018fliyev d\u0259f\u0259l\u0259rl\u0259 t\u0259sdiq edib ki, \u0130srail il\u0259 Az\u0259rbaycan aras\u0131nda strateji t\u0259r\u0259fda\u015fl\u0131q etibarl\u0131 v\u0259 h\u0259r iki t\u0259r\u0259f \u00fc\u00e7\u00fcn qar\u015f\u0131l\u0131ql\u0131 faydal\u0131d\u0131r.<\/p>\n<p>Bu g\u00fcn \u0130srail-Az\u0259rbaycan m\u00fcnasib\u0259tl\u0259ri strateji t\u0259r\u0259fda\u015fl\u0131q xarakter da\u015f\u0131y\u0131r, bizd\u0259 d\u00f6vl\u0259tl\u0259raras\u0131 siyasi v\u0259 h\u0259rbi-texniki t\u0259r\u0259fda\u015fl\u0131q \u0259n y\u00fcks\u0259k s\u0259viyy\u0259d\u0259dir&#8221;.<\/p>\n","protected":false},"excerpt":{"rendered":"<p>Bu g\u00fcn Az\u0259rbaycan regionda b\u00f6y\u00fck q\u00fcvv\u0259, C\u0259nubi Qafqazda geosiyasi v\u0259 geoiqtisadi prosesl\u0259rin lideridir. Onun i\u015ftirak\u0131 olmadan regionda he\u00e7 bir geosiyasi v\u0259 geoiqtisadi layih\u0259nin h\u0259yata ke\u00e7irilm\u0259si m\u00fcmk\u00fcn deyil. C\u0259nubi Qafqaz regionunda m\u00fc\u0259yy\u0259n geosiyasi probleml\u0259r olmas\u0131na baxmayaraq \u0130srail v\u0259 Az\u0259rbaycan m\u00f6hk\u0259m strateji v\u0259 sars\u0131lmaz siyasi, iqtisadi v\u0259 h\u0259rbi-texniki t\u0259r\u0259fda\u015fl\u0131q qurma\u011fa nail olublar. ARANTV.AZ\u00a0 AZ\u018fRTAC-a istinad\u0259n bildirir ki,\u00a0\u015emuel Din Elmas\u0131n \u0130sraild\u0259 \u00e7\u0131xan apar\u0131c\u0131 ivritdilli &#8220;\u0130srael HaYom&#8221; q\u0259zetind\u0259 d\u0259rc olunmu\u015f &#8220;\u0130sraild\u0259 istehsal edilmi\u015f, \u0130kinci Qaraba\u011f m\u00fcharib\u0259sind\u0259 h\u0259rbi \u00fcst\u00fcnl\u00fcy\u00fc t\u0259min etmi\u015f pilotsuz u\u00e7u\u015f aparatlar\u0131 erm\u0259nil\u0259ri heyr\u0259tl\u0259ndirmi\u015fdi&#8221; s\u0259rl\u00f6vh\u0259li m\u0259qal\u0259si bu m\u00f6vzuya h\u0259sr edilib. M\u0259qal\u0259 m\u00fc\u0259llifi qeyd&hellip;<\/p>\n","protected":false},"author":2,"featured_media":383178,"comment_status":"closed","ping_status":"closed","sticky":false,"template":"","format":"standard","meta":{"om_disable_all_campaigns":false,"_monsterinsights_skip_tracking":false,"_monsterinsights_sitenote_active":false,"_monsterinsights_sitenote_note":"","_monsterinsights_sitenote_category":0},"categories":[4],"tags":[],"aioseo_notices":[],"gutentor_comment":0,"rttpg_featured_image_url":{"full":["https:\/\/arantv.az\/wp-content\/uploads\/2021\/09\/982953_01.jpg",993,669,false],"landscape":["https:\/\/arantv.az\/wp-content\/uploads\/2021\/09\/982953_01.jpg",993,669,false],"portraits":["https:\/\/arantv.az\/wp-content\/uploads\/2021\/09\/982953_01.jpg",993,669,false],"thumbnail":["https:\/\/arantv.az\/wp-content\/uploads\/2021\/09\/982953_01-500x280.jpg",500,280,true],"medium":["https:\/\/arantv.az\/wp-content\/uploads\/2021\/09\/982953_01-542x365.jpg",542,365,true],"large":["https:\/\/arantv.az\/wp-content\/uploads\/2021\/09\/982953_01-840x566.jpg",640,431,true],"1536x1536":["https:\/\/arantv.az\/wp-content\/uploads\/2021\/09\/982953_01.jpg",993,669,false],"2048x2048":["https:\/\/arantv.az\/wp-content\/uploads\/2021\/09\/982953_01.jpg",993,669,false],"post-thumbnail":["https:\/\/arantv.az\/wp-content\/uploads\/2021\/09\/982953_01-240x172.jpg",240,172,true],"advps-thumb-one":["https:\/\/arantv.az\/wp-content\/uploads\/2021\/09\/982953_01-993x620.jpg",993,620,true]},"rttpg_author":{"display_name":"V\u00fcsal Rafiqo\u011flu","author_link":"https:\/\/arantv.az\/?author=2"},"rttpg_comment":0,"rttpg_category":"<a href=\"https:\/\/arantv.az\/?cat=4\" rel=\"category\">Siyas\u0259t<\/a>","rttpg_excerpt":"Bu g\u00fcn Az\u0259rbaycan regionda b\u00f6y\u00fck q\u00fcvv\u0259, C\u0259nubi Qafqazda geosiyasi v\u0259 geoiqtisadi prosesl\u0259rin lideridir. Onun i\u015ftirak\u0131 olmadan regionda he\u00e7 bir geosiyasi v\u0259 geoiqtisadi layih\u0259nin h\u0259yata ke\u00e7irilm\u0259si m\u00fcmk\u00fcn deyil. C\u0259nubi Qafqaz regionunda m\u00fc\u0259yy\u0259n geosiyasi probleml\u0259r olmas\u0131na baxmayaraq \u0130srail v\u0259 Az\u0259rbaycan m\u00f6hk\u0259m strateji v\u0259 sars\u0131lmaz siyasi, iqtisadi v\u0259 h\u0259rbi-texniki t\u0259r\u0259fda\u015fl\u0131q qurma\u011fa nail olublar. ARANTV.AZ\u00a0 AZ\u018fRTAC-a istinad\u0259n bildirir ki,\u00a0\u015emuel&hellip;","_links":{"self":[{"href":"https:\/\/arantv.az\/index.php?rest_route=\/wp\/v2\/posts\/383177"}],"collection":[{"href":"https:\/\/arantv.az\/index.php?rest_route=\/wp\/v2\/posts"}],"about":[{"href":"https:\/\/arantv.az\/index.php?rest_route=\/wp\/v2\/types\/post"}],"author":[{"embeddable":true,"href":"https:\/\/arantv.az\/index.php?rest_route=\/wp\/v2\/users\/2"}],"replies":[{"embeddable":true,"href":"https:\/\/arantv.az\/index.php?rest_route=%2Fwp%2Fv2%2Fcomments&post=383177"}],"version-history":[{"count":0,"href":"https:\/\/arantv.az\/index.php?rest_route=\/wp\/v2\/posts\/383177\/revisions"}],"wp:featuredmedia":[{"embeddable":true,"href":"https:\/\/arantv.az\/index.php?rest_route=\/wp\/v2\/media\/383178"}],"wp:attachment":[{"href":"https:\/\/arantv.az\/index.php?rest_route=%2Fwp%2Fv2%2Fmedia&parent=383177"}],"wp:term":[{"taxonomy":"category","embeddable":true,"href":"https:\/\/arantv.az\/index.php?rest_route=%2Fwp%2Fv2%2Fcategories&post=383177"},{"taxonomy":"post_tag","embeddable":true,"href":"https:\/\/arantv.az\/index.php?rest_route=%2Fwp%2Fv2%2Ftags&post=383177"}],"curies":[{"name":"wp","href":"https:\/\/api.w.org\/{rel}","templated":true}]}}