{"id":383186,"date":"2021-09-27T12:49:20","date_gmt":"2021-09-27T09:49:20","guid":{"rendered":"http:\/\/arantv.az\/?p=383186"},"modified":"2021-09-27T12:49:20","modified_gmt":"2021-09-27T09:49:20","slug":"muradina-catan-murad-m%c9%99mm%c9%99dov-bakida-s%c9%99hidin-xatir%c9%99-lovh%c9%99sinin-acilisi-olub-video","status":"publish","type":"post","link":"https:\/\/arantv.az\/?p=383186","title":{"rendered":"Murad\u0131na \u00e7atan Murad M\u0259mm\u0259dov. Bak\u0131da \u015f\u0259hidin xatir\u0259 l\u00f6vh\u0259sinin a\u00e7\u0131l\u0131\u015f\u0131 olub &#8211; V\u0130DEO"},"content":{"rendered":"<div class=\"article_text\">\n<p>44 g\u00fcnl\u00fck V\u0259t\u0259n m\u00fcharib\u0259mizin il d\u00f6n\u00fcm\u00fcn\u0259 say\u0131l\u0131 g\u00fcnl\u0259r qalarkan daha bir \u015f\u0259hidimiz\u00a0M\u0259mm\u0259dov Murad\u00a0El\u015f\u0259n o\u011flunun ya\u015fad\u0131\u011f\u0131 Nizami rayonunda xatir\u0259 kompleksinin a\u00e7\u0131l\u0131\u015f\u0131 ke\u00e7irildi.<\/p>\n<p><strong>ARANTV.AZ\u00a0<\/strong> Real TV-y\u0259 istinad\u0259n bildirir ki, a\u00e7\u0131l\u0131\u015fda rayon icra n\u00fcmay\u0259nd\u0259liyi, \u015f\u0259hid ail\u0259l\u0259ri, rayon ictimaiyy\u0259ti i\u015ftirak etdil\u0259r.<\/p>\n<p>M\u0259kt\u0259blil\u0259r \u015ferirl\u0259r s\u0259sl\u0259ndirdi. Xatir\u0259 l\u00f6vh\u0259si \u00f6n\u00fcn\u0259 \u0259klill\u0259r qoyuldu, Murad\u0131n timsal\u0131nda b\u00fct\u00fcn \u015f\u0259hidl\u0259rin ruhuna dualar oxundu.<\/p>\n<div>\n<div id=\"AdviadNativeVideo0\" class=\"AdviadNativeVideo\"><\/div>\n<\/div>\n<p>&nbsp;<\/p>\n<p><iframe loading=\"lazy\" src=\"https:\/\/daytube.az\/embed\/115244\" width=\"670\" height=\"400\" frameborder=\"0\" allowfullscreen=\"allowfullscreen\" data-mce-fragment=\"1\"><\/iframe><\/div>\n<div class=\"social-banner\"><\/div>\n","protected":false},"excerpt":{"rendered":"<p>44 g\u00fcnl\u00fck V\u0259t\u0259n m\u00fcharib\u0259mizin il d\u00f6n\u00fcm\u00fcn\u0259 say\u0131l\u0131 g\u00fcnl\u0259r qalarkan daha bir \u015f\u0259hidimiz\u00a0M\u0259mm\u0259dov Murad\u00a0El\u015f\u0259n o\u011flunun ya\u015fad\u0131\u011f\u0131 Nizami rayonunda xatir\u0259 kompleksinin a\u00e7\u0131l\u0131\u015f\u0131 ke\u00e7irildi. ARANTV.AZ\u00a0 Real TV-y\u0259 istinad\u0259n bildirir ki, a\u00e7\u0131l\u0131\u015fda rayon icra n\u00fcmay\u0259nd\u0259liyi, \u015f\u0259hid ail\u0259l\u0259ri, rayon ictimaiyy\u0259ti i\u015ftirak etdil\u0259r. M\u0259kt\u0259blil\u0259r \u015ferirl\u0259r s\u0259sl\u0259ndirdi. Xatir\u0259 l\u00f6vh\u0259si \u00f6n\u00fcn\u0259 \u0259klill\u0259r qoyuldu, Murad\u0131n timsal\u0131nda b\u00fct\u00fcn \u015f\u0259hidl\u0259rin ruhuna dualar oxundu. &nbsp;<\/p>\n","protected":false},"author":2,"featured_media":383187,"comment_status":"closed","ping_status":"closed","sticky":false,"template":"","format":"standard","meta":{"om_disable_all_campaigns":false,"_monsterinsights_skip_tracking":false,"_monsterinsights_sitenote_active":false,"_monsterinsights_sitenote_note":"","_monsterinsights_sitenote_category":0},"categories":[26],"tags":[],"aioseo_notices":[],"gutentor_comment":0,"rttpg_featured_image_url":{"full":["https:\/\/arantv.az\/wp-content\/uploads\/2021\/09\/982893.jpg",800,600,false],"landscape":["https:\/\/arantv.az\/wp-content\/uploads\/2021\/09\/982893.jpg",800,600,false],"portraits":["https:\/\/arantv.az\/wp-content\/uploads\/2021\/09\/982893.jpg",800,600,false],"thumbnail":["https:\/\/arantv.az\/wp-content\/uploads\/2021\/09\/982893-500x280.jpg",500,280,true],"medium":["https:\/\/arantv.az\/wp-content\/uploads\/2021\/09\/982893-487x365.jpg",487,365,true],"large":["https:\/\/arantv.az\/wp-content\/uploads\/2021\/09\/982893.jpg",640,480,false],"1536x1536":["https:\/\/arantv.az\/wp-content\/uploads\/2021\/09\/982893.jpg",800,600,false],"2048x2048":["https:\/\/arantv.az\/wp-content\/uploads\/2021\/09\/982893.jpg",800,600,false],"post-thumbnail":["https:\/\/arantv.az\/wp-content\/uploads\/2021\/09\/982893-240x172.jpg",240,172,true],"advps-thumb-one":["https:\/\/arantv.az\/wp-content\/uploads\/2021\/09\/982893.jpg",800,600,false]},"rttpg_author":{"display_name":"V\u00fcsal Rafiqo\u011flu","author_link":"https:\/\/arantv.az\/?author=2"},"rttpg_comment":0,"rttpg_category":"<a href=\"https:\/\/arantv.az\/?cat=26\" rel=\"category\">Sosial<\/a>","rttpg_excerpt":"44 g\u00fcnl\u00fck V\u0259t\u0259n m\u00fcharib\u0259mizin il d\u00f6n\u00fcm\u00fcn\u0259 say\u0131l\u0131 g\u00fcnl\u0259r qalarkan daha bir \u015f\u0259hidimiz\u00a0M\u0259mm\u0259dov Murad\u00a0El\u015f\u0259n o\u011flunun ya\u015fad\u0131\u011f\u0131 Nizami rayonunda xatir\u0259 kompleksinin a\u00e7\u0131l\u0131\u015f\u0131 ke\u00e7irildi. ARANTV.AZ\u00a0 Real TV-y\u0259 istinad\u0259n bildirir ki, a\u00e7\u0131l\u0131\u015fda rayon icra n\u00fcmay\u0259nd\u0259liyi, \u015f\u0259hid ail\u0259l\u0259ri, rayon ictimaiyy\u0259ti i\u015ftirak etdil\u0259r. M\u0259kt\u0259blil\u0259r \u015ferirl\u0259r s\u0259sl\u0259ndirdi. Xatir\u0259 l\u00f6vh\u0259si \u00f6n\u00fcn\u0259 \u0259klill\u0259r qoyuldu, Murad\u0131n timsal\u0131nda b\u00fct\u00fcn \u015f\u0259hidl\u0259rin ruhuna dualar oxundu. &nbsp;","_links":{"self":[{"href":"https:\/\/arantv.az\/index.php?rest_route=\/wp\/v2\/posts\/383186"}],"collection":[{"href":"https:\/\/arantv.az\/index.php?rest_route=\/wp\/v2\/posts"}],"about":[{"href":"https:\/\/arantv.az\/index.php?rest_route=\/wp\/v2\/types\/post"}],"author":[{"embeddable":true,"href":"https:\/\/arantv.az\/index.php?rest_route=\/wp\/v2\/users\/2"}],"replies":[{"embeddable":true,"href":"https:\/\/arantv.az\/index.php?rest_route=%2Fwp%2Fv2%2Fcomments&post=383186"}],"version-history":[{"count":0,"href":"https:\/\/arantv.az\/index.php?rest_route=\/wp\/v2\/posts\/383186\/revisions"}],"wp:featuredmedia":[{"embeddable":true,"href":"https:\/\/arantv.az\/index.php?rest_route=\/wp\/v2\/media\/383187"}],"wp:attachment":[{"href":"https:\/\/arantv.az\/index.php?rest_route=%2Fwp%2Fv2%2Fmedia&parent=383186"}],"wp:term":[{"taxonomy":"category","embeddable":true,"href":"https:\/\/arantv.az\/index.php?rest_route=%2Fwp%2Fv2%2Fcategories&post=383186"},{"taxonomy":"post_tag","embeddable":true,"href":"https:\/\/arantv.az\/index.php?rest_route=%2Fwp%2Fv2%2Ftags&post=383186"}],"curies":[{"name":"wp","href":"https:\/\/api.w.org\/{rel}","templated":true}]}}