{"id":383189,"date":"2021-09-27T12:50:19","date_gmt":"2021-09-27T09:50:19","guid":{"rendered":"http:\/\/arantv.az\/?p=383189"},"modified":"2021-09-27T12:50:19","modified_gmt":"2021-09-27T09:50:19","slug":"dunyani-heyr%c9%99tl%c9%99ndir%c9%99n-tarixi-z%c9%99f%c9%99r","status":"publish","type":"post","link":"https:\/\/arantv.az\/?p=383189","title":{"rendered":"D\u00fcnyan\u0131 heyr\u0259tl\u0259ndir\u0259n tarixi Z\u0259f\u0259r"},"content":{"rendered":"<p>Qafqazda ist\u0259r iqtisadi, ist\u0259rs\u0259 d\u0259 siyasi arenada s\u00f6z sahibi olan \u00f6lk\u0259miz beyn\u0259lxalq al\u0259md\u0259 b\u00f6y\u00fck n\u00fcfuz qazanm\u0131\u015fd\u0131r. Bu g\u00fcn m\u00fcasir d\u00fcnyam\u0131zda ba\u015f ver\u0259n ictimai-siyasi v\u0259 iqtisadi prosesel\u0259rd\u0259 Az\u0259rbaycan \u00e7ox aktiv \u015f\u0259kild\u0259 i\u015ftirak edir. \u00d6lk\u0259miz Z\u0259f\u0259rimizin yaratd\u0131\u011f\u0131 reall\u0131qlara s\u00f6yk\u0259n\u0259r\u0259k \u00a0regional s\u00fclh\u0259 v\u0259 inki\u015fafa t\u00f6hf\u0259l\u0259rini davam etdir\u0259c\u0259k, yeni \u0259m\u0259kda\u015fl\u0131q formatlar\u0131n\u0131n yarad\u0131lmas\u0131 ideyas\u0131 reall\u0131\u011fa \u00e7evril\u0259c\u0259k. D\u00fc\u015f\u00fcn\u00fclm\u00fc\u015f praqmatik v\u0259 q\u0259tiyy\u0259tli d\u00f6vl\u0259t siyas\u0259ti n\u0259tic\u0259sind\u0259 \u00a030 il\u0259 yax\u0131n m\u00fcdd\u0259td\u0259 davam ed\u0259n erm\u0259ni i\u015f\u011fal\u0131na son qoya q\u00fcdr\u0259tli Az\u0259rbaycan Respublikas\u0131n\u0131n geopolitik m\u00f6vqeyi g\u00fcn\u00fc g\u00fcnd\u0259n artmaqda davam edir. \u0130st\u0259nil\u0259n sah\u0259d\u0259 biziml\u0259 raz\u0131la\u015fan beyn\u0259lxalq t\u0259\u015fkilatlar b\u00fct\u00fcn transmilli v\u0259 regional layih\u0259l\u0259rd\u0259 \u00f6lk\u0259mizl\u0259 \u0259m\u0259kda\u015fl\u0131q etm\u0259y\u0259 haz\u0131rd\u0131rlar.D\u00f6vl\u0259timiz t\u0259r\u0259find\u0259n do\u011fru formada\u00a0 apar\u0131lan d\u00fczg\u00fcn idar\u0259\u00e7ilik u\u011fura aparan \u0259n ba\u015fl\u0131ca yol olmu\u015fdur.D\u00fcnyan\u0131n g\u00fcc m\u0259rk\u0259zl\u0259ri bu g\u00fcn d\u0259 Az\u0259rbaycan Silahl\u0131 Q\u00fcvv\u0259l\u0259rinin Qaraba\u011fda n\u00fcmayi\u015f etdirdiyi d\u00f6y\u00fc\u015f taktikas\u0131 v\u0259 istifad\u0259 etdiyi y\u00fcks\u0259k d\u0259qiqliyi \u00f6yr\u0259nir, h\u0259rbi m\u00fct\u0259x\u0259ssisl\u0259r, ekspertl\u0259r Ordumuzun t\u0259tbiq etdiyi yeni taktiki \u00fcsullara istinad edir. D\u00fcnyan\u0131n apar\u0131c\u0131 h\u0259rbi elmi m\u0259rk\u0259zl\u0259rind\u0259 Az\u0259rbaycan Silahl\u0131 Q\u00fcvv\u0259l\u0259rinin V\u0259t\u0259n m\u00fcharib\u0259sind\u0259 t\u0259cr\u00fcb\u0259si n\u00fcmun\u0259 kimi q\u0259bul edilir. H\u0259tta AB\u015e ordusu Az\u0259rbaycan\u0131n taktiki h\u0259rbi modelini ara\u015fd\u0131r\u0131r. Az\u0259rbaycan h\u0259m d\u0259 d\u00fcnya siyasi tarixin\u0259 ilk yenilik g\u0259tir\u0259n hadis\u0259y\u0259 imza atd\u0131. BMT T\u0259hl\u00fck\u0259sizlik \u015euras\u0131n\u0131n q\u0259tnam\u0259l\u0259rinin icras\u0131n\u0131 \u00f6z\u00fc t\u0259min etdi v\u0259 bu, BMT-nin yarand\u0131\u011f\u0131 vaxtdan indiy\u0259 q\u0259d\u0259r d\u00fcnyada ilk hald\u0131r.V\u0259t\u0259n m\u00fcharib\u0259sinin u\u011furlu sonlu\u011fu b\u00f6lg\u0259d\u0259 q\u00fcvv\u0259l\u0259r nisb\u0259tini d\u0259yi\u015fdi, yeni reall\u0131q yaratd\u0131. M\u00fcz\u0259ff\u0259r Ali Ba\u015f Komandan \u0130lham \u018fliyev Az\u0259rbaycan\u0131n z\u0259ngin d\u00f6vl\u0259t\u00e7ilik tarixin\u0259 itirilmi\u015f torpaqlar\u0131 geri qaytaran qalib s\u0259rk\u0259rd\u0259 kimi daxil oldu.<\/p>\n<p>Az\u0259rbaycan Ordusu bu Q\u0259l\u0259b\u0259 il\u0259 h\u0259m d\u0259 \u00f6z\u00fcn\u00fcn y\u00fcks\u0259k d\u00f6y\u00fc\u015f haz\u0131rl\u0131\u011f\u0131n\u0131, h\u0259rbi bacar\u0131\u011f\u0131n\u0131, x\u00fcsusi istedad\u0131n\u0131 d\u00fcnyaya n\u00fcmayi\u015f etdirdi. Bu z\u0259f\u0259r b\u00fct\u00fcn d\u00fcnyada b\u00f6y\u00fck \u0259ks-s\u0259da do\u011furdu, d\u00fcnyan\u0131n bir \u00e7ox \u00f6lk\u0259l\u0259ri 44 g\u00fcn \u0259rzind\u0259 \u00e7\u0259tin iqlim \u015f\u0259raitind\u0259, a\u011f\u0131r relyefd\u0259 Az\u0259rbaycan h\u0259rb\u00e7il\u0259rinin bu q\u0259d\u0259r s\u00fcr\u0259tl\u0259 v\u0259 pe\u015f\u0259karl\u0131qla b\u00f6y\u00fck bir \u0259razini d\u00fc\u015fm\u0259nd\u0259n azad etm\u0259sini yax\u015f\u0131 m\u0259nada heyr\u0259tl\u0259 qar\u015f\u0131lad\u0131lar. D\u00fcnya h\u0259rbind\u0259 bir \u00e7ox \u0259m\u0259liyyatlar apar\u0131l\u0131b, ancaq Az\u0259rbaycan\u0131n \u201cD\u0259mir Yumruq\u201d \u0259m\u0259liyyat\u0131 kimi m\u00f6ht\u0259\u015f\u0259m h\u0259rbi-strateji plan h\u0259yata ke\u00e7irilm\u0259yib. X\u00fcsusil\u0259 d\u0259 \u015eu\u015fan\u0131n azad edilm\u0259si dill\u0259r\u0259 dastan oldu, al\u0131nmaz qala hesab edil\u0259n \u015eu\u015fan\u0131n s\u0131ld\u0131r\u0131m qayal\u0131qlar\u0131na d\u0131rma\u015fan Az\u0259rbaycan\u0131n fatehl\u0259ri \u0259liyal\u0131n, silahs\u0131z d\u00fcnya tarixind\u0259 g\u00f6r\u00fcnm\u0259y\u0259n bir m\u0259har\u0259tl\u0259 olmayan\u0131 bacard\u0131. Bu r\u0259\u015fad\u0259t h\u0259rb s\u0259n\u0259tind\u0259 misli g\u00f6r\u00fcnm\u0259mi\u015f yenilik v\u0259 \u0259n m\u00fcasir unikal d\u00f6y\u00fc\u015f \u0259m\u0259liyyat\u0131 modeli kimi d\u00fcnya h\u0259rb tarixin\u0259 yaz\u0131ld\u0131. \u018fz\u0259li Az\u0259rbaycan torpa\u011f\u0131 olan Qaraba\u011f\u0131m\u0131z\u0131 \u00f6z qan\u0131 v\u0259 can\u0131 bahas\u0131na biz\u0259 geri qaytaran b\u00fct\u00fcn \u015f\u0259hidl\u0259rimizin ruhu qar\u015f\u0131s\u0131nda ba\u015f \u0259yir, qazil\u0259rimiz\u0259 sa\u011flaml\u0131q dil\u0259yirik.<\/p>\n<p>Az\u0259rbaycan xalq\u0131n\u0131n m\u00fcharib\u0259d\u0259 g\u00f6st\u0259rdiyi h\u0259mr\u0259ylik h\u0259r bir v\u0259t\u0259nda\u015f\u0131m\u0131z\u0131n yadda\u015f\u0131nda iftixar hissi il\u0259 qalm\u0131\u015fd\u0131r. Ordumuzun bir-birinin ard\u0131nca \u00f6n x\u0259td\u0259 qazand\u0131\u011f\u0131 q\u0259l\u0259b\u0259l\u0259r mill\u0259timizin d\u00f6y\u00fc\u015f ruhunu daha da art\u0131rm\u0131\u015fd\u0131r. Bizim haqq sava\u015f\u0131m\u0131zda biz\u0259 d\u0259st\u0259k ver\u0259n qarda\u015f \u00f6lk\u0259l\u0259rin d\u0259st\u0259yi he\u00e7 vaxt q\u0259lbimizd\u0259n v\u0259 yadda\u015flar\u0131m\u0131zdan silinm\u0259y\u0259c\u0259kdir. 30 illik i\u015f\u011fal\u0131 44 g\u00fcn\u0259\u00a0 sonland\u0131ran Az\u0259rbaycan \u0259sg\u0259ri erm\u0259ni vandallar\u0131n\u0131n qorxulu r\u00f6yas\u0131na \u00e7evrilmi\u015fdir. Silah-sursatlar\u0131n\u0131 ataraq qa\u00e7an erm\u0259ni \u0259sg\u0259ri n\u0259 q\u0259d\u0259r aciz v\u0259 qorxaq oldu\u011funu \u00f6z \u0259m\u0259li il\u0259 subut edirdi. Erm\u0259ni \u0259sg\u0259rind\u0259n f\u0259rqli olaraq q\u0259hr\u0259man v\u0259 m\u00fcz\u0259ff\u0259r Az\u0259rbaycan \u0259sg\u0259ri d\u00f6y\u00fc\u015f\u0259 sevincl\u0259 v\u0259 b\u00f6y\u00fck ruh y\u00fcks\u0259kliyi il\u0259 qat\u0131l\u0131r v\u0259 \u00f6l\u00fcm\u00fcn g\u00f6z\u00fcn\u0259 dik baxaraq \u00f6z \u015f\u00fcca\u0259tini g\u00f6st\u0259rirdi. B\u0259li, b\u00fct\u00fcn d\u00fcnya ictimaiyy\u0259ti anlad\u0131 ki, Az\u0259rbaycan xalq\u0131 \u00f6z torpaqlar\u0131n\u0131 m\u0259nfur d\u00fc\u015fm\u0259nd\u0259n azad etm\u0259y\u0259 qadirdir. D\u00fcnyan\u0131 l\u0259rz\u0259y\u0259 g\u0259tir\u0259n Ordmuzun m\u00fcharib\u0259d\u0259 g\u00f6st\u0259rdiyi r\u0259\u015fad\u0259t h\u0259r birimiz \u00fc\u00e7\u00fcn q\u00fcrur m\u0259nb\u0259yidir. Qaraba\u011f Z\u0259f\u0259rimiz b\u00fct\u00fcn cahan\u0131 heyr\u0259t\u0259 g\u0259tirdi v\u0259 d\u00fcnya \u00e7a\u015fq\u0131nl\u0131q i\u00e7ind\u0259 Haqq Sava\u015f\u0131m\u0131zdak\u0131 Q\u0259l\u0259b\u0259miz\u0259 \u015fahid oldu. M\u00fcz\u0259ff\u0259r Ali Ba\u015f Komandan \u0130lham \u018fliyevin b\u0259yan etdiyi kimi: \u201cAz\u0259rbaycan \u00a0qalib \u00f6lk\u0259 kimi dikt\u0259 ed\u0259n t\u0259r\u0259fdir\u201d. Az\u0259rbaycan Z\u0259f\u0259rimizin yaratd\u0131\u011f\u0131 reall\u0131qlara s\u00f6yk\u0259n\u0259r\u0259k \u00a0regional s\u00fclh\u0259 v\u0259 inki\u015fafa t\u00f6hf\u0259l\u0259rini davam etdir\u0259c\u0259k, yeni \u0259m\u0259kda\u015fl\u0131q formatlar\u0131n\u0131n yarad\u0131lmas\u0131 ideyas\u0131 reall\u0131\u011fa \u00e7evril\u0259c\u0259k.<\/p>\n<p>B\u00fct\u00fcn Qaraba\u011fda apar\u0131lan yenid\u0259nqurma v\u0259 tikinti i\u015fl\u0259ri tezlikl\u0259 orda sosial h\u0259yat\u0131n canlanmas\u0131na s\u0259b\u0259b olacaqd\u0131r. Bir s\u0131ra layih\u0259l\u0259rin ger\u00e7\u0259kl\u0259\u015fdirilm\u0259si, yollar\u0131n, tunell\u0259rin, hava limanlar\u0131n\u0131n in\u015fas\u0131 \u00e7ox m\u00fch\u00fcm \u0259h\u0259miyy\u0259t k\u0259sb edir. S\u00fclh sazi\u015finin ba\u011flanmas\u0131na v\u0259 Z\u0259ng\u0259zur d\u0259hlizinin a\u00e7\u0131lmas\u0131na h\u0259r v\u0259chl\u0259 mane\u00e7ilik t\u00f6r\u0259d\u0259n r\u0259smi \u0130r\u0259van regionda s\u00fclh v\u0259 t\u0259hl\u00fck\u0259sizliyin b\u0259rq\u0259rar olunmas\u0131nda maraql\u0131 olmad\u0131\u011f\u0131n\u0131 n\u00fcmayi\u015f etdirir. Lakin, Erm\u0259nistan\u0131n bu t\u0259xribatla\u0131na baxmayaraq Az\u0259rbaycan tezlikl\u0259 Z\u0259ng\u0259zur d\u0259hlizinin a\u00e7\u0131lmas\u0131na nail olacaqd\u0131r. Q\u00fcdr\u0259tli Az\u0259rbaycan Respublikas\u0131 regionda s\u00f6z sahibi kimi \u00e7ox b\u00f6y\u00fck n\u00fcfuza malikdir.<\/p>\n<p><img src=\"https:\/\/ikisahil.az\/upload\/\/2021\/09\/27\/\/-e20b21ae163273593395682390710144941.jpg\" alt=\"\" \/><\/p>\n<p><strong>T\u00fcrkan M\u0259mm\u0259dova,<\/strong><\/p>\n<p><em>Pirallah\u0131 rayonu 235 n\u00f6mr\u0259li m\u0259kt\u0259bin m\u00fc\u0259llimi<\/em><\/p>\n","protected":false},"excerpt":{"rendered":"<p>Qafqazda ist\u0259r iqtisadi, ist\u0259rs\u0259 d\u0259 siyasi arenada s\u00f6z sahibi olan \u00f6lk\u0259miz beyn\u0259lxalq al\u0259md\u0259 b\u00f6y\u00fck n\u00fcfuz qazanm\u0131\u015fd\u0131r. Bu g\u00fcn m\u00fcasir d\u00fcnyam\u0131zda ba\u015f ver\u0259n ictimai-siyasi v\u0259 iqtisadi prosesel\u0259rd\u0259 Az\u0259rbaycan \u00e7ox aktiv \u015f\u0259kild\u0259 i\u015ftirak edir. \u00d6lk\u0259miz Z\u0259f\u0259rimizin yaratd\u0131\u011f\u0131 reall\u0131qlara s\u00f6yk\u0259n\u0259r\u0259k \u00a0regional s\u00fclh\u0259 v\u0259 inki\u015fafa t\u00f6hf\u0259l\u0259rini davam etdir\u0259c\u0259k, yeni \u0259m\u0259kda\u015fl\u0131q formatlar\u0131n\u0131n yarad\u0131lmas\u0131 ideyas\u0131 reall\u0131\u011fa \u00e7evril\u0259c\u0259k. D\u00fc\u015f\u00fcn\u00fclm\u00fc\u015f praqmatik v\u0259 q\u0259tiyy\u0259tli d\u00f6vl\u0259t siyas\u0259ti n\u0259tic\u0259sind\u0259 \u00a030 il\u0259 yax\u0131n m\u00fcdd\u0259td\u0259 davam ed\u0259n erm\u0259ni i\u015f\u011fal\u0131na son qoya q\u00fcdr\u0259tli Az\u0259rbaycan Respublikas\u0131n\u0131n geopolitik m\u00f6vqeyi g\u00fcn\u00fc g\u00fcnd\u0259n artmaqda davam edir. \u0130st\u0259nil\u0259n sah\u0259d\u0259 biziml\u0259 raz\u0131la\u015fan beyn\u0259lxalq t\u0259\u015fkilatlar b\u00fct\u00fcn transmilli v\u0259 regional layih\u0259l\u0259rd\u0259 \u00f6lk\u0259mizl\u0259&hellip;<\/p>\n","protected":false},"author":2,"featured_media":383190,"comment_status":"closed","ping_status":"closed","sticky":false,"template":"","format":"standard","meta":{"om_disable_all_campaigns":false,"_monsterinsights_skip_tracking":false,"_monsterinsights_sitenote_active":false,"_monsterinsights_sitenote_note":"","_monsterinsights_sitenote_category":0},"categories":[26],"tags":[],"aioseo_notices":[],"gutentor_comment":0,"rttpg_featured_image_url":{"full":["https:\/\/arantv.az\/wp-content\/uploads\/2021\/09\/61d77652160950311087786653310943803-1.jpg",975,540,false],"landscape":["https:\/\/arantv.az\/wp-content\/uploads\/2021\/09\/61d77652160950311087786653310943803-1.jpg",975,540,false],"portraits":["https:\/\/arantv.az\/wp-content\/uploads\/2021\/09\/61d77652160950311087786653310943803-1.jpg",975,540,false],"thumbnail":["https:\/\/arantv.az\/wp-content\/uploads\/2021\/09\/61d77652160950311087786653310943803-1-500x280.jpg",500,280,true],"medium":["https:\/\/arantv.az\/wp-content\/uploads\/2021\/09\/61d77652160950311087786653310943803-1-660x365.jpg",660,365,true],"large":["https:\/\/arantv.az\/wp-content\/uploads\/2021\/09\/61d77652160950311087786653310943803-1-840x465.jpg",640,354,true],"1536x1536":["https:\/\/arantv.az\/wp-content\/uploads\/2021\/09\/61d77652160950311087786653310943803-1.jpg",975,540,false],"2048x2048":["https:\/\/arantv.az\/wp-content\/uploads\/2021\/09\/61d77652160950311087786653310943803-1.jpg",975,540,false],"post-thumbnail":["https:\/\/arantv.az\/wp-content\/uploads\/2021\/09\/61d77652160950311087786653310943803-1-240x172.jpg",240,172,true],"advps-thumb-one":["https:\/\/arantv.az\/wp-content\/uploads\/2021\/09\/61d77652160950311087786653310943803-1.jpg",975,540,false]},"rttpg_author":{"display_name":"V\u00fcsal Rafiqo\u011flu","author_link":"https:\/\/arantv.az\/?author=2"},"rttpg_comment":0,"rttpg_category":"<a href=\"https:\/\/arantv.az\/?cat=26\" rel=\"category\">Sosial<\/a>","rttpg_excerpt":"Qafqazda ist\u0259r iqtisadi, ist\u0259rs\u0259 d\u0259 siyasi arenada s\u00f6z sahibi olan \u00f6lk\u0259miz beyn\u0259lxalq al\u0259md\u0259 b\u00f6y\u00fck n\u00fcfuz qazanm\u0131\u015fd\u0131r. Bu g\u00fcn m\u00fcasir d\u00fcnyam\u0131zda ba\u015f ver\u0259n ictimai-siyasi v\u0259 iqtisadi prosesel\u0259rd\u0259 Az\u0259rbaycan \u00e7ox aktiv \u015f\u0259kild\u0259 i\u015ftirak edir. \u00d6lk\u0259miz Z\u0259f\u0259rimizin yaratd\u0131\u011f\u0131 reall\u0131qlara s\u00f6yk\u0259n\u0259r\u0259k \u00a0regional s\u00fclh\u0259 v\u0259 inki\u015fafa t\u00f6hf\u0259l\u0259rini davam etdir\u0259c\u0259k, yeni \u0259m\u0259kda\u015fl\u0131q formatlar\u0131n\u0131n yarad\u0131lmas\u0131 ideyas\u0131 reall\u0131\u011fa \u00e7evril\u0259c\u0259k. D\u00fc\u015f\u00fcn\u00fclm\u00fc\u015f praqmatik v\u0259 q\u0259tiyy\u0259tli&hellip;","_links":{"self":[{"href":"https:\/\/arantv.az\/index.php?rest_route=\/wp\/v2\/posts\/383189"}],"collection":[{"href":"https:\/\/arantv.az\/index.php?rest_route=\/wp\/v2\/posts"}],"about":[{"href":"https:\/\/arantv.az\/index.php?rest_route=\/wp\/v2\/types\/post"}],"author":[{"embeddable":true,"href":"https:\/\/arantv.az\/index.php?rest_route=\/wp\/v2\/users\/2"}],"replies":[{"embeddable":true,"href":"https:\/\/arantv.az\/index.php?rest_route=%2Fwp%2Fv2%2Fcomments&post=383189"}],"version-history":[{"count":0,"href":"https:\/\/arantv.az\/index.php?rest_route=\/wp\/v2\/posts\/383189\/revisions"}],"wp:featuredmedia":[{"embeddable":true,"href":"https:\/\/arantv.az\/index.php?rest_route=\/wp\/v2\/media\/383190"}],"wp:attachment":[{"href":"https:\/\/arantv.az\/index.php?rest_route=%2Fwp%2Fv2%2Fmedia&parent=383189"}],"wp:term":[{"taxonomy":"category","embeddable":true,"href":"https:\/\/arantv.az\/index.php?rest_route=%2Fwp%2Fv2%2Fcategories&post=383189"},{"taxonomy":"post_tag","embeddable":true,"href":"https:\/\/arantv.az\/index.php?rest_route=%2Fwp%2Fv2%2Ftags&post=383189"}],"curies":[{"name":"wp","href":"https:\/\/api.w.org\/{rel}","templated":true}]}}