{"id":383192,"date":"2021-09-27T12:50:54","date_gmt":"2021-09-27T09:50:54","guid":{"rendered":"http:\/\/arantv.az\/?p=383192"},"modified":"2021-09-27T12:50:54","modified_gmt":"2021-09-27T09:50:54","slug":"pakistanli-ekspert-az%c9%99rbaycan-regionun-%c9%99n-populyar-v%c9%99-dinamik-liderin%c9%99-cevrildi","status":"publish","type":"post","link":"https:\/\/arantv.az\/?p=383192","title":{"rendered":"Pakistanl\u0131 ekspert: \u201cAz\u0259rbaycan regionun \u0259n populyar v\u0259 dinamik liderin\u0259 \u00e7evrildi\u201d"},"content":{"rendered":"<p>\u201cAz\u0259rbaycan\u0131n V\u0259t\u0259n m\u00fcharib\u0259sind\u0259ki q\u0259l\u0259b\u0259si beyn\u0259lxalq m\u00fcnasib\u0259tl\u0259rd\u0259 yeni reall\u0131\u011f\u0131 \u015f\u0259rtl\u0259ndirib\u201d.<\/p>\n<p>Bunu \u201cReport\u201da m\u00fcsahib\u0259sind\u0259 Pakistan\u0131n Qlobal v\u0259 Strateji Ara\u015fd\u0131rmalar M\u0259rk\u0259zinin (CGSS) icra\u00e7\u0131 direktoru\u00a0Xalid Teymur \u018fkr\u0259m\u00a0bildirib.<\/p>\n<div id=\"AdviadNativeVideo0\" class=\"AdviadNativeVideo\"><\/div>\n<p>\u201cAz\u0259rbaycan, Prezident \u0130lham \u018fliyevin uzaqg\u00f6r\u0259nliyi v\u0259 m\u00fcdrik siyas\u0259ti say\u0259sind\u0259 q\u0259l\u0259b\u0259 qazand\u0131. \u0130lham \u018fliyev\u00a0d\u00f6vr\u00fcnd\u0259ki hakimiyy\u0259t \u00f6z r\u0259qibl\u0259rini b\u00fct\u00fcn c\u0259bh\u0259l\u0259rd\u0259 \u00fcst\u0259l\u0259di. Bununla \u0259laq\u0259dar olaraq, Prezident \u0130lham \u018fliyevin se\u00e7diyi effektiv strategiyalar\u0131n haqq\u0131n\u0131 verm\u0259k laz\u0131md\u0131r. Q\u0259l\u0259b\u0259 say\u0259sind\u0259 Az\u0259rbaycan regionun \u0259n populyar v\u0259 dinamik liderin\u0259 \u00e7evrildi\u201d, &#8211; Xalid Teymur \u018fkr\u0259m deyib.<\/p>\n<p>Onun s\u00f6zl\u0259rin\u0259 g\u00f6r\u0259, \u0130lham \u018fliyevin hakimiyy\u0259ti d\u00f6vr\u00fcnd\u0259 Az\u0259rbaycan m\u00f6hk\u0259m siyasi v\u0259 iqtisadi t\u0259r\u0259fda\u015fl\u0131q m\u00fcnasib\u0259tl\u0259rinin inki\u015faf etdirilm\u0259si istiqam\u0259tind\u0259 effektiv siyas\u0259ti davam etdirdi, 44 g\u00fcnl\u00fck m\u00fcharib\u0259d\u0259 Az\u0259rbaycan\u0131n\u00a0q\u0259l\u0259b\u0259si is\u0259 xalq\u0131 daha da birl\u0259\u015fdirdi.<\/p>\n","protected":false},"excerpt":{"rendered":"<p>\u201cAz\u0259rbaycan\u0131n V\u0259t\u0259n m\u00fcharib\u0259sind\u0259ki q\u0259l\u0259b\u0259si beyn\u0259lxalq m\u00fcnasib\u0259tl\u0259rd\u0259 yeni reall\u0131\u011f\u0131 \u015f\u0259rtl\u0259ndirib\u201d. Bunu \u201cReport\u201da m\u00fcsahib\u0259sind\u0259 Pakistan\u0131n Qlobal v\u0259 Strateji Ara\u015fd\u0131rmalar M\u0259rk\u0259zinin (CGSS) icra\u00e7\u0131 direktoru\u00a0Xalid Teymur \u018fkr\u0259m\u00a0bildirib. \u201cAz\u0259rbaycan, Prezident \u0130lham \u018fliyevin uzaqg\u00f6r\u0259nliyi v\u0259 m\u00fcdrik siyas\u0259ti say\u0259sind\u0259 q\u0259l\u0259b\u0259 qazand\u0131. \u0130lham \u018fliyev\u00a0d\u00f6vr\u00fcnd\u0259ki hakimiyy\u0259t \u00f6z r\u0259qibl\u0259rini b\u00fct\u00fcn c\u0259bh\u0259l\u0259rd\u0259 \u00fcst\u0259l\u0259di. Bununla \u0259laq\u0259dar olaraq, Prezident \u0130lham \u018fliyevin se\u00e7diyi effektiv strategiyalar\u0131n haqq\u0131n\u0131 verm\u0259k laz\u0131md\u0131r. Q\u0259l\u0259b\u0259 say\u0259sind\u0259 Az\u0259rbaycan regionun \u0259n populyar v\u0259 dinamik liderin\u0259 \u00e7evrildi\u201d, &#8211; Xalid Teymur \u018fkr\u0259m deyib. Onun s\u00f6zl\u0259rin\u0259 g\u00f6r\u0259, \u0130lham \u018fliyevin hakimiyy\u0259ti d\u00f6vr\u00fcnd\u0259 Az\u0259rbaycan m\u00f6hk\u0259m siyasi v\u0259 iqtisadi t\u0259r\u0259fda\u015fl\u0131q m\u00fcnasib\u0259tl\u0259rinin inki\u015faf etdirilm\u0259si istiqam\u0259tind\u0259 effektiv siyas\u0259ti davam etdirdi,&hellip;<\/p>\n","protected":false},"author":2,"featured_media":383193,"comment_status":"closed","ping_status":"closed","sticky":false,"template":"","format":"standard","meta":{"om_disable_all_campaigns":false,"_monsterinsights_skip_tracking":false,"_monsterinsights_sitenote_active":false,"_monsterinsights_sitenote_note":"","_monsterinsights_sitenote_category":0},"categories":[4],"tags":[],"aioseo_notices":[],"gutentor_comment":0,"rttpg_featured_image_url":{"full":["https:\/\/arantv.az\/wp-content\/uploads\/2021\/09\/FotoJet-2021-09-27T125032.445.jpg",620,413,false],"landscape":["https:\/\/arantv.az\/wp-content\/uploads\/2021\/09\/FotoJet-2021-09-27T125032.445.jpg",620,413,false],"portraits":["https:\/\/arantv.az\/wp-content\/uploads\/2021\/09\/FotoJet-2021-09-27T125032.445.jpg",620,413,false],"thumbnail":["https:\/\/arantv.az\/wp-content\/uploads\/2021\/09\/FotoJet-2021-09-27T125032.445-500x280.jpg",500,280,true],"medium":["https:\/\/arantv.az\/wp-content\/uploads\/2021\/09\/FotoJet-2021-09-27T125032.445-548x365.jpg",548,365,true],"large":["https:\/\/arantv.az\/wp-content\/uploads\/2021\/09\/FotoJet-2021-09-27T125032.445.jpg",620,413,false],"1536x1536":["https:\/\/arantv.az\/wp-content\/uploads\/2021\/09\/FotoJet-2021-09-27T125032.445.jpg",620,413,false],"2048x2048":["https:\/\/arantv.az\/wp-content\/uploads\/2021\/09\/FotoJet-2021-09-27T125032.445.jpg",620,413,false],"post-thumbnail":["https:\/\/arantv.az\/wp-content\/uploads\/2021\/09\/FotoJet-2021-09-27T125032.445-240x172.jpg",240,172,true],"advps-thumb-one":["https:\/\/arantv.az\/wp-content\/uploads\/2021\/09\/FotoJet-2021-09-27T125032.445.jpg",620,413,false]},"rttpg_author":{"display_name":"V\u00fcsal Rafiqo\u011flu","author_link":"https:\/\/arantv.az\/?author=2"},"rttpg_comment":0,"rttpg_category":"<a href=\"https:\/\/arantv.az\/?cat=4\" rel=\"category\">Siyas\u0259t<\/a>","rttpg_excerpt":"\u201cAz\u0259rbaycan\u0131n V\u0259t\u0259n m\u00fcharib\u0259sind\u0259ki q\u0259l\u0259b\u0259si beyn\u0259lxalq m\u00fcnasib\u0259tl\u0259rd\u0259 yeni reall\u0131\u011f\u0131 \u015f\u0259rtl\u0259ndirib\u201d. Bunu \u201cReport\u201da m\u00fcsahib\u0259sind\u0259 Pakistan\u0131n Qlobal v\u0259 Strateji Ara\u015fd\u0131rmalar M\u0259rk\u0259zinin (CGSS) icra\u00e7\u0131 direktoru\u00a0Xalid Teymur \u018fkr\u0259m\u00a0bildirib. \u201cAz\u0259rbaycan, Prezident \u0130lham \u018fliyevin uzaqg\u00f6r\u0259nliyi v\u0259 m\u00fcdrik siyas\u0259ti say\u0259sind\u0259 q\u0259l\u0259b\u0259 qazand\u0131. \u0130lham \u018fliyev\u00a0d\u00f6vr\u00fcnd\u0259ki hakimiyy\u0259t \u00f6z r\u0259qibl\u0259rini b\u00fct\u00fcn c\u0259bh\u0259l\u0259rd\u0259 \u00fcst\u0259l\u0259di. Bununla \u0259laq\u0259dar olaraq, Prezident \u0130lham \u018fliyevin se\u00e7diyi effektiv strategiyalar\u0131n haqq\u0131n\u0131 verm\u0259k laz\u0131md\u0131r. Q\u0259l\u0259b\u0259&hellip;","_links":{"self":[{"href":"https:\/\/arantv.az\/index.php?rest_route=\/wp\/v2\/posts\/383192"}],"collection":[{"href":"https:\/\/arantv.az\/index.php?rest_route=\/wp\/v2\/posts"}],"about":[{"href":"https:\/\/arantv.az\/index.php?rest_route=\/wp\/v2\/types\/post"}],"author":[{"embeddable":true,"href":"https:\/\/arantv.az\/index.php?rest_route=\/wp\/v2\/users\/2"}],"replies":[{"embeddable":true,"href":"https:\/\/arantv.az\/index.php?rest_route=%2Fwp%2Fv2%2Fcomments&post=383192"}],"version-history":[{"count":0,"href":"https:\/\/arantv.az\/index.php?rest_route=\/wp\/v2\/posts\/383192\/revisions"}],"wp:featuredmedia":[{"embeddable":true,"href":"https:\/\/arantv.az\/index.php?rest_route=\/wp\/v2\/media\/383193"}],"wp:attachment":[{"href":"https:\/\/arantv.az\/index.php?rest_route=%2Fwp%2Fv2%2Fmedia&parent=383192"}],"wp:term":[{"taxonomy":"category","embeddable":true,"href":"https:\/\/arantv.az\/index.php?rest_route=%2Fwp%2Fv2%2Fcategories&post=383192"},{"taxonomy":"post_tag","embeddable":true,"href":"https:\/\/arantv.az\/index.php?rest_route=%2Fwp%2Fv2%2Ftags&post=383192"}],"curies":[{"name":"wp","href":"https:\/\/api.w.org\/{rel}","templated":true}]}}