{"id":383195,"date":"2021-09-27T12:51:43","date_gmt":"2021-09-27T09:51:43","guid":{"rendered":"http:\/\/arantv.az\/?p=383195"},"modified":"2021-09-27T12:51:43","modified_gmt":"2021-09-27T09:51:43","slug":"ilham-%c9%99liyev-iran-tir-larinin-qarabaga-qanunsuz-s%c9%99f%c9%99rl%c9%99ri-bar%c9%99d%c9%99-saxtakarliga-%c9%99l-atdilar","status":"publish","type":"post","link":"https:\/\/arantv.az\/?p=383195","title":{"rendered":"\u0130lham \u018fliyev \u0130ran TIR-lar\u0131n\u0131n Qaraba\u011fa qanunsuz s\u0259f\u0259rl\u0259ri bar\u0259d\u0259: \u201cSaxtakarl\u0131\u011fa \u0259l atd\u0131lar\u201d"},"content":{"rendered":"<p>Prezident \u0130lham \u018fliyev \u0130ran y\u00fck ma\u015f\u0131nlar\u0131n\u0131n qanunsuz olaraq Qaraba\u011fa y\u00fck da\u015f\u0131mas\u0131ndan dan\u0131\u015f\u0131b.<\/p>\n<p>\u0130lham \u018fliyev \u201cAnadolu\u201dya m\u00fcsahib\u0259sind\u0259 deyib ki, \u0130ran TIR-lar\u0131n\u0131n qanunsuz \u015f\u0259kild\u0259 Qaraba\u011fa getm\u0259si ilk bel\u0259 hal deyil.<\/p>\n<p>\u201cBu, i\u015f\u011fal vaxt\u0131 da ba\u015f verdi. Bu TIR-lar ard\u0131c\u0131l \u015f\u0259kild\u0259 ora gedirdi. Bizim m\u0259lumatlar\u0131m\u0131z var idi, amma indiki kimi d\u0259qiq bilgi \u0259lb\u0259tt\u0259 ki, yox idi\u201d, &#8211; dey\u0259 \u0130lham \u018fliyev \u0259lav\u0259 edib.<\/p>\n<div id=\"AdviadNativeVideo0\" class=\"AdviadNativeVideo\"><\/div>\n<p>\u0130lham \u018fliyev daha sonra bildirib: \u201cBiz bunu g\u00f6z \u00f6n\u00fcn\u0259 g\u0259tir\u0259r\u0259k m\u00fcxt\u0259lif kanallarla \u0130rana naraz\u0131l\u0131\u011f\u0131m\u0131z\u0131 ifad\u0259 edirdik. Lakin bu proses davam edirdi. M\u00fcharib\u0259 bitdikd\u0259n sonra art\u0131q La\u00e7\u0131n d\u0259hlizi g\u00f6z\u00fcm\u00fcz\u00fcn \u00f6n\u00fcnd\u0259dir. Bizim h\u0259rbi m\u00f6vqel\u0259rimizd\u0259n Xank\u0259ndiy\u0259 ged\u0259n yola olan m\u0259saf\u0259 5-6 metrdir.<\/p>\n<p>Biz La\u00e7\u0131n d\u0259hlizi boyunca \u015eu\u015fa \u0259traf\u0131nda v\u0259 dig\u0259r b\u00f6lg\u0259l\u0259rd\u0259 kifay\u0259t q\u0259d\u0259r texniki izl\u0259m\u0259 imkanlar\u0131na malikik. Orada kameralar var. Peykd\u0259n istifad\u0259 edirik. Pilotsuz u\u00e7u\u015f aparatlar\u0131n\u0131 istifad\u0259 edirik. Biz g\u00f6rd\u00fck ki, TIR-lar m\u00fcharib\u0259d\u0259n sonra ora getm\u0259y\u0259 davam edir. M\u0259n Prezident Administrasiyas\u0131n\u0131n v\u0259zif\u0259li \u015f\u0259xsl\u0259rin\u0259 t\u0259limat verdim ki, \u0130ran\u0131n Az\u0259rbaycandak\u0131 s\u0259firi il\u0259 dan\u0131\u015fs\u0131nlar. Biz bunu r\u0259smiyy\u0259t\u0259 g\u0259tirm\u0259k ist\u0259mirdik. Dedik ki, dostca g\u00f6r\u00fc\u015fs\u00fcnl\u0259r v\u0259 buna son verilm\u0259sinin vacibliyini s\u00f6yl\u0259sinl\u0259r. \u00c7\u00fcnki, bu, biz\u0259 qar\u015f\u0131, \u0259razi b\u00fct\u00f6vl\u00fcy\u00fcm\u00fcz\u0259 qar\u015f\u0131 h\u00f6rm\u0259tsizlik idi, buna son verilm\u0259lidir. Bu g\u00f6r\u00fc\u015f s\u0259hv etmir\u0259ms\u0259, iyul ay\u0131nda oldu.<\/p>\n<p>Bundan sonra t\u0259bii ki, biz m\u0259s\u0259l\u0259ni izl\u0259m\u0259y\u0259 davam etdik, h\u0259r ay\u0131n \u0259vv\u0259lind\u0259 biz\u0259 m\u0259lumat g\u0259lirdi ki, \u0130ran TIR-lar\u0131na erm\u0259nic\u0259 yaz\u0131lar yap\u0131\u015fd\u0131rma\u011fa \u00e7al\u0131\u015f\u0131rlar. Y\u0259ni, bel\u0259 saxtakarl\u0131\u011fa \u0259l atd\u0131lar, bizi aldatma\u011fa \u00e7al\u0131\u015fd\u0131lar. Bunu el\u0259 s\u0259ri\u015ft\u0259sizlikl\u0259 etdil\u0259r ki, avtomobilin \u00fcz\u0259rind\u0259 yaz\u0131lar farsca, a\u015fa\u011f\u0131 hiss\u0259d\u0259 is\u0259 erm\u0259nic\u0259 idi\u201d.<\/p>\n<p>Prezident qeyd edib ki, \u0130ran f\u0259aliyy\u0259tini p\u0259rd\u0259l\u0259m\u0259k \u00fc\u00e7\u00fcn bu \u00fcsullara \u0259l at\u0131b.<\/p>\n<p>\u201cBu v\u0259ziyy\u0259td\u0259, bir ay ke\u00e7dikd\u0259n sonra biz r\u0259smi \u015f\u0259kild\u0259 \u0130rana diplomatik nota verdik. \u0130ran\u0131n Az\u0259rbaycandak\u0131 s\u0259firi Xarici \u0130\u015fl\u0259r Nazirliyin\u0259 \u00e7a\u011f\u0131r\u0131ld\u0131. Ona \u015fikay\u0259tl\u0259r bildirildi v\u0259 bu v\u0259ziyy\u0259t\u0259 son qoyulmas\u0131 \u00fc\u00e7\u00fcn xahi\u015f edildi. \u00dcmid edirdik ki, buna son veril\u0259c\u0259k. Lakin 11 avqust-11 sentyabr aras\u0131nda t\u0259xmin\u0259n 60 \u0130ran TIR-\u0131\u00a0qeyri-qanuni \u015f\u0259kild\u0259 Qaraba\u011fa do\u011fru h\u0259r\u0259k\u0259t etdi. Biz d\u0259 bunun qar\u015f\u0131s\u0131n\u0131 almaq \u00fc\u00e7\u00fcn praktiki add\u0131mlar atd\u0131q. Birinci d\u0259f\u0259 x\u0259b\u0259rdarl\u0131q, ikinci d\u0259f\u0259 r\u0259smi nota, \u00fc\u00e7\u00fcnc\u00fc d\u0259f\u0259d\u0259 is\u0259 postlar qurduq (Gorus-Qafan yolundak\u0131 postlardan s\u00f6hb\u0259t gedir). Bel\u0259c\u0259 biz Az\u0259rbaycan \u0259razisind\u0259n ke\u00e7\u0259n yolu yoxlama\u011fa ba\u015flad\u0131q v\u0259 sonra \u0130ran TIR-lar\u0131n\u0131n Qaraba\u011fa getm\u0259si s\u0131f\u0131ra endi. Bu v\u0259ziyy\u0259t\u0259 g\u0259tirm\u0259k laz\u0131m idimi?\u201d<\/p>\n","protected":false},"excerpt":{"rendered":"<p>Prezident \u0130lham \u018fliyev \u0130ran y\u00fck ma\u015f\u0131nlar\u0131n\u0131n qanunsuz olaraq Qaraba\u011fa y\u00fck da\u015f\u0131mas\u0131ndan dan\u0131\u015f\u0131b. \u0130lham \u018fliyev \u201cAnadolu\u201dya m\u00fcsahib\u0259sind\u0259 deyib ki, \u0130ran TIR-lar\u0131n\u0131n qanunsuz \u015f\u0259kild\u0259 Qaraba\u011fa getm\u0259si ilk bel\u0259 hal deyil. \u201cBu, i\u015f\u011fal vaxt\u0131 da ba\u015f verdi. Bu TIR-lar ard\u0131c\u0131l \u015f\u0259kild\u0259 ora gedirdi. Bizim m\u0259lumatlar\u0131m\u0131z var idi, amma indiki kimi d\u0259qiq bilgi \u0259lb\u0259tt\u0259 ki, yox idi\u201d, &#8211; dey\u0259 \u0130lham \u018fliyev \u0259lav\u0259 edib. \u0130lham \u018fliyev daha sonra bildirib: \u201cBiz bunu g\u00f6z \u00f6n\u00fcn\u0259 g\u0259tir\u0259r\u0259k m\u00fcxt\u0259lif kanallarla \u0130rana naraz\u0131l\u0131\u011f\u0131m\u0131z\u0131 ifad\u0259 edirdik. Lakin bu proses davam edirdi. M\u00fcharib\u0259 bitdikd\u0259n sonra art\u0131q La\u00e7\u0131n d\u0259hlizi g\u00f6z\u00fcm\u00fcz\u00fcn \u00f6n\u00fcnd\u0259dir. Bizim h\u0259rbi&hellip;<\/p>\n","protected":false},"author":2,"featured_media":383196,"comment_status":"closed","ping_status":"closed","sticky":false,"template":"","format":"standard","meta":{"om_disable_all_campaigns":false,"_monsterinsights_skip_tracking":false,"_monsterinsights_sitenote_active":false,"_monsterinsights_sitenote_note":"","_monsterinsights_sitenote_category":0},"categories":[4],"tags":[],"aioseo_notices":[],"gutentor_comment":0,"rttpg_featured_image_url":{"full":["https:\/\/arantv.az\/wp-content\/uploads\/2021\/09\/161493926752543073_1000x669.jpg",620,418,false],"landscape":["https:\/\/arantv.az\/wp-content\/uploads\/2021\/09\/161493926752543073_1000x669.jpg",620,418,false],"portraits":["https:\/\/arantv.az\/wp-content\/uploads\/2021\/09\/161493926752543073_1000x669.jpg",620,418,false],"thumbnail":["https:\/\/arantv.az\/wp-content\/uploads\/2021\/09\/161493926752543073_1000x669-500x280.jpg",500,280,true],"medium":["https:\/\/arantv.az\/wp-content\/uploads\/2021\/09\/161493926752543073_1000x669-541x365.jpg",541,365,true],"large":["https:\/\/arantv.az\/wp-content\/uploads\/2021\/09\/161493926752543073_1000x669.jpg",620,418,false],"1536x1536":["https:\/\/arantv.az\/wp-content\/uploads\/2021\/09\/161493926752543073_1000x669.jpg",620,418,false],"2048x2048":["https:\/\/arantv.az\/wp-content\/uploads\/2021\/09\/161493926752543073_1000x669.jpg",620,418,false],"post-thumbnail":["https:\/\/arantv.az\/wp-content\/uploads\/2021\/09\/161493926752543073_1000x669-240x172.jpg",240,172,true],"advps-thumb-one":["https:\/\/arantv.az\/wp-content\/uploads\/2021\/09\/161493926752543073_1000x669.jpg",620,418,false]},"rttpg_author":{"display_name":"V\u00fcsal Rafiqo\u011flu","author_link":"https:\/\/arantv.az\/?author=2"},"rttpg_comment":0,"rttpg_category":"<a href=\"https:\/\/arantv.az\/?cat=4\" rel=\"category\">Siyas\u0259t<\/a>","rttpg_excerpt":"Prezident \u0130lham \u018fliyev \u0130ran y\u00fck ma\u015f\u0131nlar\u0131n\u0131n qanunsuz olaraq Qaraba\u011fa y\u00fck da\u015f\u0131mas\u0131ndan dan\u0131\u015f\u0131b. \u0130lham \u018fliyev \u201cAnadolu\u201dya m\u00fcsahib\u0259sind\u0259 deyib ki, \u0130ran TIR-lar\u0131n\u0131n qanunsuz \u015f\u0259kild\u0259 Qaraba\u011fa getm\u0259si ilk bel\u0259 hal deyil. \u201cBu, i\u015f\u011fal vaxt\u0131 da ba\u015f verdi. Bu TIR-lar ard\u0131c\u0131l \u015f\u0259kild\u0259 ora gedirdi. Bizim m\u0259lumatlar\u0131m\u0131z var idi, amma indiki kimi d\u0259qiq bilgi \u0259lb\u0259tt\u0259 ki, yox idi\u201d, &#8211; dey\u0259&hellip;","_links":{"self":[{"href":"https:\/\/arantv.az\/index.php?rest_route=\/wp\/v2\/posts\/383195"}],"collection":[{"href":"https:\/\/arantv.az\/index.php?rest_route=\/wp\/v2\/posts"}],"about":[{"href":"https:\/\/arantv.az\/index.php?rest_route=\/wp\/v2\/types\/post"}],"author":[{"embeddable":true,"href":"https:\/\/arantv.az\/index.php?rest_route=\/wp\/v2\/users\/2"}],"replies":[{"embeddable":true,"href":"https:\/\/arantv.az\/index.php?rest_route=%2Fwp%2Fv2%2Fcomments&post=383195"}],"version-history":[{"count":0,"href":"https:\/\/arantv.az\/index.php?rest_route=\/wp\/v2\/posts\/383195\/revisions"}],"wp:featuredmedia":[{"embeddable":true,"href":"https:\/\/arantv.az\/index.php?rest_route=\/wp\/v2\/media\/383196"}],"wp:attachment":[{"href":"https:\/\/arantv.az\/index.php?rest_route=%2Fwp%2Fv2%2Fmedia&parent=383195"}],"wp:term":[{"taxonomy":"category","embeddable":true,"href":"https:\/\/arantv.az\/index.php?rest_route=%2Fwp%2Fv2%2Fcategories&post=383195"},{"taxonomy":"post_tag","embeddable":true,"href":"https:\/\/arantv.az\/index.php?rest_route=%2Fwp%2Fv2%2Ftags&post=383195"}],"curies":[{"name":"wp","href":"https:\/\/api.w.org\/{rel}","templated":true}]}}