{"id":383198,"date":"2021-09-27T12:52:35","date_gmt":"2021-09-27T09:52:35","guid":{"rendered":"http:\/\/arantv.az\/?p=383198"},"modified":"2021-09-27T12:52:35","modified_gmt":"2021-09-27T09:52:35","slug":"le-monde-erm%c9%99nil%c9%99r-ozl%c9%99ri-d%c9%99-anlayir-ki-susa-v%c9%99-dig%c9%99r-%c9%99razil%c9%99r%c9%99-geri-donus-mumkun-deyil","status":"publish","type":"post","link":"https:\/\/arantv.az\/?p=383198","title":{"rendered":"\u201cLe Monde\u201d: Erm\u0259nil\u0259r \u00f6zl\u0259ri d\u0259 anlay\u0131r ki, \u015eu\u015fa v\u0259 dig\u0259r \u0259razil\u0259r\u0259 geri d\u00f6n\u00fc\u015f m\u00fcmk\u00fcn deyil"},"content":{"rendered":"<p>Fransan\u0131n \u201cLe Monde\u201d n\u0259\u015fri m\u00fcharib\u0259d\u0259n bir il vaxt ke\u00e7dikd\u0259n sonra erm\u0259nil\u0259rin g\u00fcnd\u0259lik h\u0259yat\u0131n\u0131n nec\u0259 ke\u00e7m\u0259si bar\u0259d\u0259\u00a0<a href=\"https:\/\/www.lemonde.fr\/international\/article\/2021\/09\/25\/on-a-l-impression-d-etre-en-etat-de-siege-un-an-apres-la-guerre-la-vie-bouleversee-des-habitants-du-haut-karabakh_6096013_3210.html?fbclid=IwAR24vwFgZ1PjsZgRpxBstTXKGW8BW1rtZef6P2-e_v5D7clFCBtPbh-w8VI\" target=\"_blank\" rel=\"noopener\">m\u0259qal\u0259<\/a>\u00a0haz\u0131rlay\u0131b.<\/p>\n<p>N\u0259\u015fr\u0259 dan\u0131\u015fan &#8211; m\u00fcharib\u0259d\u0259n \u0259vv\u0259l \u015eu\u015fada ail\u0259si il\u0259 ya\u015fad\u0131\u011f\u0131n\u0131 v\u0259 s\u0259n\u0259d \u00fcz\u0259rind\u0259 guya h\u0259l\u0259 d\u0259 \u015eu\u015fadak\u0131 tarix muzeyinin direktoru oldu\u011funu s\u00f6yl\u0259y\u0259n A\u015fot Arutyunyan haz\u0131rda \u0130r\u0259vanda ki\u00e7ik m\u0259nzild\u0259 qald\u0131\u011f\u0131n\u0131 bildirib. Uzun ill\u0259r Az\u0259rbaycan\u0131n i\u015f\u011fal olunmu\u015f torpaqlar\u0131n\u0131 qanunsuz istismar ed\u0259n bu \u015f\u0259xs \u0130r\u0259vandak\u0131 g\u00fcz\u0259ran\u0131ndan naraz\u0131l\u0131\u011f\u0131n\u0131 dil\u0259 g\u0259tirib.<\/p>\n<p>El\u0259 yaz\u0131n\u0131n m\u00fc\u0259llifi d\u0259 i\u015f\u011fal amilin\u0259 diqq\u0259t \u00e7\u0259kib.\u00a0O,\u00a0bildirib ki, erm\u0259nil\u0259r Birinci Qaraba\u011f m\u00fcharib\u0259sind\u0259 Da\u011fl\u0131q Qaraba\u011f v\u0259 \u0259trafdak\u0131 \u0259razil\u0259ri i\u015f\u011fal ed\u0259r\u0259k 600 min az\u0259rbaycanl\u0131n\u0131 bu \u0259razil\u0259rd\u0259n qovub.<\/p>\n<div id=\"AdviadNativeVideo0\" class=\"AdviadNativeVideo\"><\/div>\n<p>M\u00fc\u0259llif eyni zamanda m\u00f6vcud siyasi \u015f\u0259rait\u0259 d\u0259 toxunub v\u0259 Erm\u0259nistan\u0131n ba\u015f naziri Nikol Pa\u015finyan\u0131n Az\u0259rbaycan v\u0259 Rusiya qar\u015f\u0131s\u0131nda m\u00f6vqeyinin haz\u0131rda olduqca z\u0259if oldu\u011funu vur\u011fulay\u0131b.<\/p>\n<p>M\u0259qal\u0259d\u0259 qeyd olunub ki, Erm\u0259nistanda i\u015fsizlik s\u0259viyy\u0259si art\u0131b, Az\u0259rbaycan\u0131n i\u015f\u011faldan azad etdiyi \u0259razil\u0259rd\u0259 ya\u015fayan 30 min erm\u0259ninin \u0259ks\u0259riyy\u0259ti fermer olub v\u0259 haz\u0131rda onlar\u0131n \u0259kinl\u0259 m\u0259\u015f\u011ful oldu\u011fu sah\u0259l\u0259rin 60 faizi \u0259ld\u0259n gedib. Yaz\u0131da eyni zamanda \u0259sas problemin t\u0259hl\u00fck\u0259sizlik m\u0259s\u0259l\u0259si oldu\u011fu v\u0259 haz\u0131rda erm\u0259nil\u0259rin h\u0259r t\u0259r\u0259fd\u0259n \u201cd\u00fc\u015fm\u0259n\u201dl\u0259 \u0259hat\u0259l\u0259ndiyi qeyd olunub.<\/p>\n<p>\u201cLe Monde\u201d bildirir ki, Az\u0259rbaycan \u015eu\u015fan\u0131 m\u0259d\u0259niyy\u0259t paytaxt\u0131 elan edib, i\u015f\u011faldan azad olunmu\u015f \u0259razil\u0259rd\u0259 yenid\u0259nqurma i\u015fl\u0259rinin h\u0259yata ke\u00e7irilm\u0259si \u00fc\u00e7\u00fcn fond t\u0259sis edilib, \u015eu\u015faya art\u0131q s\u0259f\u0259rl\u0259r\u00a0ba\u015flan\u0131b v\u0259 Az\u0259rbaycan\u00a0\u015f\u0259h\u0259ri turizm m\u0259rk\u0259zin\u0259 \u00e7evirm\u0259k m\u0259qs\u0259dini qar\u015f\u0131s\u0131na qoyub.<\/p>\n<p>Az\u0259rbaycan ordusunun q\u0259l\u0259b\u0259si il\u0259 n\u0259tic\u0259l\u0259n\u0259n m\u00fcharib\u0259d\u0259n sonra bu \u0259razil\u0259r\u0259 qay\u0131tm\u0131\u015f erm\u0259nil\u0259r is\u0259 g\u00f6r\u00fcn\u00fcr ki, \u0259vv\u0259lki kimi rahat ya\u015faya bilmir. N\u0259\u015fr onlar\u0131n \u00e7oxsayl\u0131 probleml\u0259ri aras\u0131nda m\u0259nzil v\u0259 i\u015f q\u0131tl\u0131\u011f\u0131, n\u0259zar\u0259t-burax\u0131l\u0131\u015f m\u0259nt\u0259q\u0259l\u0259rinin \u00e7oxlu\u011fu v\u0259 \u201cdaimi etibars\u0131zl\u0131q\u201d kimi amill\u0259ri vur\u011fulay\u0131r.<\/p>\n<p>\u201cLe Monde\u201dnin m\u0259qal\u0259sind\u0259 ayd\u0131n olur ki, Erm\u0259nistanda qalan A\u015fot Arutyunyan kimi erm\u0259nil\u0259r d\u0259 he\u00e7 vaxt \u015eu\u015fa v\u0259 i\u015f\u011faldan azad edilmi\u015f dig\u0259r \u0259razil\u0259rd\u0259 \u0259vv\u0259ll\u0259r ya\u015fad\u0131qlar\u0131 h\u0259yata qay\u0131da bilm\u0259y\u0259c\u0259yini d\u00fc\u015f\u00fcn\u00fcr. Art\u0131q erm\u0259nil\u0259r \u00f6zl\u0259ri d\u0259 anlay\u0131r ki, geri d\u00f6n\u00fc\u015f m\u00fcmk\u00fcn deyil. \u00c7\u00fcnki Az\u0259rbaycan i\u015f\u011fala son qoyub v\u0259 bu torpaqlar\u0131n \u0259sl sahibl\u0259ri qay\u0131d\u0131b. Uzun ill\u0259r torpaqlar\u0131m\u0131z\u0131 qanunsuz istismar ed\u0259nl\u0259r is\u0259 burada art\u0131q ist\u0259dikl\u0259rini\u00a0tapa bilm\u0259y\u0259c\u0259kl\u0259rini d\u0259rk edirl\u0259r. Onlar n\u0259 \u201cLe Monde\u201d n\u0259\u015frinin g\u00f6st\u0259rdiyi kimi m\u0259nzil, i\u015f, n\u0259zar\u0259t-burax\u0131l\u0131\u015f m\u0259nt\u0259q\u0259l\u0259ri kimi probleml\u0259rl\u0259 \u00fczl\u0259\u015fm\u0259k, n\u0259 d\u0259 h\u0259min \u0259razil\u0259r\u0259 geri d\u00f6nm\u0259k fikrind\u0259 deyill\u0259r.<\/p>\n","protected":false},"excerpt":{"rendered":"<p>Fransan\u0131n \u201cLe Monde\u201d n\u0259\u015fri m\u00fcharib\u0259d\u0259n bir il vaxt ke\u00e7dikd\u0259n sonra erm\u0259nil\u0259rin g\u00fcnd\u0259lik h\u0259yat\u0131n\u0131n nec\u0259 ke\u00e7m\u0259si bar\u0259d\u0259\u00a0m\u0259qal\u0259\u00a0haz\u0131rlay\u0131b. N\u0259\u015fr\u0259 dan\u0131\u015fan &#8211; m\u00fcharib\u0259d\u0259n \u0259vv\u0259l \u015eu\u015fada ail\u0259si il\u0259 ya\u015fad\u0131\u011f\u0131n\u0131 v\u0259 s\u0259n\u0259d \u00fcz\u0259rind\u0259 guya h\u0259l\u0259 d\u0259 \u015eu\u015fadak\u0131 tarix muzeyinin direktoru oldu\u011funu s\u00f6yl\u0259y\u0259n A\u015fot Arutyunyan haz\u0131rda \u0130r\u0259vanda ki\u00e7ik m\u0259nzild\u0259 qald\u0131\u011f\u0131n\u0131 bildirib. Uzun ill\u0259r Az\u0259rbaycan\u0131n i\u015f\u011fal olunmu\u015f torpaqlar\u0131n\u0131 qanunsuz istismar ed\u0259n bu \u015f\u0259xs \u0130r\u0259vandak\u0131 g\u00fcz\u0259ran\u0131ndan naraz\u0131l\u0131\u011f\u0131n\u0131 dil\u0259 g\u0259tirib. El\u0259 yaz\u0131n\u0131n m\u00fc\u0259llifi d\u0259 i\u015f\u011fal amilin\u0259 diqq\u0259t \u00e7\u0259kib.\u00a0O,\u00a0bildirib ki, erm\u0259nil\u0259r Birinci Qaraba\u011f m\u00fcharib\u0259sind\u0259 Da\u011fl\u0131q Qaraba\u011f v\u0259 \u0259trafdak\u0131 \u0259razil\u0259ri i\u015f\u011fal ed\u0259r\u0259k 600 min az\u0259rbaycanl\u0131n\u0131 bu \u0259razil\u0259rd\u0259n qovub. M\u00fc\u0259llif eyni zamanda&hellip;<\/p>\n","protected":false},"author":2,"featured_media":383199,"comment_status":"closed","ping_status":"closed","sticky":false,"template":"","format":"standard","meta":{"om_disable_all_campaigns":false,"_monsterinsights_skip_tracking":false,"_monsterinsights_sitenote_active":false,"_monsterinsights_sitenote_note":"","_monsterinsights_sitenote_category":0},"categories":[4],"tags":[],"aioseo_notices":[],"gutentor_comment":0,"rttpg_featured_image_url":{"full":["https:\/\/arantv.az\/wp-content\/uploads\/2021\/09\/FotoJet-2021-09-27T133807.195.jpg",620,413,false],"landscape":["https:\/\/arantv.az\/wp-content\/uploads\/2021\/09\/FotoJet-2021-09-27T133807.195.jpg",620,413,false],"portraits":["https:\/\/arantv.az\/wp-content\/uploads\/2021\/09\/FotoJet-2021-09-27T133807.195.jpg",620,413,false],"thumbnail":["https:\/\/arantv.az\/wp-content\/uploads\/2021\/09\/FotoJet-2021-09-27T133807.195-500x280.jpg",500,280,true],"medium":["https:\/\/arantv.az\/wp-content\/uploads\/2021\/09\/FotoJet-2021-09-27T133807.195-548x365.jpg",548,365,true],"large":["https:\/\/arantv.az\/wp-content\/uploads\/2021\/09\/FotoJet-2021-09-27T133807.195.jpg",620,413,false],"1536x1536":["https:\/\/arantv.az\/wp-content\/uploads\/2021\/09\/FotoJet-2021-09-27T133807.195.jpg",620,413,false],"2048x2048":["https:\/\/arantv.az\/wp-content\/uploads\/2021\/09\/FotoJet-2021-09-27T133807.195.jpg",620,413,false],"post-thumbnail":["https:\/\/arantv.az\/wp-content\/uploads\/2021\/09\/FotoJet-2021-09-27T133807.195-240x172.jpg",240,172,true],"advps-thumb-one":["https:\/\/arantv.az\/wp-content\/uploads\/2021\/09\/FotoJet-2021-09-27T133807.195.jpg",620,413,false]},"rttpg_author":{"display_name":"V\u00fcsal Rafiqo\u011flu","author_link":"https:\/\/arantv.az\/?author=2"},"rttpg_comment":0,"rttpg_category":"<a href=\"https:\/\/arantv.az\/?cat=4\" rel=\"category\">Siyas\u0259t<\/a>","rttpg_excerpt":"Fransan\u0131n \u201cLe Monde\u201d n\u0259\u015fri m\u00fcharib\u0259d\u0259n bir il vaxt ke\u00e7dikd\u0259n sonra erm\u0259nil\u0259rin g\u00fcnd\u0259lik h\u0259yat\u0131n\u0131n nec\u0259 ke\u00e7m\u0259si bar\u0259d\u0259\u00a0m\u0259qal\u0259\u00a0haz\u0131rlay\u0131b. N\u0259\u015fr\u0259 dan\u0131\u015fan &#8211; m\u00fcharib\u0259d\u0259n \u0259vv\u0259l \u015eu\u015fada ail\u0259si il\u0259 ya\u015fad\u0131\u011f\u0131n\u0131 v\u0259 s\u0259n\u0259d \u00fcz\u0259rind\u0259 guya h\u0259l\u0259 d\u0259 \u015eu\u015fadak\u0131 tarix muzeyinin direktoru oldu\u011funu s\u00f6yl\u0259y\u0259n A\u015fot Arutyunyan haz\u0131rda \u0130r\u0259vanda ki\u00e7ik m\u0259nzild\u0259 qald\u0131\u011f\u0131n\u0131 bildirib. Uzun ill\u0259r Az\u0259rbaycan\u0131n i\u015f\u011fal olunmu\u015f torpaqlar\u0131n\u0131 qanunsuz istismar ed\u0259n bu&hellip;","_links":{"self":[{"href":"https:\/\/arantv.az\/index.php?rest_route=\/wp\/v2\/posts\/383198"}],"collection":[{"href":"https:\/\/arantv.az\/index.php?rest_route=\/wp\/v2\/posts"}],"about":[{"href":"https:\/\/arantv.az\/index.php?rest_route=\/wp\/v2\/types\/post"}],"author":[{"embeddable":true,"href":"https:\/\/arantv.az\/index.php?rest_route=\/wp\/v2\/users\/2"}],"replies":[{"embeddable":true,"href":"https:\/\/arantv.az\/index.php?rest_route=%2Fwp%2Fv2%2Fcomments&post=383198"}],"version-history":[{"count":0,"href":"https:\/\/arantv.az\/index.php?rest_route=\/wp\/v2\/posts\/383198\/revisions"}],"wp:featuredmedia":[{"embeddable":true,"href":"https:\/\/arantv.az\/index.php?rest_route=\/wp\/v2\/media\/383199"}],"wp:attachment":[{"href":"https:\/\/arantv.az\/index.php?rest_route=%2Fwp%2Fv2%2Fmedia&parent=383198"}],"wp:term":[{"taxonomy":"category","embeddable":true,"href":"https:\/\/arantv.az\/index.php?rest_route=%2Fwp%2Fv2%2Fcategories&post=383198"},{"taxonomy":"post_tag","embeddable":true,"href":"https:\/\/arantv.az\/index.php?rest_route=%2Fwp%2Fv2%2Ftags&post=383198"}],"curies":[{"name":"wp","href":"https:\/\/api.w.org\/{rel}","templated":true}]}}