{"id":383204,"date":"2021-09-27T12:58:44","date_gmt":"2021-09-27T09:58:44","guid":{"rendered":"http:\/\/arantv.az\/?p=383204"},"modified":"2021-09-27T12:58:44","modified_gmt":"2021-09-27T09:58:44","slug":"gurcustanda-v%c9%99t%c9%99n-muharib%c9%99si-s%c9%99hidl%c9%99ri-anildi","status":"publish","type":"post","link":"https:\/\/arantv.az\/?p=383204","title":{"rendered":"G\u00fcrc\u00fcstanda V\u0259t\u0259n m\u00fcharib\u0259si \u015f\u0259hidl\u0259ri an\u0131ld\u0131"},"content":{"rendered":"<p>Az\u0259rbaycan\u0131n G\u00fcrc\u00fcstandak\u0131 s\u0259firliyind\u0259 An\u0131m G\u00fcn\u00fcn\u0259 h\u0259sr olunan m\u0259rasim ke\u00e7irilib.<\/p>\n<p><strong>ARANTV.AZ\u00a0<\/strong> x\u0259b\u0259r verir ki, i\u015ftirak\u00e7\u0131lar saat 12:00-da bir d\u0259qiq\u0259lik s\u00fckutla V\u0259t\u0259n m\u00fcharib\u0259si \u015f\u0259hidl\u0259rinin xatir\u0259sini ehtiramla yad edibl\u0259r.<\/p>\n<div id=\"AdviadNativeVideo0\" class=\"AdviadNativeVideo\"><\/div>\n<p>M\u0259rasimd\u0259 Az\u0259rbaycan v\u0259 T\u00fcrkiy\u0259nin h\u0259rbi atta\u015fel\u0259ri &#8211; polkovnik-leytenant Fuad \u0130brahimov v\u0259 polkovnik Murat Alt\u0131n\u0259r, s\u0259firlik v\u0259 SOCAR \u015firk\u0259tinin \u0259m\u0259kda\u015flar\u0131, G\u00fcrc\u00fcstan\u0131n ictimai xadiml\u0259ri, az\u0259rbaycanl\u0131 icman\u0131n \u00fczvl\u0259ri, K\u0130V t\u0259msil\u00e7il\u0259ri i\u015ftirak edibl\u0259r.<\/p>\n<p>S\u0259firliyin m\u00fc\u015faviri Eldar Bayramov \u00e7\u0131x\u0131\u015f\u0131nda bildirib ki, bu g\u00fcn h\u0259m\u00e7inin Suxumi \u015f\u0259h\u0259rinin s\u00fcqutundan 28 il \u00f6t\u00fcr v\u0259 m\u0259rasimd\u0259 Abxaziya m\u00fcnaqi\u015f\u0259sind\u0259 h\u0259lak olanlar\u0131n da xatir\u0259si an\u0131l\u0131r.<\/p>\n<p>T\u0259dbir \u00e7\u0259r\u00e7iv\u0259sind\u0259 V\u0259t\u0259n m\u00fcharib\u0259si, Erm\u0259nistan\u0131n Az\u0259rbaycana qar\u015f\u0131 h\u0259rbi cinay\u0259tl\u0259ri v\u0259 Z\u0259f\u0259r sevincini \u0259ks etdir\u0259n foto\u015f\u0259kill\u0259r d\u0259 s\u0259rgil\u0259nib.<\/p>\n","protected":false},"excerpt":{"rendered":"<p>Az\u0259rbaycan\u0131n G\u00fcrc\u00fcstandak\u0131 s\u0259firliyind\u0259 An\u0131m G\u00fcn\u00fcn\u0259 h\u0259sr olunan m\u0259rasim ke\u00e7irilib. ARANTV.AZ\u00a0 x\u0259b\u0259r verir ki, i\u015ftirak\u00e7\u0131lar saat 12:00-da bir d\u0259qiq\u0259lik s\u00fckutla V\u0259t\u0259n m\u00fcharib\u0259si \u015f\u0259hidl\u0259rinin xatir\u0259sini ehtiramla yad edibl\u0259r. M\u0259rasimd\u0259 Az\u0259rbaycan v\u0259 T\u00fcrkiy\u0259nin h\u0259rbi atta\u015fel\u0259ri &#8211; polkovnik-leytenant Fuad \u0130brahimov v\u0259 polkovnik Murat Alt\u0131n\u0259r, s\u0259firlik v\u0259 SOCAR \u015firk\u0259tinin \u0259m\u0259kda\u015flar\u0131, G\u00fcrc\u00fcstan\u0131n ictimai xadiml\u0259ri, az\u0259rbaycanl\u0131 icman\u0131n \u00fczvl\u0259ri, K\u0130V t\u0259msil\u00e7il\u0259ri i\u015ftirak edibl\u0259r. S\u0259firliyin m\u00fc\u015faviri Eldar Bayramov \u00e7\u0131x\u0131\u015f\u0131nda bildirib ki, bu g\u00fcn h\u0259m\u00e7inin Suxumi \u015f\u0259h\u0259rinin s\u00fcqutundan 28 il \u00f6t\u00fcr v\u0259 m\u0259rasimd\u0259 Abxaziya m\u00fcnaqi\u015f\u0259sind\u0259 h\u0259lak olanlar\u0131n da xatir\u0259si an\u0131l\u0131r. T\u0259dbir \u00e7\u0259r\u00e7iv\u0259sind\u0259 V\u0259t\u0259n m\u00fcharib\u0259si, Erm\u0259nistan\u0131n Az\u0259rbaycana qar\u015f\u0131 h\u0259rbi cinay\u0259tl\u0259ri v\u0259&hellip;<\/p>\n","protected":false},"author":2,"featured_media":383205,"comment_status":"closed","ping_status":"closed","sticky":false,"template":"","format":"standard","meta":{"om_disable_all_campaigns":false,"_monsterinsights_skip_tracking":false,"_monsterinsights_sitenote_active":false,"_monsterinsights_sitenote_note":"","_monsterinsights_sitenote_category":0},"categories":[26],"tags":[],"aioseo_notices":[],"gutentor_comment":0,"rttpg_featured_image_url":{"full":["https:\/\/arantv.az\/wp-content\/uploads\/2021\/09\/FotoJet-2021-09-27T121051.306.jpg",620,413,false],"landscape":["https:\/\/arantv.az\/wp-content\/uploads\/2021\/09\/FotoJet-2021-09-27T121051.306.jpg",620,413,false],"portraits":["https:\/\/arantv.az\/wp-content\/uploads\/2021\/09\/FotoJet-2021-09-27T121051.306.jpg",620,413,false],"thumbnail":["https:\/\/arantv.az\/wp-content\/uploads\/2021\/09\/FotoJet-2021-09-27T121051.306-500x280.jpg",500,280,true],"medium":["https:\/\/arantv.az\/wp-content\/uploads\/2021\/09\/FotoJet-2021-09-27T121051.306-548x365.jpg",548,365,true],"large":["https:\/\/arantv.az\/wp-content\/uploads\/2021\/09\/FotoJet-2021-09-27T121051.306.jpg",620,413,false],"1536x1536":["https:\/\/arantv.az\/wp-content\/uploads\/2021\/09\/FotoJet-2021-09-27T121051.306.jpg",620,413,false],"2048x2048":["https:\/\/arantv.az\/wp-content\/uploads\/2021\/09\/FotoJet-2021-09-27T121051.306.jpg",620,413,false],"post-thumbnail":["https:\/\/arantv.az\/wp-content\/uploads\/2021\/09\/FotoJet-2021-09-27T121051.306-240x172.jpg",240,172,true],"advps-thumb-one":["https:\/\/arantv.az\/wp-content\/uploads\/2021\/09\/FotoJet-2021-09-27T121051.306.jpg",620,413,false]},"rttpg_author":{"display_name":"V\u00fcsal Rafiqo\u011flu","author_link":"https:\/\/arantv.az\/?author=2"},"rttpg_comment":0,"rttpg_category":"<a href=\"https:\/\/arantv.az\/?cat=26\" rel=\"category\">Sosial<\/a>","rttpg_excerpt":"Az\u0259rbaycan\u0131n G\u00fcrc\u00fcstandak\u0131 s\u0259firliyind\u0259 An\u0131m G\u00fcn\u00fcn\u0259 h\u0259sr olunan m\u0259rasim ke\u00e7irilib. ARANTV.AZ\u00a0 x\u0259b\u0259r verir ki, i\u015ftirak\u00e7\u0131lar saat 12:00-da bir d\u0259qiq\u0259lik s\u00fckutla V\u0259t\u0259n m\u00fcharib\u0259si \u015f\u0259hidl\u0259rinin xatir\u0259sini ehtiramla yad edibl\u0259r. M\u0259rasimd\u0259 Az\u0259rbaycan v\u0259 T\u00fcrkiy\u0259nin h\u0259rbi atta\u015fel\u0259ri &#8211; polkovnik-leytenant Fuad \u0130brahimov v\u0259 polkovnik Murat Alt\u0131n\u0259r, s\u0259firlik v\u0259 SOCAR \u015firk\u0259tinin \u0259m\u0259kda\u015flar\u0131, G\u00fcrc\u00fcstan\u0131n ictimai xadiml\u0259ri, az\u0259rbaycanl\u0131 icman\u0131n \u00fczvl\u0259ri, K\u0130V t\u0259msil\u00e7il\u0259ri i\u015ftirak edibl\u0259r.&hellip;","_links":{"self":[{"href":"https:\/\/arantv.az\/index.php?rest_route=\/wp\/v2\/posts\/383204"}],"collection":[{"href":"https:\/\/arantv.az\/index.php?rest_route=\/wp\/v2\/posts"}],"about":[{"href":"https:\/\/arantv.az\/index.php?rest_route=\/wp\/v2\/types\/post"}],"author":[{"embeddable":true,"href":"https:\/\/arantv.az\/index.php?rest_route=\/wp\/v2\/users\/2"}],"replies":[{"embeddable":true,"href":"https:\/\/arantv.az\/index.php?rest_route=%2Fwp%2Fv2%2Fcomments&post=383204"}],"version-history":[{"count":0,"href":"https:\/\/arantv.az\/index.php?rest_route=\/wp\/v2\/posts\/383204\/revisions"}],"wp:featuredmedia":[{"embeddable":true,"href":"https:\/\/arantv.az\/index.php?rest_route=\/wp\/v2\/media\/383205"}],"wp:attachment":[{"href":"https:\/\/arantv.az\/index.php?rest_route=%2Fwp%2Fv2%2Fmedia&parent=383204"}],"wp:term":[{"taxonomy":"category","embeddable":true,"href":"https:\/\/arantv.az\/index.php?rest_route=%2Fwp%2Fv2%2Fcategories&post=383204"},{"taxonomy":"post_tag","embeddable":true,"href":"https:\/\/arantv.az\/index.php?rest_route=%2Fwp%2Fv2%2Ftags&post=383204"}],"curies":[{"name":"wp","href":"https:\/\/api.w.org\/{rel}","templated":true}]}}